{"id":7131,"date":"2015-03-02T10:26:14","date_gmt":"2015-03-02T13:26:14","guid":{"rendered":"http:\/\/www.maisbn.com\/portal\/?p=7131"},"modified":"2015-03-02T10:27:17","modified_gmt":"2015-03-02T13:27:17","slug":"prefeitura-de-belmonte-inaugura-creche-modelo-em-barrolandia","status":"publish","type":"post","link":"https:\/\/www.maisbn.com\/portal\/2015\/03\/prefeitura-de-belmonte-inaugura-creche-modelo-em-barrolandia\/","title":{"rendered":"Prefeitura de Belmonte inaugura creche modelo em Barrol\u00e2ndia."},"content":{"rendered":"<p><a href=\"http:\/\/www.maisbn.com\/portal\/wp-content\/uploads\/2015\/03\/Image00006.jpg\"><img loading=\"lazy\" decoding=\"async\" class=\"aligncenter size-full wp-image-7132\" src=\"http:\/\/www.maisbn.com\/portal\/wp-content\/uploads\/2015\/03\/Image00006.jpg\" alt=\"Image00006\" width=\"650\" height=\"336\" \/><\/a><\/p>\n<p><span style=\"color: #000000;\">A prefeitura municipal de Belmonte atrav\u00e9s da prefeita Alice Maria Britto (PP), inaugurou neste domingo (01-03) por volta de 10 horas, uma creche no per\u00edmetro urbano do distrito de Barrol\u00e2ndia, a administra\u00e7\u00e3o est\u00e1 levando mais um investimentos para o distrito, uma Creche cujos recursos s\u00e3o do Governo Federal, atrav\u00e9s do FNDE (Pr\u00f3-inf\u00e2ncia), que destinou os recursos para a constru\u00e7\u00e3o da creche para o desenvolvimento do programa que visam a melhoria da qualidade educacional do munic\u00edpio.<\/span><\/p>\n<p><a href=\"http:\/\/www.maisbn.com\/portal\/wp-content\/uploads\/2015\/03\/creche.jpg\"><img loading=\"lazy\" decoding=\"async\" class=\"aligncenter size-full wp-image-7133\" src=\"http:\/\/www.maisbn.com\/portal\/wp-content\/uploads\/2015\/03\/creche.jpg\" alt=\"creche\" width=\"600\" height=\"343\" \/><\/a><\/p>\n<p><span style=\"color: #000000;\">Os recursos no valor de R$1.242,100,90( hum milh\u00e3o, duzentos e quarenta e dois mil, cem reais e noventa centavos). O munic\u00edpio, disponibilizou um terreno com uma \u00e1rea de 1.118m\u00b2, onde foi constru\u00eddo o pr\u00e9dio contendo 08(oito) salas, e depend\u00eancias\u00a0assim distribu\u00eddas: Sala Creche 1, sala creche 2, sala creche 3, pr\u00e9-escola, \u00e1rea de servi\u00e7o, refeit\u00f3rio, p\u00e1tio, sala multiuso, anfiteatro, playground, administra\u00e7\u00e3o,\u00a0 estacionamento e sanit\u00e1rios.<\/span><\/p>\n<p><a href=\"http:\/\/www.maisbn.com\/portal\/wp-content\/uploads\/2015\/03\/Image00010.jpg\"><img loading=\"lazy\" decoding=\"async\" class=\"aligncenter size-full wp-image-7134\" src=\"http:\/\/www.maisbn.com\/portal\/wp-content\/uploads\/2015\/03\/Image00010.jpg\" alt=\"Image00010\" width=\"650\" height=\"336\" \/><\/a><\/p>\n<p><span style=\"color: #000000;\">Para o Secret\u00e1rio Municipal de Educa\u00e7\u00e3o Claudio Teodoro, disse que a comunidade barrolandense ganha com a constru\u00e7\u00e3o da creche, um marco na educa\u00e7\u00e3o infantil, at\u00e9 ent\u00e3o a educa\u00e7\u00e3o municipal n\u00e3o atendia essa demanda de crian\u00e7as.<\/span><\/p>\n<p><a href=\"http:\/\/www.maisbn.com\/portal\/wp-content\/uploads\/2015\/03\/Image00012.jpg\"><img loading=\"lazy\" decoding=\"async\" class=\"aligncenter size-full wp-image-7135\" src=\"http:\/\/www.maisbn.com\/portal\/wp-content\/uploads\/2015\/03\/Image00012.jpg\" alt=\"Image00012\" width=\"650\" height=\"338\" \/><\/a><\/p>\n<p><span style=\"color: #000000;\">De acordo com a prefeita Alice Maria Britto (PP), a inaugura\u00e7\u00e3o da creche trar\u00e1 mais tranquilidade para as pessoas que precisam deixar as crian\u00e7as sob a responsabilidade de algu\u00e9m enquanto trabalham.\u00a0 \u201cIremos dar condi\u00e7\u00f5es para que as m\u00e3es ou respons\u00e1veis possam trabalhar fora e deixem os filhos em um lugar seguro e confort\u00e1vel\u201d. Usaram tamb\u00e9m da palavra, a diretora da creche Glaucia Suzart, os secret\u00e1rios Carlos Cruz e Albervan Nunes, vereador Edalvo Matos, o administrador Marcos Passos e o funcion\u00e1rio Fernando Jos\u00e9.<\/span><\/p>\n<p><a href=\"http:\/\/www.maisbn.com\/portal\/wp-content\/uploads\/2015\/03\/Image00009.jpg\"><img loading=\"lazy\" decoding=\"async\" class=\"aligncenter size-full wp-image-7136\" src=\"http:\/\/www.maisbn.com\/portal\/wp-content\/uploads\/2015\/03\/Image00009.jpg\" alt=\"Image00009\" width=\"650\" height=\"334\" \/><\/a><\/p>\n<p><span style=\"color: #000000;\">O Pr\u00f3-inf\u00e2ncia \u00e9 um programa do Governo Federal criado para apoiar os munic\u00edpios que assinaram o termo de ades\u00e3o ao plano de metas Compromisso Todos pela Educa\u00e7\u00e3o e elaboraram o Plano de A\u00e7\u00f5es Articuladas (PAR). Os recursos destinam-se \u00e0 constru\u00e7\u00e3o e aquisi\u00e7\u00e3o de equipamentos e mobili\u00e1rio para creches e pr\u00e9-escolas p\u00fablicas da educa\u00e7\u00e3o infantil.<\/span><\/p>\n<p><a href=\"http:\/\/www.maisbn.com\/portal\/wp-content\/uploads\/2015\/03\/Image200001.jpg\"><img loading=\"lazy\" decoding=\"async\" class=\"aligncenter size-full wp-image-7137\" src=\"http:\/\/www.maisbn.com\/portal\/wp-content\/uploads\/2015\/03\/Image200001.jpg\" alt=\"Image200001\" width=\"650\" height=\"335\" \/><\/a><\/p>\n<p><span style=\"color: #000000;\">A solenidade de inaugura\u00e7\u00e3o contou com a presen\u00e7a, da gestora Alice Maria Britto que estava acompanhada do esposo Edson Britto, vereadores Edalvo Mattos e Idinho, Secret\u00e1rios; Claudio Teodoro da Educa\u00e7\u00e3o, Carlos Cruz da infra-estrutura, Jos\u00e9 Raymundo do Interior e Albervan Nunes da A\u00e7\u00e3o Social, professores, funcion\u00e1rios e comunidade.<\/span><\/p>\n<p><span style=\"color: #000000;\">A Creche recebeu o nome de Maria Nilda Gerc\u00eaz da Cruz, e contou com apresenta\u00e7\u00e3o de palha\u00e7os e malabarista do circo Tok que esta se apresentando em Barrol\u00e2ndia. A prefeita Alice, que iria participar de outras atividades em Boca do C\u00f3rrego, cancelou e retornou a Belmonte onde estar\u00e1 acompanhando o vel\u00f3rio e eterno de Jorge Alberto, filho de sua amiga Dinah Nascimento.<\/span><\/p>\n<p><span style=\"color: #ff0000;\"><em><strong>TEXTO: DJALMA PONTES<\/strong><\/em><\/span><\/p>\n<p><span style=\"color: #ff0000;\"><em><strong>FOTOS:CERIVAN<\/strong><\/em><\/span><\/p>\n","protected":false},"excerpt":{"rendered":"<p>A prefeitura municipal de Belmonte atrav\u00e9s da prefeita Alice Maria Britto (PP), inaugurou neste domingo (01-03) por volta de 10 horas, uma creche no per\u00edmetro urbano do distrito de Barrol\u00e2ndia, a administra\u00e7\u00e3o est\u00e1 levando mais um investimentos para o distrito, uma Creche cujos recursos s\u00e3o do Governo Federal, atrav\u00e9s do FNDE (Pr\u00f3-inf\u00e2ncia), que destinou os [&hellip;]<\/p>\n","protected":false},"author":7,"featured_media":7137,"comment_status":"open","ping_status":"open","sticky":false,"template":"","format":"standard","meta":{"footnotes":""},"categories":[8,1],"tags":[165,108],"class_list":["post-7131","post","type-post","status-publish","format-standard","has-post-thumbnail","hentry","category-educacao","category-noticias","tag-barrolandia","tag-belmonte"],"_links":{"self":[{"href":"https:\/\/www.maisbn.com\/portal\/wp-json\/wp\/v2\/posts\/7131","targetHints":{"allow":["GET"]}}],"collection":[{"href":"https:\/\/www.maisbn.com\/portal\/wp-json\/wp\/v2\/posts"}],"about":[{"href":"https:\/\/www.maisbn.com\/portal\/wp-json\/wp\/v2\/types\/post"}],"author":[{"embeddable":true,"href":"https:\/\/www.maisbn.com\/portal\/wp-json\/wp\/v2\/users\/7"}],"replies":[{"embeddable":true,"href":"https:\/\/www.maisbn.com\/portal\/wp-json\/wp\/v2\/comments?post=7131"}],"version-history":[{"count":3,"href":"https:\/\/www.maisbn.com\/portal\/wp-json\/wp\/v2\/posts\/7131\/revisions"}],"predecessor-version":[{"id":7140,"href":"https:\/\/www.maisbn.com\/portal\/wp-json\/wp\/v2\/posts\/7131\/revisions\/7140"}],"wp:featuredmedia":[{"embeddable":true,"href":"https:\/\/www.maisbn.com\/portal\/wp-json\/wp\/v2\/media\/7137"}],"wp:attachment":[{"href":"https:\/\/www.maisbn.com\/portal\/wp-json\/wp\/v2\/media?parent=7131"}],"wp:term":[{"taxonomy":"category","embeddable":true,"href":"https:\/\/www.maisbn.com\/portal\/wp-json\/wp\/v2\/categories?post=7131"},{"taxonomy":"post_tag","embeddable":true,"href":"https:\/\/www.maisbn.com\/portal\/wp-json\/wp\/v2\/tags?post=7131"}],"curies":[{"name":"wp","href":"https:\/\/api.w.org\/{rel}","templated":true}]}}