{"id":7106,"date":"2015-02-26T07:47:27","date_gmt":"2015-02-26T10:47:27","guid":{"rendered":"http:\/\/www.maisbn.com\/portal\/?p=7106"},"modified":"2015-02-26T07:48:39","modified_gmt":"2015-02-26T10:48:39","slug":"fabrica-da-veracel-mais-eficiencia-menos-odor","status":"publish","type":"post","link":"https:\/\/www.maisbn.com\/portal\/2015\/02\/fabrica-da-veracel-mais-eficiencia-menos-odor\/","title":{"rendered":"F\u00e1brica da Veracel: mais efici\u00eancia menos odor."},"content":{"rendered":"<p><a href=\"http:\/\/www.maisbn.com\/portal\/wp-content\/uploads\/2014\/11\/veracel_fabrica.jpg\"><img loading=\"lazy\" decoding=\"async\" class=\"aligncenter size-full wp-image-6410\" src=\"http:\/\/www.maisbn.com\/portal\/wp-content\/uploads\/2014\/11\/veracel_fabrica.jpg\" alt=\"Veracel em Janeiro 2007\" width=\"640\" height=\"278\" \/><\/a><\/p>\n<p><span style=\"color: #000000;\">O ano de 2014 trouxe importantes conquistas e aprendizados para \u00e1rea ambiental da Veracel. Dentre essas conquistas, est\u00e1 o n\u00famero de registros de percep\u00e7\u00e3o de odor na comunidade proveniente da atividade industrial. Em 2014, foram apenas 02 registros na regi\u00e3o do entorno da f\u00e1brica, ante tr\u00eas em 2013, sete em 2012. Esse indicador reflete o aprendizado da equipe e os investimentos ambientais realizados pela empresa. Os registros s\u00e3o feitos por moradores da regi\u00e3o que, ao identificarem o cheiro caracter\u00edstico, entram em contato com a empresa para alertar sobre a ocorr\u00eancia. Essas pessoas s\u00e3o volunt\u00e1rios que formam a Rede de Percep\u00e7\u00e3o de Odor (RPO), em atividade desde 2005.<\/span><\/p>\n<p><span style=\"color: #000000;\">A Veracel tem uma condi\u00e7\u00e3o diferenciada de outras empresas do setor que emitem este odor continuamente. Apesar de n\u00e3o ser nocivo \u00e0 sa\u00fade, \u00e9 sens\u00edvel ao olfato. Por este motivo, a empresa tem na redu\u00e7\u00e3o das ocorr\u00eancias, ano a ano, uma evid\u00eancia de melhoria da qualidade ambiental da opera\u00e7\u00e3o industrial. Os Volunt\u00e1rios s\u00e3o praticamente os mesmos desde a forma\u00e7\u00e3o da rede e esse fato mostra que o rigor e comprometimento dessas pessoas nos registros de percep\u00e7\u00e3o de odor vem sendo mantido ao longo dos anos. \u00a0\u201cO decl\u00ednio do indicador de percep\u00e7\u00e3o de odor na comunidade v\u00eam nos mostrando que estamos melhorando, e isto nos d\u00e1 seguran\u00e7a de que estamos na dire\u00e7\u00e3o certa\u201d, destaca o diretor de Opera\u00e7\u00f5es da Veracel, Ari Medeiros.<\/span><\/p>\n<p><span style=\"color: #000000;\">Para Eliane Pontes, volunt\u00e1ria da rede e professora no distrito de Mundo Novo, em Eun\u00e1polis, poder participar da RPO \u00e9 motivo de grande orgulho para ela, pois acredita estar prestando um servi\u00e7o \u00e0 sua comunidade. \u201cAl\u00e9m de informar a empresa sobre poss\u00edveis ocorr\u00eancias de odor, tamb\u00e9m orientamos as pessoas onde moramos sobre as opera\u00e7\u00f5es da empresa\u201d, esclarece a volunt\u00e1ria.<\/span><\/p>\n<h3><span style=\"color: #000000;\">Encontro anual<\/span><\/h3>\n<p><span style=\"color: #000000;\">A d\u00e9cima edi\u00e7\u00e3o do encontro anual da Rede de Percep\u00e7\u00e3o de Odor da Veracel (RPO) aconteceu neste fevereiro e reuniu volunt\u00e1rios da Rede e seus convidados.<\/span><\/p>\n<p><span style=\"color: #000000;\">O tema do encontro da RPO este ano foi sobre a import\u00e2ncia do relacionamento. A RPO \u00e9 um dos importantes canais de relacionamento entre a empresa e a comunidade e \u00e9 uma forma r\u00e1pida e eficiente de comunica\u00e7\u00e3o. O objetivo desses encontros \u00e9 validar o n\u00famero de registros de percep\u00e7\u00e3o de odor na comunidade e realizar o treinamento dos volunt\u00e1rios na percep\u00e7\u00e3o de odor. \u201cOlhando para a RPO de uma forma mais ampla, esses encontros tem como objetivo manter os volunt\u00e1rios motivados para reportarem qualquer ocorr\u00eancia de percep\u00e7\u00e3o de odor na comunidade durante o ano. Esta \u00e9 uma forma eficaz da empresa poder rever os seus processos em busca da melhoria cont\u00ednua\u201d, acrescenta o coordenador de Controle Ambiental da Veracel, Tarciso Matos.<\/span><\/p>\n<p><span style=\"color: #000000;\">Na ocasi\u00e3o, al\u00e9m de treinamento e atualiza\u00e7\u00e3o dos conhecimentos para a identifica\u00e7\u00e3o de ocorr\u00eancias de odor nas comunidades, os volunt\u00e1rios e os seus convidados tiveram a oportunidade de conhecer a\u00e7\u00f5es de desenvolvimento socioambiental da Veracel orientadas pelo di\u00e1logo com p\u00fablicos de interesse e com as diversas comunidades em que a empresa atua. \u201cQueremos entend\u00ea-los melhor, para produzirmos com pr\u00e1ticas sustent\u00e1veis\u201d, destacou o gestor de Relacionamento com a Comunidade, Pedro Cardoso.<\/span><\/p>\n<h3><span style=\"color: #000000;\">Odor monitorado<\/span><\/h3>\n<p><span style=\"color: #000000;\">A RPO foi criada em dezembro de 2005 com a finalidade de atendimento a uma condicionante ambiental da licen\u00e7a de opera\u00e7\u00e3o industrial, emitida pelo INEMA. Para isso, foi elaborado um estudo de dispers\u00e3o atmosf\u00e9rica promovido pela empresa Cetrel, onde foram determinadas as \u00e1reas com maior probabilidade de alcance do odor da f\u00e1brica \u2013 caso ocorra alguma anormalidade \u2013 e de acordo com a varia\u00e7\u00e3o dos ventos. Atualmente a RPO conta com 25 volunt\u00e1rios, moradores de Itapebi, Itagimirim, Eun\u00e1polis (incluindo a sede do mun\u00edcipio, o distrito de Mundo Novo e o distrito de Projeto Maravilha), Vera Cruz \u2013 distrito de Porto Seguro) e Belmonte (incluindo a sede do munic\u00edpio e os distritos de Barrol\u00e2ndia e Santa Maria Eterna). Ao perceber o odor da f\u00e1brica, o volunt\u00e1rio comunica a percep\u00e7\u00e3o por meio de um n\u00famero gr\u00e1tis e fala diretamente com o coordenador da f\u00e1brica.<\/span><\/p>\n<p><span style=\"color: #000000;\">Para mais informa\u00e7\u00f5es, cr\u00edticas ou sugest\u00f5es, utilize o canal Fale Conosco do site <a style=\"color: #000000;\" href=\"http:\/\/www.veracel.com.br\/\">www.veracel.com.br<\/a><\/span><\/p>\n","protected":false},"excerpt":{"rendered":"<p>O ano de 2014 trouxe importantes conquistas e aprendizados para \u00e1rea ambiental da Veracel. Dentre essas conquistas, est\u00e1 o n\u00famero de registros de percep\u00e7\u00e3o de odor na comunidade proveniente da atividade industrial. Em 2014, foram apenas 02 registros na regi\u00e3o do entorno da f\u00e1brica, ante tr\u00eas em 2013, sete em 2012. Esse indicador reflete o [&hellip;]<\/p>\n","protected":false},"author":7,"featured_media":6410,"comment_status":"open","ping_status":"open","sticky":false,"template":"","format":"standard","meta":{"footnotes":""},"categories":[29,1],"tags":[30,588],"class_list":["post-7106","post","type-post","status-publish","format-standard","has-post-thumbnail","hentry","category-empreendimentos","category-noticias","tag-veracel","tag-veracel-celulose-sa"],"_links":{"self":[{"href":"https:\/\/www.maisbn.com\/portal\/wp-json\/wp\/v2\/posts\/7106","targetHints":{"allow":["GET"]}}],"collection":[{"href":"https:\/\/www.maisbn.com\/portal\/wp-json\/wp\/v2\/posts"}],"about":[{"href":"https:\/\/www.maisbn.com\/portal\/wp-json\/wp\/v2\/types\/post"}],"author":[{"embeddable":true,"href":"https:\/\/www.maisbn.com\/portal\/wp-json\/wp\/v2\/users\/7"}],"replies":[{"embeddable":true,"href":"https:\/\/www.maisbn.com\/portal\/wp-json\/wp\/v2\/comments?post=7106"}],"version-history":[{"count":2,"href":"https:\/\/www.maisbn.com\/portal\/wp-json\/wp\/v2\/posts\/7106\/revisions"}],"predecessor-version":[{"id":7108,"href":"https:\/\/www.maisbn.com\/portal\/wp-json\/wp\/v2\/posts\/7106\/revisions\/7108"}],"wp:featuredmedia":[{"embeddable":true,"href":"https:\/\/www.maisbn.com\/portal\/wp-json\/wp\/v2\/media\/6410"}],"wp:attachment":[{"href":"https:\/\/www.maisbn.com\/portal\/wp-json\/wp\/v2\/media?parent=7106"}],"wp:term":[{"taxonomy":"category","embeddable":true,"href":"https:\/\/www.maisbn.com\/portal\/wp-json\/wp\/v2\/categories?post=7106"},{"taxonomy":"post_tag","embeddable":true,"href":"https:\/\/www.maisbn.com\/portal\/wp-json\/wp\/v2\/tags?post=7106"}],"curies":[{"name":"wp","href":"https:\/\/api.w.org\/{rel}","templated":true}]}}