{"id":7095,"date":"2015-02-23T09:00:33","date_gmt":"2015-02-23T12:00:33","guid":{"rendered":"http:\/\/www.maisbn.com\/portal\/?p=7095"},"modified":"2015-02-23T09:00:33","modified_gmt":"2015-02-23T12:00:33","slug":"secretario-de-educacao-de-guaratinga-esclarece-uso-indevido-de-onibus-escolar-durante-o-carnaval","status":"publish","type":"post","link":"https:\/\/www.maisbn.com\/portal\/2015\/02\/secretario-de-educacao-de-guaratinga-esclarece-uso-indevido-de-onibus-escolar-durante-o-carnaval\/","title":{"rendered":"Secret\u00e1rio de Educa\u00e7\u00e3o de Guaratinga esclarece uso indevido de \u00f4nibus escolar durante o carnaval."},"content":{"rendered":"<div id=\"attachment_7096\" style=\"width: 650px\" class=\"wp-caption aligncenter\"><a href=\"http:\/\/www.maisbn.com\/portal\/wp-content\/uploads\/2015\/02\/secretariodeguaratinga.jpg\"><img loading=\"lazy\" decoding=\"async\" aria-describedby=\"caption-attachment-7096\" class=\"wp-image-7096 size-full\" src=\"http:\/\/www.maisbn.com\/portal\/wp-content\/uploads\/2015\/02\/secretariodeguaratinga.jpg\" alt=\"secretariodeguaratinga\" width=\"640\" height=\"360\" \/><\/a><p id=\"caption-attachment-7096\" class=\"wp-caption-text\">Secret\u00e1rio de Educa\u00e7\u00e3o de Guaratinga, Paulo Galdino Mares.<\/p><\/div>\n<p>&nbsp;<\/p>\n<p>O secret\u00e1rio de Educa\u00e7\u00e3o de Guaratinga, Paulo Galdino Mares, apresentou, na sexta-feira (20), sua vers\u00e3o sobre o uso de dois \u00f4nibus escolares para viagens durante o carnaval. Os ve\u00edculos foram apreendidos pela Pol\u00edcia Rodovi\u00e1ria Federal no final da tarde de ter\u00e7a-feira (17), quando retornavam a Guaratinga. Pelo menos um dos passageiros estava em traje de banho.<\/p>\n<p>Segundo o secret\u00e1rio, os ve\u00edculos teriam sido disponibilizados por n\u00e3o haver transporte escolar naquele per\u00edodo. Um ve\u00edculo teria sido cedido a membros da Igreja Cat\u00f3lica para um evento religioso na cidade de Eun\u00e1polis. O outro teria sido para cumprimento de compromisso com professores do munic\u00edpio em Porto Seguro. Segundo ele, a den\u00fancia do uso indevido dos \u00f4nibus poderia ter partido de algum usu\u00e1rio do ve\u00edculo. As den\u00fancias constam que o \u00f4nibus escolar estava sendo usado para transportar &#8220;turistas&#8221; da cidade para curtir o carnaval de Porto Seguro.<\/p>\n<p><a href=\"http:\/\/www.maisbn.com\/portal\/wp-content\/uploads\/2015\/02\/guaratinga.jpg\"><img loading=\"lazy\" decoding=\"async\" class=\"aligncenter size-full wp-image-7097\" src=\"http:\/\/www.maisbn.com\/portal\/wp-content\/uploads\/2015\/02\/guaratinga.jpg\" alt=\"guaratinga\" width=\"640\" height=\"362\" \/><\/a><\/p>\n<p>Embora os \u00f4nibus tenham sido liberados para seguir viagem com os passageiros, a documenta\u00e7\u00e3o ficou apreendida e ser\u00e1 encaminhada, juntamente com o relato da Pol\u00edcia Rodovi\u00e1ria Federal, ao Minist\u00e9rio P\u00fablico Federal, para apura\u00e7\u00e3o da den\u00fancia por uso indevido dos ve\u00edculos, doados \u00e0 prefeitura de Guaratinga pelo Governo Federal, atrav\u00e9s do programa Caminho da Escola.<\/p>\n<p>Sob o aspecto legal, pouco importa se os passageiros que estavam no \u00f4nibus escolar eram foli\u00f5es que havia pulado o carnaval ou fi\u00e9is cat\u00f3licos que retornavam de evento em Eun\u00e1polis, pois a resolu\u00e7\u00e3o n\u00ba 45 do FNDE (Fundo Nacional de Desenvolvimento da Educa\u00e7\u00e3o), \u201co uso dos ve\u00edculos do programa Caminho da Escola adquiridos por prefeitos e governadores de todo o pa\u00eds devem ser usados exclusivamente no transporte de estudantes das redes p\u00fablicas\u201d. Ressaltamos tamb\u00e9m que esse n\u00e3o \u00e9 um fato isolado, j\u00e1 que, essa pr\u00e1tica \u00e9 bastante difundida entre as Prefeituras de toda a regi\u00e3o. N\u00e3o \u00e9 raro ver \u00f4nibus escolares, fora do per\u00edodo de aulas, transportando os mais diversos p\u00fablicos para um variado n\u00famero de eventos. Esperamos que, com esse exemplo, essa pr\u00e1tica chegue ao fim e que esses ve\u00edculos sejam usados somente para o seu devido fim que \u00e9 o transporte escolar em per\u00edodos de aulas.<\/p>\n","protected":false},"excerpt":{"rendered":"<p>&nbsp; O secret\u00e1rio de Educa\u00e7\u00e3o de Guaratinga, Paulo Galdino Mares, apresentou, na sexta-feira (20), sua vers\u00e3o sobre o uso de dois \u00f4nibus escolares para viagens durante o carnaval. Os ve\u00edculos foram apreendidos pela Pol\u00edcia Rodovi\u00e1ria Federal no final da tarde de ter\u00e7a-feira (17), quando retornavam a Guaratinga. Pelo menos um dos passageiros estava em traje [&hellip;]<\/p>\n","protected":false},"author":7,"featured_media":7097,"comment_status":"open","ping_status":"open","sticky":false,"template":"","format":"standard","meta":{"footnotes":""},"categories":[45,1],"tags":[610],"class_list":["post-7095","post","type-post","status-publish","format-standard","has-post-thumbnail","hentry","category-cidades","category-noticias","tag-guaratinga"],"_links":{"self":[{"href":"https:\/\/www.maisbn.com\/portal\/wp-json\/wp\/v2\/posts\/7095","targetHints":{"allow":["GET"]}}],"collection":[{"href":"https:\/\/www.maisbn.com\/portal\/wp-json\/wp\/v2\/posts"}],"about":[{"href":"https:\/\/www.maisbn.com\/portal\/wp-json\/wp\/v2\/types\/post"}],"author":[{"embeddable":true,"href":"https:\/\/www.maisbn.com\/portal\/wp-json\/wp\/v2\/users\/7"}],"replies":[{"embeddable":true,"href":"https:\/\/www.maisbn.com\/portal\/wp-json\/wp\/v2\/comments?post=7095"}],"version-history":[{"count":1,"href":"https:\/\/www.maisbn.com\/portal\/wp-json\/wp\/v2\/posts\/7095\/revisions"}],"predecessor-version":[{"id":7098,"href":"https:\/\/www.maisbn.com\/portal\/wp-json\/wp\/v2\/posts\/7095\/revisions\/7098"}],"wp:featuredmedia":[{"embeddable":true,"href":"https:\/\/www.maisbn.com\/portal\/wp-json\/wp\/v2\/media\/7097"}],"wp:attachment":[{"href":"https:\/\/www.maisbn.com\/portal\/wp-json\/wp\/v2\/media?parent=7095"}],"wp:term":[{"taxonomy":"category","embeddable":true,"href":"https:\/\/www.maisbn.com\/portal\/wp-json\/wp\/v2\/categories?post=7095"},{"taxonomy":"post_tag","embeddable":true,"href":"https:\/\/www.maisbn.com\/portal\/wp-json\/wp\/v2\/tags?post=7095"}],"curies":[{"name":"wp","href":"https:\/\/api.w.org\/{rel}","templated":true}]}}