{"id":7063,"date":"2015-02-19T09:14:40","date_gmt":"2015-02-19T12:14:40","guid":{"rendered":"http:\/\/www.maisbn.com\/portal\/?p=7063"},"modified":"2015-02-19T09:38:55","modified_gmt":"2015-02-19T12:38:55","slug":"ze-gomes-homicida-temido-em-belmonte-e-morto-em-operacao-policial-em-minas-gerais","status":"publish","type":"post","link":"https:\/\/www.maisbn.com\/portal\/2015\/02\/ze-gomes-homicida-temido-em-belmonte-e-morto-em-operacao-policial-em-minas-gerais\/","title":{"rendered":"Z\u00e9 Gomes, homicida temido em Belmonte \u00e9 morto em opera\u00e7\u00e3o policial em Minas Gerais."},"content":{"rendered":"<div><a href=\"http:\/\/www.maisbn.com\/portal\/wp-content\/uploads\/2015\/02\/zegomes01.jpg\"><img loading=\"lazy\" decoding=\"async\" class=\"aligncenter size-full wp-image-7064\" src=\"http:\/\/www.maisbn.com\/portal\/wp-content\/uploads\/2015\/02\/zegomes01.jpg\" alt=\"zegomes01\" width=\"509\" height=\"480\" \/><\/a><\/div>\n<p><span style=\"color: #000000;\">Jos\u00e9 Gomes da Silva Filho \u201cFalc\u00e3o\u201d, 36 anos, morreu ao trocar tiros com a Pol\u00edcia Militar de Santa B\u00e1rbara. Falc\u00e3o era o l\u00edder da quadrilha que foi desmantelada pela PM daquela cidade, segundo informa\u00e7\u00f5es do site Fatos de Minas.<\/span><\/p>\n<p><span style=\"color: #000000;\">Segundo o site, na noite de domingo dia 15 de fevereiro, a Central da PM de Santa B\u00e1rbara recebeu a denuncia, de que suspeitos haviam invadido as depend\u00eancias de uma escola. Militares foram ao local averiguar e suspeitava-se de que uma quadrilha de ladr\u00f5es estava circulando pela cidade.<\/span><\/p>\n<p><span style=\"color: #000000;\">Durante a verifica\u00e7\u00e3o na escola, os PMs receberam nova denuncia, informando que ao perceber a presen\u00e7a das viaturas no bairro Vista Alegre, suspeitos teriam escondido um ve\u00edculo nos fundos de uma resid\u00eancia. O vigia de uma escola viu quando dois bandidos teriam entrado no matagal e de imediato, a PM realizou o cerco, momento em que os suspeitos atiraram contra os militares, que revidaram os tiros.<\/span><\/p>\n<p><span style=\"color: #000000;\">Enquanto esperavam pelo refor\u00e7o, uma nova denuncia chegou aos PMs, informando que um dos infratores havia sa\u00eddo do matagal e escondido na casa de Jos\u00e9 S\u00e9rgio Ferreira Filho \u201cZ\u00e9 Capeta\u201d, 48 anos. Os militares foram ao local e prenderam Sanzio Milit\u00e3o de Souza, 36 anos, que estava armado com rev\u00f3lver calibre .32, com uma muni\u00e7\u00e3o deflagrada e quatro intactas. Ele alegou ser foragido do presidio de Teixeira de Freitas (BA), onde cumpria pena por homic\u00eddio. Na casa estavam Z\u00e9 Capeta, dois adolescentes de 12 e 14 anos, tamb\u00e9m Simone do Ros\u00e1rio Santos, 19 anos, que afirmou ser namorada do adolescente de 12 anos. Z\u00e9 capeta disse que n\u00e3o praticou os roubos, mas escondia os infratores que s\u00e3o oriundos do Estado da Bahia e tinha combinado com eles, que s\u00f3 n\u00e3o poderiam cometer os crimes no bairro onde morava. Os outros suspeitos confirmaram assaltos nas cidades de Sabar\u00e1, Bar\u00e3o de Cocais, Itabira, S\u00e3o Gon\u00e7alo do Rio Abaixo, Jo\u00e3o Monlevade e Bela Vista de Minas, onde nesta ultima cidade, roubaram o Ford Focus, placa GYI 8614. Na casa foi apreendido tamb\u00e9m uma motocicleta Yamaha DT-180 de trilha, cor branca, sem placa e diversas pe\u00e7as roupas com etiquetas de novas, que seriam de origem criminosa. Todo o material foi aprendido.<\/span><\/p>\n<div>\n<div id=\"attachment_7065\" style=\"width: 650px\" class=\"wp-caption aligncenter\"><a href=\"http:\/\/www.maisbn.com\/portal\/wp-content\/uploads\/2015\/02\/zegomes_comparsas.jpg\"><img loading=\"lazy\" decoding=\"async\" aria-describedby=\"caption-attachment-7065\" class=\"wp-image-7065 size-full\" src=\"http:\/\/www.maisbn.com\/portal\/wp-content\/uploads\/2015\/02\/zegomes_comparsas.jpg\" alt=\"zegomes_comparsas\" width=\"640\" height=\"480\" \/><\/a><p id=\"caption-attachment-7065\" class=\"wp-caption-text\">Z\u00e9 Gomes \u00e9 abatido e comparsas presos.<\/p><\/div>\n<\/div>\n<p><span style=\"color: #000000;\">Em ato continuo, os militares entraram na mata e foram surpreendidos por Falc\u00e3o, que gritou \u201cperdeu, perdeu\u201d e atirou diversas vezes contra os militares, que revidaram os tiros. Em seguida os PMs localizaram Falc\u00e3o com um tiro na coxa. Ele foi levado ao Hospital Nossa Senhora Aparecida, mas n\u00e3o resistiu aos ferimentos e morreu. Com ele foi apreendido uma pistola 380.<\/span><\/p>\n<p><span style=\"color: #000000;\">Quando os militares estavam redigindo a ocorr\u00eancia, foram informados que Gisele de Jesus Barcelos, 35 anos, estava escondendo dois suspeitos em sua casa, sendo Greicy Kely Filo de Souza, 25 anos, namorada de Falc\u00e3o e um adolescente de 17 anos.<\/span><\/p>\n<p><span style=\"color: #000000;\">Todos os suspeitos foram presos e aprendidos e podem responder pelos crimes de corrup\u00e7\u00e3o de menores, roubo e forma\u00e7\u00e3o de quadrilha.<\/span><\/p>\n<p><span style=\"color: #000000;\">A quadrilha \u00e9 suspeita de roubo a m\u00e3o armada de ve\u00edculo na cidade de Sabar\u00e1, roubo a posto de combust\u00edvel em Itabira, roubo a posto de combust\u00edvel em S\u00e3o Gon\u00e7alo do Rio Abaixo, roubo a posto de combust\u00edvel no Distrito de Cocais, Bar\u00e3o de Cocais, roubo de ve\u00edculo na cidade de Bela Vista de Minas e roubo a mercearia em Santa B\u00e1rbara.<\/span><\/p>\n<div><span style=\"color: #000000;\">\u00a0<\/span><\/div>\n<div>\n<div id=\"attachment_6827\" style=\"width: 430px\" class=\"wp-caption aligncenter\"><a href=\"http:\/\/www.maisbn.com\/portal\/wp-content\/uploads\/2015\/01\/w_checon.jpg\"><img loading=\"lazy\" decoding=\"async\" aria-describedby=\"caption-attachment-6827\" class=\"size-full wp-image-6827\" src=\"http:\/\/www.maisbn.com\/portal\/wp-content\/uploads\/2015\/01\/w_checon.jpg\" alt=\"O fazendeiro Wanderley Checon foi atingido por v\u00e1rios tiros, um deles na cabe\u00e7a.\" width=\"420\" height=\"360\" srcset=\"https:\/\/www.maisbn.com\/portal\/wp-content\/uploads\/2015\/01\/w_checon.jpg 420w, https:\/\/www.maisbn.com\/portal\/wp-content\/uploads\/2015\/01\/w_checon-408x350.jpg 408w\" sizes=\"auto, (max-width: 420px) 100vw, 420px\" \/><\/a><p id=\"caption-attachment-6827\" class=\"wp-caption-text\">O fazendeiro Wanderley Checon, morto a tiros por Z\u00e9 Gomes<\/p><\/div>\n<\/div>\n<p><span style=\"color: #000000;\">\u00a0Z\u00e9 Gomes ou Falc\u00e3o, tamb\u00e9m \u00e9 acusado pela morte do fazendeiro Wanderley Checon Dias, 56 anos que foi morto a tiros na zona rural de Santa Cruz Cabr\u00e1lia. Z\u00e9 Gomes, na \u00e9poca, estava com mais 03 comparsas e acredita-se que o mesmo matou o fazendeiro porque a v\u00edtima teria tido um caso com sua ex-mulher. Z\u00e9 Gomes ainda \u00e9 acusado de v\u00e1rios assaltos e roubos de ve\u00edculos nas regi\u00f5es de Barrol\u00e2ndia, Ponto Central, Guai\u00fa, Mugiqui\u00e7aba, Santo Antonio e Santo Andr\u00e9. Ainda se tem not\u00edcias de dois assaltos \u00e0 m\u00e3o armada acontecidos durante o carnaval de Belmonte onde as v\u00edtimas acusaram Z\u00e9 Gomes de ter cometido o delito, segundo informa\u00e7\u00f5es, o mesmo no momento do fato estava em uma moto e acompanhado por comparsas.<\/span><\/p>\n","protected":false},"excerpt":{"rendered":"<p>Jos\u00e9 Gomes da Silva Filho \u201cFalc\u00e3o\u201d, 36 anos, morreu ao trocar tiros com a Pol\u00edcia Militar de Santa B\u00e1rbara. Falc\u00e3o era o l\u00edder da quadrilha que foi desmantelada pela PM daquela cidade, segundo informa\u00e7\u00f5es do site Fatos de Minas. Segundo o site, na noite de domingo dia 15 de fevereiro, a Central da PM de [&hellip;]<\/p>\n","protected":false},"author":7,"featured_media":7064,"comment_status":"closed","ping_status":"open","sticky":false,"template":"","format":"standard","meta":{"footnotes":""},"categories":[1,16],"tags":[108],"class_list":["post-7063","post","type-post","status-publish","format-standard","has-post-thumbnail","hentry","category-noticias","category-policial","tag-belmonte"],"_links":{"self":[{"href":"https:\/\/www.maisbn.com\/portal\/wp-json\/wp\/v2\/posts\/7063","targetHints":{"allow":["GET"]}}],"collection":[{"href":"https:\/\/www.maisbn.com\/portal\/wp-json\/wp\/v2\/posts"}],"about":[{"href":"https:\/\/www.maisbn.com\/portal\/wp-json\/wp\/v2\/types\/post"}],"author":[{"embeddable":true,"href":"https:\/\/www.maisbn.com\/portal\/wp-json\/wp\/v2\/users\/7"}],"replies":[{"embeddable":true,"href":"https:\/\/www.maisbn.com\/portal\/wp-json\/wp\/v2\/comments?post=7063"}],"version-history":[{"count":0,"href":"https:\/\/www.maisbn.com\/portal\/wp-json\/wp\/v2\/posts\/7063\/revisions"}],"wp:featuredmedia":[{"embeddable":true,"href":"https:\/\/www.maisbn.com\/portal\/wp-json\/wp\/v2\/media\/7064"}],"wp:attachment":[{"href":"https:\/\/www.maisbn.com\/portal\/wp-json\/wp\/v2\/media?parent=7063"}],"wp:term":[{"taxonomy":"category","embeddable":true,"href":"https:\/\/www.maisbn.com\/portal\/wp-json\/wp\/v2\/categories?post=7063"},{"taxonomy":"post_tag","embeddable":true,"href":"https:\/\/www.maisbn.com\/portal\/wp-json\/wp\/v2\/tags?post=7063"}],"curies":[{"name":"wp","href":"https:\/\/api.w.org\/{rel}","templated":true}]}}