{"id":6959,"date":"2015-02-12T09:39:08","date_gmt":"2015-02-12T12:39:08","guid":{"rendered":"http:\/\/www.maisbn.com\/portal\/?p=6959"},"modified":"2015-02-12T10:47:47","modified_gmt":"2015-02-12T13:47:47","slug":"jovem-e-pego-com-drogas-tenta-reagir-com-arma-de-fogo-e-e-alvejado-pelos-policiais","status":"publish","type":"post","link":"https:\/\/www.maisbn.com\/portal\/2015\/02\/jovem-e-pego-com-drogas-tenta-reagir-com-arma-de-fogo-e-e-alvejado-pelos-policiais\/","title":{"rendered":"Jovem \u00e9 pego com drogas, tenta reagir com arma de fogo e \u00e9 alvejado pelos policiais."},"content":{"rendered":"<div id=\"attachment_6960\" style=\"width: 328px\" class=\"wp-caption alignleft\"><a href=\"http:\/\/www.maisbn.com\/portal\/wp-content\/uploads\/2015\/02\/telerik_edited_image_2015_02_12_09_22_46.jpg\"><img loading=\"lazy\" decoding=\"async\" aria-describedby=\"caption-attachment-6960\" class=\"wp-image-6960\" src=\"http:\/\/www.maisbn.com\/portal\/wp-content\/uploads\/2015\/02\/telerik_edited_image_2015_02_12_09_22_46.jpg\" alt=\"telerik_edited_image_2015_02_12_09_22_46\" width=\"318\" height=\"393\" \/><\/a><p id=\"caption-attachment-6960\" class=\"wp-caption-text\">Material apreendido com o menor que tentou contra os policiais e foi alvejado.<\/p><\/div>\n<p>A Policia Militar de Belmonte nos \u00faltimos dias vem desencadeando a\u00e7\u00f5es no intuito de desarticular as quadrilhas de traficantes que atuam na cidade que, em sua maioria, est\u00e3o sendo formadas por jovens que se rendem \u00e0 tenta\u00e7\u00e3o do poder e a armadilha mortal causada pelo v\u00edcio das drogas. A primeira a\u00e7\u00e3o aconteceu na segunda-feira (09\/02) onde os policiais procuravam um menor acusado de uma tentativa de homic\u00eddio acontecida na manh\u00e3 do mesmo dia. A v\u00edtima identificada como sendo Welderlan Nascimento Santos foi atingida por um golpe de faca na perna, foi atendida e levada para o Hospital Dr. Jos\u00e9 da Costa Pinto Dantas. A guarni\u00e7\u00e3o da Policia Militar de posse das informa\u00e7\u00f5es saiu em dilig\u00eancia em busca dos acusados que seriam dois irm\u00e3os menores, um de 14 anos e outro de 16 anos, e que um dos envolvidos ainda estava com uma arma de fogo para concluir o atentado, n\u00e3o conseguindo porque a v\u00edtima conseguiu fugir.<\/p>\n<p>A primeira parte da dilig\u00eancia aconteceu na Rua Floriano Peixoto, no Bairro da Biela, onde os policiais receberam a informa\u00e7\u00e3o de que um dos menores acusado pela tentativa de homic\u00eddio acima estaria nessa localidade traficando. Com a aproxima\u00e7\u00e3o dos policiais o menor citado, que estava de posse de uma arma de fogo, conseguiu escapar, mas foram apreendidos mais outros dois menores que estavam com ele identificados pelas iniciais A.B.O e Y.S.H, ambos de 17 anos.<\/p>\n<p>Na delegacia os policiais receberam uma informa\u00e7\u00e3o an\u00f4nima de que havia um grupo de jovens traficando no Bairro Bom Jardim e que os dois jovens acusados pela tentativa de homic\u00eddio estariam no local e armados. Chegando ao local os envolvidos correram ao perceber a aproxima\u00e7\u00e3o dos policiais e um menor identificado pelas iniciais L.G.E, de 16 anos, estava armado com um rev\u00f3lver calibre .22 e tentou reagir sendo alvejado pela guarni\u00e7\u00e3o no bra\u00e7o esquerdo. Com o menor foram encontrados 16 pedras de crack, uma bucha de maconha, um rev\u00f3lver calibre .22 com cinco muni\u00e7\u00f5es e duas pulseiras e um anel de prata. O menor foi socorrido para o Hospital Dr. Jos\u00e9 da Costa Pinto Dantas e os objetos encontrados levados para a delegacia.<\/p>\n<p>Ainda foram apreendidos na mesma manh\u00e3 dois menores de iniciais M.V.S e G.N.O por estarem em situa\u00e7\u00e3o suspeita em um conhecido ponto de tr\u00e1fico de drogas. Foram encontrados com os indiv\u00edduos R$ 23,55 e um celular Samsung que foram entregues na delegacia. Valendo salientar que o menor M.V.S j\u00e1 \u00e9 conhecido pelos policiais por ter envolvimento com o tr\u00e1fico de drogas na cidade.<\/p>\n<div id=\"attachment_6968\" style=\"width: 650px\" class=\"wp-caption aligncenter\"><a href=\"http:\/\/www.maisbn.com\/portal\/wp-content\/uploads\/2015\/02\/WP_20150209_004.jpg\"><img loading=\"lazy\" decoding=\"async\" aria-describedby=\"caption-attachment-6968\" class=\"wp-image-6968 size-full\" src=\"http:\/\/www.maisbn.com\/portal\/wp-content\/uploads\/2015\/02\/WP_20150209_004.jpg\" alt=\"WP_20150209_004\" width=\"640\" height=\"360\" \/><\/a><p id=\"caption-attachment-6968\" class=\"wp-caption-text\">Material encontrado que seria usado em crimes.<\/p><\/div>\n<p>&nbsp;<\/p>\n<p>Os policiais ainda receberam informa\u00e7\u00f5es de que os dois menores, acusados de tentativa de homicidio mencionados no come\u00e7o, estavam agindo em uma localidade. Chegando ao ponto indicado os mesmos j\u00e1 n\u00e3o se encontravam mais e os policiais apreenderam uma roupa camuflada e uma m\u00e1scara, que, segundo informa\u00e7\u00f5es conseguidas pelos policiais, seriam usadas para cometer crimes durante o carnaval.<\/p>\n<p>&nbsp;<\/p>\n<p>&nbsp;<\/p>\n<p>&nbsp;<\/p>\n<p>&nbsp;<\/p>\n<p>&nbsp;<\/p>\n","protected":false},"excerpt":{"rendered":"<p>A Policia Militar de Belmonte nos \u00faltimos dias vem desencadeando a\u00e7\u00f5es no intuito de desarticular as quadrilhas de traficantes que atuam na cidade que, em sua maioria, est\u00e3o sendo formadas por jovens que se rendem \u00e0 tenta\u00e7\u00e3o do poder e a armadilha mortal causada pelo v\u00edcio das drogas. A primeira a\u00e7\u00e3o aconteceu na segunda-feira (09\/02) [&hellip;]<\/p>\n","protected":false},"author":7,"featured_media":6960,"comment_status":"closed","ping_status":"open","sticky":false,"template":"","format":"standard","meta":{"footnotes":""},"categories":[1,16],"tags":[108],"class_list":["post-6959","post","type-post","status-publish","format-standard","has-post-thumbnail","hentry","category-noticias","category-policial","tag-belmonte"],"_links":{"self":[{"href":"https:\/\/www.maisbn.com\/portal\/wp-json\/wp\/v2\/posts\/6959","targetHints":{"allow":["GET"]}}],"collection":[{"href":"https:\/\/www.maisbn.com\/portal\/wp-json\/wp\/v2\/posts"}],"about":[{"href":"https:\/\/www.maisbn.com\/portal\/wp-json\/wp\/v2\/types\/post"}],"author":[{"embeddable":true,"href":"https:\/\/www.maisbn.com\/portal\/wp-json\/wp\/v2\/users\/7"}],"replies":[{"embeddable":true,"href":"https:\/\/www.maisbn.com\/portal\/wp-json\/wp\/v2\/comments?post=6959"}],"version-history":[{"count":0,"href":"https:\/\/www.maisbn.com\/portal\/wp-json\/wp\/v2\/posts\/6959\/revisions"}],"wp:featuredmedia":[{"embeddable":true,"href":"https:\/\/www.maisbn.com\/portal\/wp-json\/wp\/v2\/media\/6960"}],"wp:attachment":[{"href":"https:\/\/www.maisbn.com\/portal\/wp-json\/wp\/v2\/media?parent=6959"}],"wp:term":[{"taxonomy":"category","embeddable":true,"href":"https:\/\/www.maisbn.com\/portal\/wp-json\/wp\/v2\/categories?post=6959"},{"taxonomy":"post_tag","embeddable":true,"href":"https:\/\/www.maisbn.com\/portal\/wp-json\/wp\/v2\/tags?post=6959"}],"curies":[{"name":"wp","href":"https:\/\/api.w.org\/{rel}","templated":true}]}}