{"id":6901,"date":"2015-02-07T09:57:16","date_gmt":"2015-02-07T12:57:16","guid":{"rendered":"http:\/\/www.maisbn.com\/portal\/?p=6901"},"modified":"2015-02-07T09:57:16","modified_gmt":"2015-02-07T12:57:16","slug":"creas-belmonte-promove-bloco-para-conscientizar-a-populacao-da-violencia-contra-a-crianca-e-o-adolescente-2","status":"publish","type":"post","link":"https:\/\/www.maisbn.com\/portal\/2015\/02\/creas-belmonte-promove-bloco-para-conscientizar-a-populacao-da-violencia-contra-a-crianca-e-o-adolescente-2\/","title":{"rendered":"CREAS \u2013 Belmonte promove bloco para conscientizar a popula\u00e7\u00e3o da viol\u00eancia contra a crian\u00e7a e o adolescente."},"content":{"rendered":"<p><a href=\"http:\/\/www.maisbn.com\/portal\/wp-content\/uploads\/2015\/02\/convitecreas.jpg\"><img loading=\"lazy\" decoding=\"async\" class=\"aligncenter size-full wp-image-6896\" src=\"http:\/\/www.maisbn.com\/portal\/wp-content\/uploads\/2015\/02\/convitecreas.jpg\" alt=\"convitecreas\" width=\"640\" height=\"444\" \/><\/a><\/p>\n<p><strong>O CREAS- Centro de Refer\u00eancia Especializada de Assist\u00eancia Social<\/strong> de Belmonte, com o apoio da Secretaria Municipal de Assist\u00eancia Social e da Prefeitura estar\u00e1 realizando no pr\u00f3ximo dia 11-02, quarta-feira a <strong>2\u00aa Mobiliza\u00e7\u00e3o \u201cBloco 100\u201d,<\/strong> direcionada \u00e0 Garantia dos Direitos das Crian\u00e7as e Adolescentes.<\/p>\n<p>Junte-se a n\u00f3s nessa caminhada para proteger nossas crian\u00e7as.\u00a0A caminhada ser\u00e1 a partir das 17:00H e a concentra\u00e7\u00e3o acontecer\u00e1 em frente ao CREAS, na Rua Coronel Jos\u00e9 Gomes (pr\u00f3ximo \u00e0 Secretaria de Assist\u00eancia Social)<\/p>\n<p>Agradecemos aos Comerciantes e Vereadores que est\u00e3o colaborando para a realiza\u00e7\u00e3o do evento.<\/p>\n","protected":false},"excerpt":{"rendered":"<p>O CREAS- Centro de Refer\u00eancia Especializada de Assist\u00eancia Social de Belmonte, com o apoio da Secretaria Municipal de Assist\u00eancia Social e da Prefeitura estar\u00e1 realizando no pr\u00f3ximo dia 11-02, quarta-feira a 2\u00aa Mobiliza\u00e7\u00e3o \u201cBloco 100\u201d, direcionada \u00e0 Garantia dos Direitos das Crian\u00e7as e Adolescentes. Junte-se a n\u00f3s nessa caminhada para proteger nossas crian\u00e7as.\u00a0A caminhada ser\u00e1 [&hellip;]<\/p>\n","protected":false},"author":7,"featured_media":6896,"comment_status":"closed","ping_status":"open","sticky":false,"template":"","format":"standard","meta":{"footnotes":""},"categories":[20,1],"tags":[108],"class_list":["post-6901","post","type-post","status-publish","format-standard","has-post-thumbnail","hentry","category-bahia","category-noticias","tag-belmonte"],"_links":{"self":[{"href":"https:\/\/www.maisbn.com\/portal\/wp-json\/wp\/v2\/posts\/6901","targetHints":{"allow":["GET"]}}],"collection":[{"href":"https:\/\/www.maisbn.com\/portal\/wp-json\/wp\/v2\/posts"}],"about":[{"href":"https:\/\/www.maisbn.com\/portal\/wp-json\/wp\/v2\/types\/post"}],"author":[{"embeddable":true,"href":"https:\/\/www.maisbn.com\/portal\/wp-json\/wp\/v2\/users\/7"}],"replies":[{"embeddable":true,"href":"https:\/\/www.maisbn.com\/portal\/wp-json\/wp\/v2\/comments?post=6901"}],"version-history":[{"count":0,"href":"https:\/\/www.maisbn.com\/portal\/wp-json\/wp\/v2\/posts\/6901\/revisions"}],"wp:featuredmedia":[{"embeddable":true,"href":"https:\/\/www.maisbn.com\/portal\/wp-json\/wp\/v2\/media\/6896"}],"wp:attachment":[{"href":"https:\/\/www.maisbn.com\/portal\/wp-json\/wp\/v2\/media?parent=6901"}],"wp:term":[{"taxonomy":"category","embeddable":true,"href":"https:\/\/www.maisbn.com\/portal\/wp-json\/wp\/v2\/categories?post=6901"},{"taxonomy":"post_tag","embeddable":true,"href":"https:\/\/www.maisbn.com\/portal\/wp-json\/wp\/v2\/tags?post=6901"}],"curies":[{"name":"wp","href":"https:\/\/api.w.org\/{rel}","templated":true}]}}