{"id":6898,"date":"2015-02-07T09:29:20","date_gmt":"2015-02-07T12:29:20","guid":{"rendered":"http:\/\/www.maisbn.com\/portal\/?p=6898"},"modified":"2015-02-07T09:29:20","modified_gmt":"2015-02-07T12:29:20","slug":"carro-que-era-usado-por-ze-gomes-suspeito-de-homicidio-e-encontrado-capotado-em-rodovia","status":"publish","type":"post","link":"https:\/\/www.maisbn.com\/portal\/2015\/02\/carro-que-era-usado-por-ze-gomes-suspeito-de-homicidio-e-encontrado-capotado-em-rodovia\/","title":{"rendered":"Carro que era usado por Z\u00e9 Gomes, suspeito de homic\u00eddio, \u00e9 encontrado capotado em rodovia."},"content":{"rendered":"<p><a href=\"http:\/\/www.maisbn.com\/portal\/wp-content\/uploads\/2015\/02\/thumb_zoom.jpg\"><img loading=\"lazy\" decoding=\"async\" class=\"aligncenter size-full wp-image-6899\" src=\"http:\/\/www.maisbn.com\/portal\/wp-content\/uploads\/2015\/02\/thumb_zoom.jpg\" alt=\"thumb_zoom\" width=\"640\" height=\"360\" \/><\/a><\/p>\n<p>Um carro com quatro pessoas capotou na BA-283, perto da cidade de Guaratinga, na\u00a0manh\u00e3 desta sexta-feira (06). Segundo a pol\u00edcia, no ve\u00edculo estavam pessoas suspeitas de terem matado, no fim do m\u00eas passado, o fazendeiro Wanderley Checon Dias, 56 anos, atingido por v\u00e1rios tiros em assalto \u00e0 sua propriedade em Guai\u00fa, zona rural de Santa Cruz Cabr\u00e1lia.<\/p>\n<p>O delegado Sin\u00e9zio J\u00fanior informou ao RADAR 64 que um adolescente de 17 anos\u00a0foi encontrado desacordado dentro do ve\u00edculo. As demais quatro pessoas que viajavam\u00a0no carro &#8211; dois homens e duas mulheres, fugiram por um matagal.<\/p>\n<p>Conforme apurou a pol\u00edcia, o autom\u00f3vel era dirigindo por Jos\u00e9 Gomes da Silva Filho, mais conhecido como &#8216;Falc\u00e3o&#8217; ou &#8216;Z\u00e9 Gomes, suspeito de ter atirado no produtor rural.<\/p>\n<p>O carro que capotou em Guaratinga \u00e9 um Ford KA prata, placa PVC-3870, de Belo Horizonte, tomado de assalto em Ponto Central, no munic\u00edpio de Santa Cruz Cabr\u00e1lia, depois que o carro usado no assalto em Guai\u00fa furou um dos pneus.<\/p>\n<p>Na delegacia de Guaratinga, o adolescente, que e \u00e9 suspeito de roubo de carros, confirmou que estava com pessoas que teriam participado do assalto que resultou na morte de Wanderley Checon.<\/p>\n<p>No entanto, ele negou que tenha participado do homic\u00eddio. &#8216;Ele disse que se juntou \u00e0 quadrilha a partir do roubo do Ford KA em Ponto Central&#8217;, afirmou o delegado, que desconfia da vers\u00e3o. &#8216;Ele contou detalhes do crime na fazenda, mas argumentou que n\u00e3o estava l\u00e1. Teria ouvido isso de terceiros&#8217;, frisou o delegado Sin\u00e9zio.<\/p>\n<p>Na noite anterior, informa o delegado, a quadrilha j\u00e1 havia tomado um Fiat Uno de assalto em Itabela. O carro ainda n\u00e3o foi localizado.\u00a0As investiga\u00e7\u00f5es apontam que a quadrilha rouba carros sob encomenda na regi\u00e3o. O jovem, que \u00e9 de Itamaraju,\u00a0segue apreendido.<\/p>\n<p><span style=\"color: #ff0000;\"><strong>Fotos e Informa\u00e7\u00f5es: Radar 64<\/strong><\/span><\/p>\n","protected":false},"excerpt":{"rendered":"<p>Um carro com quatro pessoas capotou na BA-283, perto da cidade de Guaratinga, na\u00a0manh\u00e3 desta sexta-feira (06). Segundo a pol\u00edcia, no ve\u00edculo estavam pessoas suspeitas de terem matado, no fim do m\u00eas passado, o fazendeiro Wanderley Checon Dias, 56 anos, atingido por v\u00e1rios tiros em assalto \u00e0 sua propriedade em Guai\u00fa, zona rural de Santa [&hellip;]<\/p>\n","protected":false},"author":7,"featured_media":6899,"comment_status":"closed","ping_status":"open","sticky":false,"template":"","format":"standard","meta":{"footnotes":""},"categories":[1,16],"tags":[108],"class_list":["post-6898","post","type-post","status-publish","format-standard","has-post-thumbnail","hentry","category-noticias","category-policial","tag-belmonte"],"_links":{"self":[{"href":"https:\/\/www.maisbn.com\/portal\/wp-json\/wp\/v2\/posts\/6898","targetHints":{"allow":["GET"]}}],"collection":[{"href":"https:\/\/www.maisbn.com\/portal\/wp-json\/wp\/v2\/posts"}],"about":[{"href":"https:\/\/www.maisbn.com\/portal\/wp-json\/wp\/v2\/types\/post"}],"author":[{"embeddable":true,"href":"https:\/\/www.maisbn.com\/portal\/wp-json\/wp\/v2\/users\/7"}],"replies":[{"embeddable":true,"href":"https:\/\/www.maisbn.com\/portal\/wp-json\/wp\/v2\/comments?post=6898"}],"version-history":[{"count":0,"href":"https:\/\/www.maisbn.com\/portal\/wp-json\/wp\/v2\/posts\/6898\/revisions"}],"wp:featuredmedia":[{"embeddable":true,"href":"https:\/\/www.maisbn.com\/portal\/wp-json\/wp\/v2\/media\/6899"}],"wp:attachment":[{"href":"https:\/\/www.maisbn.com\/portal\/wp-json\/wp\/v2\/media?parent=6898"}],"wp:term":[{"taxonomy":"category","embeddable":true,"href":"https:\/\/www.maisbn.com\/portal\/wp-json\/wp\/v2\/categories?post=6898"},{"taxonomy":"post_tag","embeddable":true,"href":"https:\/\/www.maisbn.com\/portal\/wp-json\/wp\/v2\/tags?post=6898"}],"curies":[{"name":"wp","href":"https:\/\/api.w.org\/{rel}","templated":true}]}}