{"id":6877,"date":"2015-02-05T07:59:47","date_gmt":"2015-02-05T10:59:47","guid":{"rendered":"http:\/\/www.maisbn.com\/portal\/?p=6877"},"modified":"2015-02-05T07:59:47","modified_gmt":"2015-02-05T10:59:47","slug":"belmonte-cria-o-memorial-da-imprensa-que-contara-com-um-rico-acervo-historico","status":"publish","type":"post","link":"https:\/\/www.maisbn.com\/portal\/2015\/02\/belmonte-cria-o-memorial-da-imprensa-que-contara-com-um-rico-acervo-historico\/","title":{"rendered":"Belmonte cria o Memorial da Imprensa que contar\u00e1 com um rico acervo hist\u00f3rico."},"content":{"rendered":"<p><a href=\"http:\/\/www.maisbn.com\/portal\/wp-content\/uploads\/2015\/02\/Acervoimprensa.jpg\"><img loading=\"lazy\" decoding=\"async\" class=\"aligncenter size-full wp-image-6878\" src=\"http:\/\/www.maisbn.com\/portal\/wp-content\/uploads\/2015\/02\/Acervoimprensa.jpg\" alt=\"Acervoimprensa\" width=\"600\" height=\"600\" \/><\/a><\/p>\n<p>Em virtude da necessidade de uma ampla revitaliza\u00e7\u00e3o cultural nos bens materiais e imateriais de Belmonte, o conselho Municipal de Pol\u00edticas Culturais e a Secretaria de Desenvolvimento Econ\u00f4mico, Cultura e Turismo, oficializaram a cria\u00e7\u00e3o do \u201cMemorial da Imprensa\u201d, que contar\u00e1 com a cataloga\u00e7\u00e3o e tombamento de todo o acervo do di\u00e1rio oficial e arquivo p\u00fablico, com exemplares que datam do s\u00e9culo XIX (dezenove) at\u00e9 a primeira d\u00e9cada do s\u00e9culo XXI (vinte e um), caracterizando um dos mais antigos acervos da imprensa nacional ainda em funcionamento.<\/p>\n<p>O futuro local do \u201cMemorial da Imprensa\u201d ser\u00e1 na sala da Estufa do Antigo Instituto do Cacau da Bahia.<\/p>\n","protected":false},"excerpt":{"rendered":"<p>Em virtude da necessidade de uma ampla revitaliza\u00e7\u00e3o cultural nos bens materiais e imateriais de Belmonte, o conselho Municipal de Pol\u00edticas Culturais e a Secretaria de Desenvolvimento Econ\u00f4mico, Cultura e Turismo, oficializaram a cria\u00e7\u00e3o do \u201cMemorial da Imprensa\u201d, que contar\u00e1 com a cataloga\u00e7\u00e3o e tombamento de todo o acervo do di\u00e1rio oficial e arquivo p\u00fablico, [&hellip;]<\/p>\n","protected":false},"author":7,"featured_media":6878,"comment_status":"closed","ping_status":"open","sticky":false,"template":"","format":"standard","meta":{"footnotes":""},"categories":[45,1],"tags":[108],"class_list":["post-6877","post","type-post","status-publish","format-standard","has-post-thumbnail","hentry","category-cidades","category-noticias","tag-belmonte"],"_links":{"self":[{"href":"https:\/\/www.maisbn.com\/portal\/wp-json\/wp\/v2\/posts\/6877","targetHints":{"allow":["GET"]}}],"collection":[{"href":"https:\/\/www.maisbn.com\/portal\/wp-json\/wp\/v2\/posts"}],"about":[{"href":"https:\/\/www.maisbn.com\/portal\/wp-json\/wp\/v2\/types\/post"}],"author":[{"embeddable":true,"href":"https:\/\/www.maisbn.com\/portal\/wp-json\/wp\/v2\/users\/7"}],"replies":[{"embeddable":true,"href":"https:\/\/www.maisbn.com\/portal\/wp-json\/wp\/v2\/comments?post=6877"}],"version-history":[{"count":0,"href":"https:\/\/www.maisbn.com\/portal\/wp-json\/wp\/v2\/posts\/6877\/revisions"}],"wp:featuredmedia":[{"embeddable":true,"href":"https:\/\/www.maisbn.com\/portal\/wp-json\/wp\/v2\/media\/6878"}],"wp:attachment":[{"href":"https:\/\/www.maisbn.com\/portal\/wp-json\/wp\/v2\/media?parent=6877"}],"wp:term":[{"taxonomy":"category","embeddable":true,"href":"https:\/\/www.maisbn.com\/portal\/wp-json\/wp\/v2\/categories?post=6877"},{"taxonomy":"post_tag","embeddable":true,"href":"https:\/\/www.maisbn.com\/portal\/wp-json\/wp\/v2\/tags?post=6877"}],"curies":[{"name":"wp","href":"https:\/\/api.w.org\/{rel}","templated":true}]}}