{"id":6842,"date":"2015-01-30T10:19:19","date_gmt":"2015-01-30T13:19:19","guid":{"rendered":"http:\/\/www.maisbn.com\/portal\/?p=6842"},"modified":"2015-01-30T11:26:55","modified_gmt":"2015-01-30T14:26:55","slug":"veracel-abre-vagas-para-o-curso-de-rotinas-administrativas-industriais-em-belmonte","status":"publish","type":"post","link":"https:\/\/www.maisbn.com\/portal\/2015\/01\/veracel-abre-vagas-para-o-curso-de-rotinas-administrativas-industriais-em-belmonte\/","title":{"rendered":"Veracel abre vagas para o  curso de Rotinas Administrativas Industriais em Belmonte."},"content":{"rendered":"<p><a href=\"http:\/\/www.maisbn.com\/portal\/wp-content\/uploads\/2015\/01\/modelo-de-curriculo-para-jovem-aprendiz.jpg\"><img loading=\"lazy\" decoding=\"async\" class=\"aligncenter size-full wp-image-6843\" src=\"http:\/\/www.maisbn.com\/portal\/wp-content\/uploads\/2015\/01\/modelo-de-curriculo-para-jovem-aprendiz.jpg\" alt=\"modelo-de-curriculo-para-jovem-aprendiz\" width=\"400\" height=\"286\" \/><\/a><\/p>\n<p><span style=\"color: #000000;\">Parece que o problema de trabalho em Belmonte n\u00e3o depende apenas de ter a vaga de emprego dispon\u00edvel. Pelo que vimos, depende tamb\u00e9m de preparo do candidato para assumir a vaga e, at\u00e9 mesmo, vontade do candidato de se preparar.<\/span><\/p>\n<p><span style=\"color: #000000;\">\u00c9 not\u00f3rio que a maioria dos belmontenses em idade produtiva n\u00e3o se prepara atrav\u00e9s de cursos e especializa\u00e7\u00f5es em algumas \u00e1reas. Um dos motivos apresentados \u00e9 a localiza\u00e7\u00e3o e o acesso \u00e0 cidade que n\u00e3o ajudam e o outro motivo, que \u00e9 o que interfere mais, \u00e9 a falta de vontade mesmo. Podemos ver esse fato atrav\u00e9s dos diversos jovens que existem em nossa cidade que, quando se formam, s\u00f3 tem o 2\u00ba Grau e n\u00e3o buscam se especializar e nem fazer uma faculdade, mesmo que seja a distancia. Sabe por qu\u00ea? Porque d\u00e1 trabalho. A maioria dos jovens de Belmonte quer vida f\u00e1cil, n\u00e3o querem estudar, n\u00e3o querem se desenvolver e preferem ficar esperando um subemprego da Prefeitura ou, o que acontece mais, vai para o tr\u00e1fico.<\/span><\/p>\n<p><span style=\"color: #000000;\">Tudo o que expomos acima p\u00f4de ser visto no n\u00famero de inscri\u00e7\u00f5es da Turma de Aprendizes em Maquinas Florestais que a Veracel tentou implantar na cidade para a especializa\u00e7\u00e3o dos trabalhadores belmontenses. Belmonte teve tudo facilitado pela empresa. As provas de sele\u00e7\u00e3o seriam realizadas em Belmonte e o curso seria em Barrol\u00e2ndia. Tudo fruto da insist\u00eancia da Prefeita Alice Maria Britto que vem cobrando da Veracel uma maior participa\u00e7\u00e3o dos belmontenses em seus postos de trabalho. Resultado: Apenas 01 candidato belmontense se inscreveu e isso causou a inviabilidade do processo seletivo e das aulas acontecerem em Belmonte. A desculpa foi porque a empresa estava exigindo carteira de motorista e que os belmontenses tinham dificuldades de tirar o documento.<\/span><\/p>\n<p><span style=\"color: #000000;\">Agora, mais uma vez, depois de insist\u00eancia da gest\u00e3o municipal, a Veracel decide fazer outro processo seletivo na cidade. Estamos falando do Curso de Rotinas Administrativas Industriais. Que atender\u00e1 jovens de 14 a 21 anos e 11 meses que n\u00e3o tenham conclu\u00eddo o Ensino M\u00e9dio, mas que estejam freq\u00fcentando a escola.<\/span><\/p>\n<p><span style=\"color: #000000;\">Os documentos exigidos s\u00e3o:<\/span><\/p>\n<p><span style=\"color: #000000;\">Certid\u00e3o de nascimento (se solteiro) ou de casamento, CPF, RG, Certid\u00e3o de Registro no PIS, obtida na Caixa Econ\u00f4mica Federal, caso seja cadastrado no PIS &#8211; Programa de Integra\u00e7\u00e3o Social, T\u00edtulo de Eleitor,Carteira de trabalho Original (N\u00e3o ser\u00e1 aceito protocolo de emiss\u00e3o da carteira), Certificado de Reservista (sexo masculino) e \u00a0Comprovante de resid\u00eancia. Salientando que n\u00e3o \u00e9 exigido Carteira Nacional de Habilita\u00e7\u00e3o. Vagas para ambos os sexos e pessoas com defici\u00eancia n\u00e3o ter\u00e3o limite m\u00e1ximo para a contrata\u00e7\u00e3o.<\/span><\/p>\n<p><span style=\"color: #000000;\">A parte te\u00f3rica do curso ser\u00e1 realizada em Belmonte e Barrol\u00e2ndia, onde despesas de alimenta\u00e7\u00e3o e transporte ser\u00e3o por conta do aluno, e a parte pr\u00e1tica ser\u00e1 realizada nas depend\u00eancias da F\u00e1brica, onde o mesmo ter\u00e1 transporte e alimenta\u00e7\u00e3o gratuitos. Durante o curso os candidatos receber\u00e3o ajuda de custo e, no final, a empresa contratar\u00e1 20 formados que participar\u00e3o do seu Programa de Jovens Aprendizes.<\/span><\/p>\n<p><span style=\"color: #000000;\">O curso ter\u00e1 40 vagas e as inscri\u00e7\u00f5es poder\u00e3o ser feitas no per\u00edodo de 30\/01 a 09\/02 somente no site da empresa na op\u00e7\u00e3o Trabalhe Conosco onde o candidato ter\u00e1 acesso ao edital e a ficha de inscri\u00e7\u00e3o. Site da empresa: www.veracel.com.br.<\/span><\/p>\n<p><span style=\"color: #000000;\">Clique nos links abaixo e leia o edital:<\/span><\/p>\n<p><span style=\"color: #000000;\"><strong><a style=\"color: #000000;\" title=\"P\u00e1gina 01\" href=\"http:\/\/www.maisbn.com\/portal\/wp-content\/uploads\/2015\/01\/veracel-01.jpg\" target=\"_blank\">P\u00e1gina 01<\/a><\/strong><\/span><\/p>\n<p><span style=\"color: #000000;\"><a style=\"color: #000000;\" title=\"P\u00e1gina 02\" href=\"http:\/\/www.maisbn.com\/portal\/wp-content\/uploads\/2015\/01\/Veracel02.jpg\" target=\"_blank\"><strong>Pagina 02<\/strong><\/a><\/span><\/p>\n","protected":false},"excerpt":{"rendered":"<p>Parece que o problema de trabalho em Belmonte n\u00e3o depende apenas de ter a vaga de emprego dispon\u00edvel. Pelo que vimos, depende tamb\u00e9m de preparo do candidato para assumir a vaga e, at\u00e9 mesmo, vontade do candidato de se preparar. \u00c9 not\u00f3rio que a maioria dos belmontenses em idade produtiva n\u00e3o se prepara atrav\u00e9s de [&hellip;]<\/p>\n","protected":false},"author":7,"featured_media":6843,"comment_status":"closed","ping_status":"open","sticky":false,"template":"","format":"standard","meta":{"footnotes":""},"categories":[9,1],"tags":[108],"class_list":["post-6842","post","type-post","status-publish","format-standard","has-post-thumbnail","hentry","category-concursos-oportunidades","category-noticias","tag-belmonte"],"_links":{"self":[{"href":"https:\/\/www.maisbn.com\/portal\/wp-json\/wp\/v2\/posts\/6842","targetHints":{"allow":["GET"]}}],"collection":[{"href":"https:\/\/www.maisbn.com\/portal\/wp-json\/wp\/v2\/posts"}],"about":[{"href":"https:\/\/www.maisbn.com\/portal\/wp-json\/wp\/v2\/types\/post"}],"author":[{"embeddable":true,"href":"https:\/\/www.maisbn.com\/portal\/wp-json\/wp\/v2\/users\/7"}],"replies":[{"embeddable":true,"href":"https:\/\/www.maisbn.com\/portal\/wp-json\/wp\/v2\/comments?post=6842"}],"version-history":[{"count":0,"href":"https:\/\/www.maisbn.com\/portal\/wp-json\/wp\/v2\/posts\/6842\/revisions"}],"wp:featuredmedia":[{"embeddable":true,"href":"https:\/\/www.maisbn.com\/portal\/wp-json\/wp\/v2\/media\/6843"}],"wp:attachment":[{"href":"https:\/\/www.maisbn.com\/portal\/wp-json\/wp\/v2\/media?parent=6842"}],"wp:term":[{"taxonomy":"category","embeddable":true,"href":"https:\/\/www.maisbn.com\/portal\/wp-json\/wp\/v2\/categories?post=6842"},{"taxonomy":"post_tag","embeddable":true,"href":"https:\/\/www.maisbn.com\/portal\/wp-json\/wp\/v2\/tags?post=6842"}],"curies":[{"name":"wp","href":"https:\/\/api.w.org\/{rel}","templated":true}]}}