{"id":6826,"date":"2015-01-29T10:23:09","date_gmt":"2015-01-29T13:23:09","guid":{"rendered":"http:\/\/www.maisbn.com\/portal\/?p=6826"},"modified":"2015-01-29T10:23:09","modified_gmt":"2015-01-29T13:23:09","slug":"fugitivo-belmontense-e-acusado-de-morte-de-fazendeiro-em-santa-cruz-cabralia","status":"publish","type":"post","link":"https:\/\/www.maisbn.com\/portal\/2015\/01\/fugitivo-belmontense-e-acusado-de-morte-de-fazendeiro-em-santa-cruz-cabralia\/","title":{"rendered":"Fugitivo belmontense \u00e9 acusado de morte de fazendeiro em Santa Cruz Cabr\u00e1lia"},"content":{"rendered":"<div id=\"attachment_6827\" style=\"width: 430px\" class=\"wp-caption aligncenter\"><a href=\"http:\/\/www.maisbn.com\/portal\/wp-content\/uploads\/2015\/01\/w_checon.jpg\"><img loading=\"lazy\" decoding=\"async\" aria-describedby=\"caption-attachment-6827\" class=\"size-full wp-image-6827\" src=\"http:\/\/www.maisbn.com\/portal\/wp-content\/uploads\/2015\/01\/w_checon.jpg\" alt=\"O fazendeiro Wanderley Checon foi atingido por v\u00e1rios tiros, um deles na cabe\u00e7a.\" width=\"420\" height=\"360\" srcset=\"https:\/\/www.maisbn.com\/portal\/wp-content\/uploads\/2015\/01\/w_checon.jpg 420w, https:\/\/www.maisbn.com\/portal\/wp-content\/uploads\/2015\/01\/w_checon-408x350.jpg 408w\" sizes=\"auto, (max-width: 420px) 100vw, 420px\" \/><\/a><p id=\"caption-attachment-6827\" class=\"wp-caption-text\">O fazendeiro Wanderley Checon foi atingido por v\u00e1rios tiros, um deles na cabe\u00e7a.<\/p><\/div>\n<p>O fazendeiro Wanderley Checon Dias, 56 anos, foi morto a tiros, por volta das 16h desta quarta-feira (28), na zona rural de Santa Cruz Cabr\u00e1lia.\u00a0Segundo a Pol\u00edcia Civil, o crime foi praticado por quatro bandidos que invadiram a Fazenda Jana\u00edna, a cerca de 10 quil\u00f4metros da localidade de Guai\u00fa.<\/p>\n<p>Ainda de acordo com a informa\u00e7\u00e3o, os marginais chegaram em um Gol branco, com placa de Itabela.\u00a0Antes de matar Wanderley, a quadrilha obrigou os funcion\u00e1rios da propriedade rural a se afastarem. Um dos tiros foi na cabe\u00e7a do fazendeiro. O corpo foi encontrado na varanda.<\/p>\n<p>Na fuga, o carro dos assaltantes estourou um pneu a cerca de cinco quil\u00f4metros de Ponto Central, ainda no munic\u00edpio de Santa Cruz Cabr\u00e1lia. Por conta desse imprevisto, eles abandonaram o Gol e tomaram um Ford KA de assalto.\u00a0O Ford KA, cuja placa \u00e9 BVC- 3870, de Belo Horizonte, teria seguido pela BR-101, em dire\u00e7\u00e3o a Itabela.<\/p>\n<div id=\"attachment_6828\" style=\"width: 650px\" class=\"wp-caption aligncenter\"><a href=\"http:\/\/www.maisbn.com\/portal\/wp-content\/uploads\/2015\/01\/roubo_itapebi_d.jpg\"><img loading=\"lazy\" decoding=\"async\" aria-describedby=\"caption-attachment-6828\" class=\"wp-image-6828 size-full\" src=\"http:\/\/www.maisbn.com\/portal\/wp-content\/uploads\/2015\/01\/roubo_itapebi_d.jpg\" alt=\"roubo_itapebi_d\" width=\"640\" height=\"480\" srcset=\"https:\/\/www.maisbn.com\/portal\/wp-content\/uploads\/2015\/01\/roubo_itapebi_d.jpg 640w, https:\/\/www.maisbn.com\/portal\/wp-content\/uploads\/2015\/01\/roubo_itapebi_d-467x350.jpg 467w\" sizes=\"auto, (max-width: 640px) 100vw, 640px\" \/><\/a><p id=\"caption-attachment-6828\" class=\"wp-caption-text\">Jos\u00e9 Gomes da Silva Filho, foragido do pres\u00eddio de Eun\u00e1polis, \u00e9 suspeito de matar o fazendeiro.<\/p><\/div>\n<p>A Pol\u00edcia Civil de Cabr\u00e1lia est\u00e1 investigando o crime e informa que j\u00e1 identificou o suspeito de ter disparado os tiros. Segundo os agentes, trata-se de <strong>Jos\u00e9 Gomes da Silva Filho<\/strong>\u00a0&#8211; que cumpria pena por assaltos no pres\u00eddio de Eun\u00e1polis e foi beneficiado pela sa\u00edda tempor\u00e1ria de Natal, mas n\u00e3o voltou ao sistema prisional. &#8216;A motiva\u00e7\u00e3o do homic\u00eddio pode ter sido roubo ou vingan\u00e7a&#8217;, disse um policial.<\/p>\n<p>Horas antes de matar o fazendeiro, ainda de acordo com a policia, a quadrilha assaltou um supermercado no bairro Capit\u00e3o Luiz de Matos, na cidade de Santa Cruz Cabr\u00e1lia.<\/p>\n<p>Jos\u00e9 Gomes \u00e9 natural de Belmonte e sua \u00e1rea de atua\u00e7\u00e3o \u00e9 Barrol\u00e2ndia, Guai\u00fa, Santo Antonio, Santo Andr\u00e9 e Santa Cruz Cabr\u00e1lia. Ele \u00e9 tido como um individuo perigoso e a policia est\u00e1 em seu encal\u00e7o podendo captur\u00e1-lo a qualquer momento.<\/p>\n","protected":false},"excerpt":{"rendered":"<p>O fazendeiro Wanderley Checon Dias, 56 anos, foi morto a tiros, por volta das 16h desta quarta-feira (28), na zona rural de Santa Cruz Cabr\u00e1lia.\u00a0Segundo a Pol\u00edcia Civil, o crime foi praticado por quatro bandidos que invadiram a Fazenda Jana\u00edna, a cerca de 10 quil\u00f4metros da localidade de Guai\u00fa. Ainda de acordo com a informa\u00e7\u00e3o, [&hellip;]<\/p>\n","protected":false},"author":7,"featured_media":6827,"comment_status":"closed","ping_status":"open","sticky":false,"template":"","format":"standard","meta":{"footnotes":""},"categories":[1,16],"tags":[108],"class_list":["post-6826","post","type-post","status-publish","format-standard","has-post-thumbnail","hentry","category-noticias","category-policial","tag-belmonte"],"_links":{"self":[{"href":"https:\/\/www.maisbn.com\/portal\/wp-json\/wp\/v2\/posts\/6826","targetHints":{"allow":["GET"]}}],"collection":[{"href":"https:\/\/www.maisbn.com\/portal\/wp-json\/wp\/v2\/posts"}],"about":[{"href":"https:\/\/www.maisbn.com\/portal\/wp-json\/wp\/v2\/types\/post"}],"author":[{"embeddable":true,"href":"https:\/\/www.maisbn.com\/portal\/wp-json\/wp\/v2\/users\/7"}],"replies":[{"embeddable":true,"href":"https:\/\/www.maisbn.com\/portal\/wp-json\/wp\/v2\/comments?post=6826"}],"version-history":[{"count":0,"href":"https:\/\/www.maisbn.com\/portal\/wp-json\/wp\/v2\/posts\/6826\/revisions"}],"wp:featuredmedia":[{"embeddable":true,"href":"https:\/\/www.maisbn.com\/portal\/wp-json\/wp\/v2\/media\/6827"}],"wp:attachment":[{"href":"https:\/\/www.maisbn.com\/portal\/wp-json\/wp\/v2\/media?parent=6826"}],"wp:term":[{"taxonomy":"category","embeddable":true,"href":"https:\/\/www.maisbn.com\/portal\/wp-json\/wp\/v2\/categories?post=6826"},{"taxonomy":"post_tag","embeddable":true,"href":"https:\/\/www.maisbn.com\/portal\/wp-json\/wp\/v2\/tags?post=6826"}],"curies":[{"name":"wp","href":"https:\/\/api.w.org\/{rel}","templated":true}]}}