{"id":6714,"date":"2015-01-14T09:47:26","date_gmt":"2015-01-14T12:47:26","guid":{"rendered":"http:\/\/www.maisbn.com\/portal\/?p=6714"},"modified":"2015-01-14T10:01:39","modified_gmt":"2015-01-14T13:01:39","slug":"grupo-de-jovens-belmontense-da-licao-de-solidariedade","status":"publish","type":"post","link":"https:\/\/www.maisbn.com\/portal\/2015\/01\/grupo-de-jovens-belmontense-da-licao-de-solidariedade\/","title":{"rendered":"Grupo de jovens belmontense d\u00e1 li\u00e7\u00e3o de Solidariedade."},"content":{"rendered":"<p><a href=\"http:\/\/www.maisbn.com\/portal\/wp-content\/uploads\/2015\/01\/jovens.jpg\"><img loading=\"lazy\" decoding=\"async\" class=\"aligncenter size-full wp-image-6715\" src=\"http:\/\/www.maisbn.com\/portal\/wp-content\/uploads\/2015\/01\/jovens.jpg\" alt=\"jovens\" width=\"640\" height=\"359\" srcset=\"https:\/\/www.maisbn.com\/portal\/wp-content\/uploads\/2015\/01\/jovens.jpg 640w, https:\/\/www.maisbn.com\/portal\/wp-content\/uploads\/2015\/01\/jovens-623x350.jpg 623w\" sizes=\"auto, (max-width: 640px) 100vw, 640px\" \/><\/a><\/p>\n<p>Jovens belmontenses deram uma li\u00e7\u00e3o de solidariedade nesse ver\u00e3o. Estamos falando do PROJETO VER\u00c3O SEM FOME que foi idealizado e executado por jovens de um grupo intitulado #porumaBELMONTEmelhor. O projeto, de iniciativa pr\u00f3pria, tem como objetivo fazer com que v\u00e1rias fam\u00edlias carentes no munic\u00edpio passem um carnaval feliz atrav\u00e9s da aquisi\u00e7\u00e3o de alimentos adquiridos por doa\u00e7\u00f5es. Para conseguir esse objetivo, o grupo vem fazendo campanhas nas redes sociais e visitando v\u00e1rias resid\u00eancias na cidade com o objetivo de arrecadarem alimentos para a confec\u00e7\u00e3o de cestas b\u00e1sicas que ser\u00e3o posteriormente doadas \u00e0s fam\u00edlias carentes.<\/p>\n<p>Os integrantes do grupo informaram atrav\u00e9s das redes sociais que no primeiro dia da campanha j\u00e1 conseguiram 163 KG de alimentos e que as a\u00e7\u00f5es continuar\u00e3o acontecendo para beneficiar o maior n\u00famero de fam\u00edlias poss\u00edvel.<\/p>\n<p>A a\u00e7\u00e3o \u00e9 muito importante porque mostra que nem todos os jovens est\u00e3o se preocupando em s\u00f3 curtir a vida. Mostra que, mesmo na juventude, \u00e9 poss\u00edvel se ter consci\u00eancia social e se preocupar com o bem de todos. A iniciativa est\u00e1 de parab\u00e9ns e merece o apoio de todos para que possamos ter uma Belmonte melhor.<\/p>\n","protected":false},"excerpt":{"rendered":"<p>Jovens belmontenses deram uma li\u00e7\u00e3o de solidariedade nesse ver\u00e3o. Estamos falando do PROJETO VER\u00c3O SEM FOME que foi idealizado e executado por jovens de um grupo intitulado #porumaBELMONTEmelhor. O projeto, de iniciativa pr\u00f3pria, tem como objetivo fazer com que v\u00e1rias fam\u00edlias carentes no munic\u00edpio passem um carnaval feliz atrav\u00e9s da aquisi\u00e7\u00e3o de alimentos adquiridos por [&hellip;]<\/p>\n","protected":false},"author":7,"featured_media":6715,"comment_status":"closed","ping_status":"open","sticky":false,"template":"","format":"standard","meta":{"footnotes":""},"categories":[45,1],"tags":[108],"class_list":["post-6714","post","type-post","status-publish","format-standard","has-post-thumbnail","hentry","category-cidades","category-noticias","tag-belmonte"],"_links":{"self":[{"href":"https:\/\/www.maisbn.com\/portal\/wp-json\/wp\/v2\/posts\/6714","targetHints":{"allow":["GET"]}}],"collection":[{"href":"https:\/\/www.maisbn.com\/portal\/wp-json\/wp\/v2\/posts"}],"about":[{"href":"https:\/\/www.maisbn.com\/portal\/wp-json\/wp\/v2\/types\/post"}],"author":[{"embeddable":true,"href":"https:\/\/www.maisbn.com\/portal\/wp-json\/wp\/v2\/users\/7"}],"replies":[{"embeddable":true,"href":"https:\/\/www.maisbn.com\/portal\/wp-json\/wp\/v2\/comments?post=6714"}],"version-history":[{"count":0,"href":"https:\/\/www.maisbn.com\/portal\/wp-json\/wp\/v2\/posts\/6714\/revisions"}],"wp:featuredmedia":[{"embeddable":true,"href":"https:\/\/www.maisbn.com\/portal\/wp-json\/wp\/v2\/media\/6715"}],"wp:attachment":[{"href":"https:\/\/www.maisbn.com\/portal\/wp-json\/wp\/v2\/media?parent=6714"}],"wp:term":[{"taxonomy":"category","embeddable":true,"href":"https:\/\/www.maisbn.com\/portal\/wp-json\/wp\/v2\/categories?post=6714"},{"taxonomy":"post_tag","embeddable":true,"href":"https:\/\/www.maisbn.com\/portal\/wp-json\/wp\/v2\/tags?post=6714"}],"curies":[{"name":"wp","href":"https:\/\/api.w.org\/{rel}","templated":true}]}}