{"id":6549,"date":"2014-12-18T08:10:08","date_gmt":"2014-12-18T11:10:08","guid":{"rendered":"http:\/\/www.maisbn.com\/portal\/?p=6549"},"modified":"2014-12-18T08:10:08","modified_gmt":"2014-12-18T11:10:08","slug":"novo-governador-da-bahia-anuncia-o-seu-secretariado","status":"publish","type":"post","link":"https:\/\/www.maisbn.com\/portal\/2014\/12\/novo-governador-da-bahia-anuncia-o-seu-secretariado\/","title":{"rendered":"Novo Governador da Bahia anuncia o seu secretariado."},"content":{"rendered":"<p><a href=\"http:\/\/www.maisbn.com\/portal\/wp-content\/uploads\/2014\/12\/rui1.jpg\"><img loading=\"lazy\" decoding=\"async\" class=\"aligncenter size-full wp-image-6555\" src=\"http:\/\/www.maisbn.com\/portal\/wp-content\/uploads\/2014\/12\/rui1.jpg\" alt=\"rui1\" width=\"500\" height=\"321\" \/><\/a><\/p>\n<p><em>Conforme prometido, o governador eleito Rui Costa (PT) anunciou nesta ter\u00e7a, 16, o time do primeiro escal\u00e3o do seu governo. O nome da Casa Civil ainda ser\u00e1 definido:<\/em><\/p>\n<p><em><strong>Rela\u00e7\u00f5es Institucionais (Serin) \u2013 <\/strong>Josias Gomes<\/em><\/p>\n<p><em><strong>Procurador geral \u2013 <\/strong>Paulo Moreno<\/em><\/p>\n<p><em><strong>Comunica\u00e7\u00e3o \u2013 <\/strong>Andr\u00e9 Curvello<\/em><\/p>\n<p><em><strong>Fazenda \u2013 <\/strong>Manoel Vit\u00f3rio<\/em><\/p>\n<p><em><strong>Seguran\u00e7a P\u00fablica \u2013 <\/strong>Maur\u00edcio Barbosa<\/em><\/p>\n<p><em><strong>Educa\u00e7\u00e3o \u2013 <\/strong>Osvaldo Barreto<\/em><\/p>\n<p><em><strong>Sa\u00fade \u2013 <\/strong>F\u00e1bio Villas-Boas<\/em><\/p>\n<p><em><strong>Planejamento<\/strong> \u2013 Jo\u00e3o Le\u00e3o<br \/>\n<\/em><\/p>\n<p><em><strong>Infraestrutura \u2013 <\/strong>Marcus Cavalcanti<\/em><\/p>\n<p><em><strong>Infraestrutura H\u00eddrica \u2013 <\/strong>C\u00e1ssio Peixoto<\/em><\/p>\n<p><em><strong>Administra\u00e7\u00e3o Penitenci\u00e1ria \u2013 <\/strong>Nestor Duarte<\/em><\/p>\n<p><em><strong>Justi\u00e7a, Cidadania e Direitos Humanos \u2013 <\/strong>Geraldo Reis<\/em><\/p>\n<p><em><strong>Trabalho, Emprego e Renda \u2013 <\/strong>\u00c1lvaro Gomes<\/em><\/p>\n<p><em><strong>Meio Ambiente \u2013 <\/strong>Eug\u00eanio Spengler<\/em><a href=\"http:\/\/www.maisbn.com\/portal\/wp-content\/uploads\/2014\/12\/RTEmagicC_secs-1.jpg.jpg\"><img loading=\"lazy\" decoding=\"async\" class=\"aligncenter size-full wp-image-6550\" src=\"http:\/\/www.maisbn.com\/portal\/wp-content\/uploads\/2014\/12\/RTEmagicC_secs-1.jpg.jpg\" alt=\"RTEmagicC_secs-1.jpg\" width=\"620\" height=\"340\" \/><\/a>MANOEL VIT\u00d3RIO, JO\u00c3O LE\u00c3O E MAUR\u00cdCIO BARBOSA<\/p>\n<p><a href=\"http:\/\/www.maisbn.com\/portal\/wp-content\/uploads\/2014\/12\/RTEmagicC_secs-2.jpg.jpg\"><img loading=\"lazy\" decoding=\"async\" class=\"aligncenter size-full wp-image-6551\" src=\"http:\/\/www.maisbn.com\/portal\/wp-content\/uploads\/2014\/12\/RTEmagicC_secs-2.jpg.jpg\" alt=\"RTEmagicC_secs-2.jpg\" width=\"620\" height=\"340\" \/><\/a>OSVALDO BARRETO, FA\u00b4BIO MORENO E F\u00c1BIO VILAS-BOAS<\/p>\n<p><a href=\"http:\/\/www.maisbn.com\/portal\/wp-content\/uploads\/2014\/12\/RTEmagicC_secs-3.jpg.jpg\"><img loading=\"lazy\" decoding=\"async\" class=\"aligncenter size-full wp-image-6552\" src=\"http:\/\/www.maisbn.com\/portal\/wp-content\/uploads\/2014\/12\/RTEmagicC_secs-3.jpg.jpg\" alt=\"RTEmagicC_secs-3.jpg\" width=\"620\" height=\"340\" \/><\/a>EUNG\u00caNIO SPENGLER, ANDR\u00c9 CURVELLO E NESTOR DUARTE<\/p>\n<p><a href=\"http:\/\/www.maisbn.com\/portal\/wp-content\/uploads\/2014\/12\/RTEmagicC_secs-4.jpg.jpg\"><img loading=\"lazy\" decoding=\"async\" class=\"aligncenter size-full wp-image-6553\" src=\"http:\/\/www.maisbn.com\/portal\/wp-content\/uploads\/2014\/12\/RTEmagicC_secs-4.jpg.jpg\" alt=\"RTEmagicC_secs-4.jpg\" width=\"620\" height=\"340\" \/><\/a>CASSIO PEIXOTO, \u00c1LVARO GOMES E GERALDO REIS<\/p>\n<p><a href=\"http:\/\/www.maisbn.com\/portal\/wp-content\/uploads\/2014\/12\/RTEmagicC_secs-5.jpg.jpg\"><img loading=\"lazy\" decoding=\"async\" class=\"aligncenter size-full wp-image-6554\" src=\"http:\/\/www.maisbn.com\/portal\/wp-content\/uploads\/2014\/12\/RTEmagicC_secs-5.jpg.jpg\" alt=\"RTEmagicC_secs-5.jpg\" width=\"620\" height=\"340\" \/><\/a>MARCUS CAVALCANTI E JOSIAS GOMES<\/p>\n","protected":false},"excerpt":{"rendered":"<p>Conforme prometido, o governador eleito Rui Costa (PT) anunciou nesta ter\u00e7a, 16, o time do primeiro escal\u00e3o do seu governo. O nome da Casa Civil ainda ser\u00e1 definido: Rela\u00e7\u00f5es Institucionais (Serin) \u2013 Josias Gomes Procurador geral \u2013 Paulo Moreno Comunica\u00e7\u00e3o \u2013 Andr\u00e9 Curvello Fazenda \u2013 Manoel Vit\u00f3rio Seguran\u00e7a P\u00fablica \u2013 Maur\u00edcio Barbosa Educa\u00e7\u00e3o \u2013 Osvaldo [&hellip;]<\/p>\n","protected":false},"author":7,"featured_media":6555,"comment_status":"closed","ping_status":"open","sticky":false,"template":"","format":"standard","meta":{"footnotes":""},"categories":[1,7],"tags":[599,598],"class_list":["post-6549","post","type-post","status-publish","format-standard","has-post-thumbnail","hentry","category-noticias","category-politica","tag-governador-da-bahia","tag-rui-costa"],"_links":{"self":[{"href":"https:\/\/www.maisbn.com\/portal\/wp-json\/wp\/v2\/posts\/6549","targetHints":{"allow":["GET"]}}],"collection":[{"href":"https:\/\/www.maisbn.com\/portal\/wp-json\/wp\/v2\/posts"}],"about":[{"href":"https:\/\/www.maisbn.com\/portal\/wp-json\/wp\/v2\/types\/post"}],"author":[{"embeddable":true,"href":"https:\/\/www.maisbn.com\/portal\/wp-json\/wp\/v2\/users\/7"}],"replies":[{"embeddable":true,"href":"https:\/\/www.maisbn.com\/portal\/wp-json\/wp\/v2\/comments?post=6549"}],"version-history":[{"count":0,"href":"https:\/\/www.maisbn.com\/portal\/wp-json\/wp\/v2\/posts\/6549\/revisions"}],"wp:featuredmedia":[{"embeddable":true,"href":"https:\/\/www.maisbn.com\/portal\/wp-json\/wp\/v2\/media\/6555"}],"wp:attachment":[{"href":"https:\/\/www.maisbn.com\/portal\/wp-json\/wp\/v2\/media?parent=6549"}],"wp:term":[{"taxonomy":"category","embeddable":true,"href":"https:\/\/www.maisbn.com\/portal\/wp-json\/wp\/v2\/categories?post=6549"},{"taxonomy":"post_tag","embeddable":true,"href":"https:\/\/www.maisbn.com\/portal\/wp-json\/wp\/v2\/tags?post=6549"}],"curies":[{"name":"wp","href":"https:\/\/api.w.org\/{rel}","templated":true}]}}