{"id":6452,"date":"2014-11-26T17:16:18","date_gmt":"2014-11-26T20:16:18","guid":{"rendered":"http:\/\/www.maisbn.com\/portal\/?p=6452"},"modified":"2014-11-26T17:18:11","modified_gmt":"2014-11-26T20:18:11","slug":"veracel-realizara-selecao-e-curso-para-o-seu-programa-jovem-aprendiz-em-belmonte-e-barrolandia","status":"publish","type":"post","link":"https:\/\/www.maisbn.com\/portal\/2014\/11\/veracel-realizara-selecao-e-curso-para-o-seu-programa-jovem-aprendiz-em-belmonte-e-barrolandia\/","title":{"rendered":"Veracel realizar\u00e1 sele\u00e7\u00e3o e curso para o seu programa Jovem Aprendiz em Belmonte e Barrol\u00e2ndia."},"content":{"rendered":"<p><a href=\"http:\/\/www.maisbn.com\/portal\/wp-content\/uploads\/2014\/08\/veracel.jpg\"><img loading=\"lazy\" decoding=\"async\" class=\"aligncenter size-full wp-image-5737\" src=\"http:\/\/www.maisbn.com\/portal\/wp-content\/uploads\/2014\/08\/veracel.jpg\" alt=\"veracel\" width=\"776\" height=\"237\" srcset=\"https:\/\/www.maisbn.com\/portal\/wp-content\/uploads\/2014\/08\/veracel.jpg 776w, https:\/\/www.maisbn.com\/portal\/wp-content\/uploads\/2014\/08\/veracel-700x213.jpg 700w\" sizes=\"auto, (max-width: 776px) 100vw, 776px\" \/><\/a><\/p>\n<p>&nbsp;<\/p>\n<p>A Veracel Celulose S\/A, em parceria com o SENAI &#8211; Servi\u00e7o Nacional de Aprendizagem Industrial dar\u00e1 in\u00edcio \u00e0 forma\u00e7\u00e3o de uma nova turma de Aprendizes para o curso de Operador de M\u00e1quinas Florestais. O SENAI ofertar\u00e1 40 vagas e a Veracel contratar\u00e1 20 jovens desta turma, para ingressarem no seu Programa de Jovens Aprendizes.<\/p>\n<h2><strong>REQUISITOS<\/strong><\/h2>\n<p>\u2022 Idade entre 18 e 21 anos e 11 meses, no ato da matr\u00edcula. Caso o Aprendiz seja pessoa com defici\u00eancia, n\u00e3o haver\u00e1 limite m\u00e1ximo de idade para a contrata\u00e7\u00e3o.<br \/>\n\u2022 Possuir CNH &#8211; Carteira Nacional de Habilita\u00e7\u00e3o &#8211; Categorias B ou C.<br \/>\n\u2022 Estar matriculado e frequentando a escola, caso n\u00e3o tenha conclu\u00eddo o ensino m\u00e9dio.<br \/>\n\u2022 N\u00e3o ter tido contrato firmado com a Veracel em programas de aprendizagem anteriores.<br \/>\n\u2022 Disponibilidade para estudar no hor\u00e1rio de 08:00 \u00e0s 17:00, durante a parte te\u00f3rica e de 08:00 \u00e0s 15:00, durante a parte pr\u00e1tica, com intervalo de 01(uma) hora para almo\u00e7o;<br \/>\n\u2022 N\u00e3o estar matriculado em nenhum curso gratuito no SENAI\/DR\/BA, no ato da matr\u00edcula;<br \/>\n\u2022 Possibilidade de celebrar Contrato de Aprendizagem com a empresa;<br \/>\n\u2022 Se tiver alguma defici\u00eancia o candidato deve possuir documenta\u00e7\u00e3o que comprove a condi\u00e7\u00e3o de pessoa com defici\u00eancia ou reabilitada.<\/p>\n<h2>PROCESSO SELETIVO<\/h2>\n<p>\u2022 Avalia\u00e7\u00e3o das inscri\u00e7\u00f5es.<br \/>\n\u2022 Prova: Portugu\u00eas, Matem\u00e1tica e Conhecimentos Gerais.<br \/>\n\u2022 Teste de Aptid\u00e3o (simulador) para opera\u00e7\u00e3o de m\u00e1quina florestal.<br \/>\n\u2022 Exames M\u00e9dicos \u2013 Para os aprovados no processo seletivo<br \/>\n\u2022 Entrevistas<br \/>\n\u2022 Entrega e checagem da documenta\u00e7\u00e3o solicitada no edital.<\/p>\n<h2>DOCUMENTA\u00c7\u00c3O QUE DEVER\u00c1 SER PROVIDENCIADA PELOS CANDIDATOS<\/h2>\n<p>\u2022 Certid\u00e3o de nascimento (se solteiro) ou de casamento;<br \/>\n\u2022 CNH &#8211; Carteira Nacional de Habilita\u00e7\u00e3o \u2013 categorias B ou C;<br \/>\n\u2022 CPF;<br \/>\n\u2022 RG;<br \/>\n\u2022 Certid\u00e3o de registro no PIS, obtida na Caixa Econ\u00f4mica Federal, caso seja cadastrado no PIS &#8211; Programa de Integra\u00e7\u00e3o Social;<br \/>\n\u2022 T\u00edtulo de Eleitor;<br \/>\n\u2022 Carteira de trabalho Original (N\u00e3o ser\u00e1 aceito protocolo de emiss\u00e3o da carteira);<br \/>\n\u2022 Certificado de Reservista (sexo masculino);<br \/>\n\u2022 Comprovante de resid\u00eancia;<br \/>\n\u2022 Somente ser\u00e3o contratados pela Veracel os candidatos que apresentarem toda documenta\u00e7\u00e3o acima citada.<\/p>\n<h2>BENEF\u00cdCIOS CONCEDIDOS AOS JOVENS CONTRATADOS PELA VERACEL<\/h2>\n<p>\u2022 Alimenta\u00e7\u00e3o: Durante a etapa te\u00f3rica a refei\u00e7\u00e3o ser\u00e1 de responsabilidade do aluno e durante a etapa pr\u00e1tica, nas depend\u00eancias da Veracel.<br \/>\n\u2022 Transporte: Vinda da cidade de origem x Local do Curso x Volta para cidade de origem.<br \/>\n\u2022 Plano de Sa\u00fade<br \/>\n\u2022 Plano Odontol\u00f3gico.<br \/>\n\u2022 Seguro de Vida em Grupo<\/p>\n<h2>LOCAL DE CURSO<\/h2>\n<p>\u2022 B\u00e1sico e Espec\u00edfico (teoria em sala de aula) &#8211; Barrol\u00e2ndia \u2013 Belmonte<br \/>\n\u2022 Pr\u00e1tica na Empresa \u2013 Depend\u00eancias da Veracel Celulose S\/A<\/p>\n<h2>INFORMA\u00c7\u00d5ES ADICIONAIS<\/h2>\n<p>\u2022 Per\u00edodo de Inscri\u00e7\u00f5es: 24\/11 a 05\/12\/2014;<br \/>\n\u2022 Somente ser\u00e3o aceitas as inscri\u00e7\u00f5es realizadas no Site da Veracel;<br \/>\n\u2022 Aos interessados, cadastrar curr\u00edculo at\u00e9 o dia 05\/12\/2014, acessando o site www.veracel.com.br. Localize a op\u00e7\u00e3o Trabalhe Conosco \u2013 Clique aqui e cadastre o seu curr\u00edculo &#8211; Conhe\u00e7a as nossas vagas \u2013 Clique no t\u00edtulo para abri-la e ter\u00e1 o acesso para candidatar-se.<br \/>\n\u2022 A candidatura \u00e0s vagas, s\u00f3 \u00e9 poss\u00edvel ap\u00f3s o cadastro de suas informa\u00e7\u00f5es no site.<br \/>\n\u2022 Toda a comunica\u00e7\u00e3o com os candidatos ser\u00e1 realizada por meio do endere\u00e7o eletr\u00f4nico utilizado para cadastro do curr\u00edculo no Site da Veracel.<\/p>\n<p>A Prefeitura de Belmonte tamb\u00e9m faz parte dessa parceria e j\u00e1 est\u00e1 organizando as depend\u00eancias da Escola Rainha Silvia em Barrol\u00e2ndia para que se ocorra no distrito as aulas te\u00f3ricas do curso. A Prefeitura tamb\u00e9m est\u00e1 organizando os locais onde ocorrer\u00e3o as provas que selecionar\u00e3o os candidatos. \u201cAs avalia\u00e7\u00f5es e o programa que ser\u00e3o realizados em nossa cidade s\u00e3o frutos de uma intensa parceria entre Belmonte e a Veracel. Essa iniciativa representa uma grande chance para os jovens belmontenses que est\u00e3o cursando ou terminando o segundo grau e n\u00f3s estamos muito felizes em participar dessa grande realiza\u00e7\u00e3o.\u201d<\/p>\n<p>&nbsp;<\/p>\n<p><a title=\"Leia o edital completo aqui\" href=\"http:\/\/www.maisbn.com\/portal\/wp-content\/uploads\/2014\/11\/Edital%20Externo%20Jovem%20Aprendiz.pdf\" target=\"_blank\">Baixe aqui o edital<\/a><\/p>\n","protected":false},"excerpt":{"rendered":"<p>&nbsp; A Veracel Celulose S\/A, em parceria com o SENAI &#8211; Servi\u00e7o Nacional de Aprendizagem Industrial dar\u00e1 in\u00edcio \u00e0 forma\u00e7\u00e3o de uma nova turma de Aprendizes para o curso de Operador de M\u00e1quinas Florestais. O SENAI ofertar\u00e1 40 vagas e a Veracel contratar\u00e1 20 jovens desta turma, para ingressarem no seu Programa de Jovens Aprendizes. [&hellip;]<\/p>\n","protected":false},"author":7,"featured_media":6410,"comment_status":"closed","ping_status":"open","sticky":false,"template":"","format":"standard","meta":{"footnotes":""},"categories":[1],"tags":[108,30],"class_list":["post-6452","post","type-post","status-publish","format-standard","has-post-thumbnail","hentry","category-noticias","tag-belmonte","tag-veracel"],"_links":{"self":[{"href":"https:\/\/www.maisbn.com\/portal\/wp-json\/wp\/v2\/posts\/6452","targetHints":{"allow":["GET"]}}],"collection":[{"href":"https:\/\/www.maisbn.com\/portal\/wp-json\/wp\/v2\/posts"}],"about":[{"href":"https:\/\/www.maisbn.com\/portal\/wp-json\/wp\/v2\/types\/post"}],"author":[{"embeddable":true,"href":"https:\/\/www.maisbn.com\/portal\/wp-json\/wp\/v2\/users\/7"}],"replies":[{"embeddable":true,"href":"https:\/\/www.maisbn.com\/portal\/wp-json\/wp\/v2\/comments?post=6452"}],"version-history":[{"count":0,"href":"https:\/\/www.maisbn.com\/portal\/wp-json\/wp\/v2\/posts\/6452\/revisions"}],"wp:featuredmedia":[{"embeddable":true,"href":"https:\/\/www.maisbn.com\/portal\/wp-json\/wp\/v2\/media\/6410"}],"wp:attachment":[{"href":"https:\/\/www.maisbn.com\/portal\/wp-json\/wp\/v2\/media?parent=6452"}],"wp:term":[{"taxonomy":"category","embeddable":true,"href":"https:\/\/www.maisbn.com\/portal\/wp-json\/wp\/v2\/categories?post=6452"},{"taxonomy":"post_tag","embeddable":true,"href":"https:\/\/www.maisbn.com\/portal\/wp-json\/wp\/v2\/tags?post=6452"}],"curies":[{"name":"wp","href":"https:\/\/api.w.org\/{rel}","templated":true}]}}