{"id":6408,"date":"2014-11-22T09:23:02","date_gmt":"2014-11-22T12:23:02","guid":{"rendered":"http:\/\/www.maisbn.com\/portal\/?p=6408"},"modified":"2014-11-22T09:23:02","modified_gmt":"2014-11-22T12:23:02","slug":"veracel-comemora-sucesso-em-producao-de-celulose","status":"publish","type":"post","link":"https:\/\/www.maisbn.com\/portal\/2014\/11\/veracel-comemora-sucesso-em-producao-de-celulose\/","title":{"rendered":"Veracel comemora sucesso em produ\u00e7\u00e3o de celulose."},"content":{"rendered":"<p><a href=\"http:\/\/www.maisbn.com\/portal\/wp-content\/uploads\/2014\/11\/veracel_fabrica.jpg\"><img loading=\"lazy\" decoding=\"async\" class=\"aligncenter size-full wp-image-6410\" src=\"http:\/\/www.maisbn.com\/portal\/wp-content\/uploads\/2014\/11\/veracel_fabrica.jpg\" alt=\"Veracel em Janeiro 2007\" width=\"640\" height=\"278\" \/><\/a><\/p>\n<p>Neste m\u00eas de novembro, a f\u00e1brica da Veracel Celulose, com pouco mais de nove anos de opera\u00e7\u00e3o, conquistou a importante marca de 10.000.000 (dez milh\u00f5es) de toneladas de celulose produzidas por meio de processos sustent\u00e1veis desenvolvidos com respeito ao meio ambiente, \u00e0s pessoas e \u00e0 economia local.<\/p>\n<p>De acordo com o diretor de Opera\u00e7\u00f5es Industriais da Veracel, Ari Medeiros, esta conquista \u00e9 fruto do empenho e dedica\u00e7\u00e3o de cada um dos colaboradores e os benef\u00edcios se estendem por toda a regi\u00e3o. \u201cGra\u00e7as ao empenho de todos os colaboradores envolvidos na cadeia produtiva da empresa, conseguimos produzir 20% acima da capacidade original da f\u00e1brica, de forma sustent\u00e1vel com 100% de madeira certificada. Este resultado faz parte da hist\u00f3ria de cada um de n\u00f3s e, sem d\u00favida, de toda regi\u00e3o\u201d, enfatizou.<\/p>\n<p>Situada no munic\u00edpio de Eun\u00e1polis, a f\u00e1brica da Veracel opera desde 2005, produzindo uma fibra de celulose altamente qualificada, com mais de 99% de Qualidade Prime. Toda a celulose produzida pela empresa \u00e9 transportada por via mar\u00edtima at\u00e9 o Portocel, em Barra do Riacho\/ES, e de l\u00e1 segue para as suas acionistas: a brasileira Fibria e a sueco-finlandesa <a href=\"http:\/\/www.storaenso.com\/\">Stora Enso<\/a>. A Veracel \u00e9 considerada uma das ind\u00fastrias mais modernas do mundo e exemplo de sustentabilidade e efici\u00eancia para o setor. Sua moderna tecnologia de produ\u00e7\u00e3o e efici\u00eancia operacional possui capacidade para produzir at\u00e9 1,3 milh\u00e3o de tonelada de celulose de fibra curta por ano e suas boas pr\u00e1ticas de manejo florestal e cadeia de cust\u00f3dia s\u00e3o reconhecidas internacionalmente.<\/p>\n<p>Comprometida com o desenvolvimento sustent\u00e1vel do Sul da Bahia, a conquista dessa marca de dez milh\u00f5es de toneladas de celulose produzidas pela Veracel representa importantes ganhos n\u00e3o s\u00f3 para a empresa, mas tamb\u00e9m para toda a regi\u00e3o. Neste per\u00edodo de opera\u00e7\u00f5es industriais (pouco mais de nove anos), a Veracel investiu 4,5 bilh\u00f5es de reais em compras e servi\u00e7os no estado da Bahia e, destes, 2,9 bilh\u00f5es foram direcionados para os 10 munic\u00edpios de sua \u00e1rea de atua\u00e7\u00e3o. Al\u00e9m disso, mais de 80 milh\u00f5es de reais foram investidos em sa\u00fade, educa\u00e7\u00e3o, gera\u00e7\u00e3o de renda e infraestrutura locais; 830 milh\u00f5es de impostos foram apurados e quase meio bilh\u00e3o de reais investidos na remunera\u00e7\u00e3o de seus colaboradores pr\u00f3prios. Tudo isso contribuiu para a gera\u00e7\u00e3o de emprego, renda e para a movimenta\u00e7\u00e3o da economia. Al\u00e9m dos benef\u00edcios sociais e econ\u00f4micos, a empresa tamb\u00e9m tem contribu\u00eddo para a preserva\u00e7\u00e3o do meio ambiente. Em uma d\u00e9cada, por meio do Programa Mata Atl\u00e2ntica (PMA), mais de cinco mil hectares de Mata Atl\u00e2ntica foram restaurados, conectando cerca de 65 mil hectares em toda a regi\u00e3o.<\/p>\n<p>Para o diretor presidente da Veracel, Antonio Sergio Alipio, a conquista desta marca de 10 milh\u00f5es de toneladas de celulose produzidas com responsabilidade e sustentabilidade \u00e9 a garantia de que o compromisso do empreendimento vai al\u00e9m da busca pela excel\u00eancia do produto final. \u201cNa Veracel, a sustentabilidade \u00e9 algo que se concretiza no nosso dia a dia. Por isso, chegar a 10 milh\u00f5es de toneladas em pouco mais de nove anos \u00e9 uma grande conquista para n\u00f3s. Mas, conseguir alcan\u00e7ar essa marca com efici\u00eancia, seguran\u00e7a, respeito ao meio ambiente, gerando emprego e renda \u00e0s comunidades locais e promovendo a melhoria da qualidade de vida da popula\u00e7\u00e3o, \u00e9 um orgulho ainda maior para todos n\u00f3s\u201d, afirma.<\/p>\n","protected":false},"excerpt":{"rendered":"<p>Neste m\u00eas de novembro, a f\u00e1brica da Veracel Celulose, com pouco mais de nove anos de opera\u00e7\u00e3o, conquistou a importante marca de 10.000.000 (dez milh\u00f5es) de toneladas de celulose produzidas por meio de processos sustent\u00e1veis desenvolvidos com respeito ao meio ambiente, \u00e0s pessoas e \u00e0 economia local. De acordo com o diretor de Opera\u00e7\u00f5es Industriais [&hellip;]<\/p>\n","protected":false},"author":7,"featured_media":6410,"comment_status":"closed","ping_status":"open","sticky":false,"template":"","format":"standard","meta":{"footnotes":""},"categories":[29,1],"tags":[],"class_list":["post-6408","post","type-post","status-publish","format-standard","has-post-thumbnail","hentry","category-empreendimentos","category-noticias"],"_links":{"self":[{"href":"https:\/\/www.maisbn.com\/portal\/wp-json\/wp\/v2\/posts\/6408","targetHints":{"allow":["GET"]}}],"collection":[{"href":"https:\/\/www.maisbn.com\/portal\/wp-json\/wp\/v2\/posts"}],"about":[{"href":"https:\/\/www.maisbn.com\/portal\/wp-json\/wp\/v2\/types\/post"}],"author":[{"embeddable":true,"href":"https:\/\/www.maisbn.com\/portal\/wp-json\/wp\/v2\/users\/7"}],"replies":[{"embeddable":true,"href":"https:\/\/www.maisbn.com\/portal\/wp-json\/wp\/v2\/comments?post=6408"}],"version-history":[{"count":0,"href":"https:\/\/www.maisbn.com\/portal\/wp-json\/wp\/v2\/posts\/6408\/revisions"}],"wp:featuredmedia":[{"embeddable":true,"href":"https:\/\/www.maisbn.com\/portal\/wp-json\/wp\/v2\/media\/6410"}],"wp:attachment":[{"href":"https:\/\/www.maisbn.com\/portal\/wp-json\/wp\/v2\/media?parent=6408"}],"wp:term":[{"taxonomy":"category","embeddable":true,"href":"https:\/\/www.maisbn.com\/portal\/wp-json\/wp\/v2\/categories?post=6408"},{"taxonomy":"post_tag","embeddable":true,"href":"https:\/\/www.maisbn.com\/portal\/wp-json\/wp\/v2\/tags?post=6408"}],"curies":[{"name":"wp","href":"https:\/\/api.w.org\/{rel}","templated":true}]}}