{"id":6404,"date":"2014-11-21T20:12:53","date_gmt":"2014-11-21T23:12:53","guid":{"rendered":"http:\/\/www.maisbn.com\/portal\/?p=6404"},"modified":"2014-11-21T20:12:53","modified_gmt":"2014-11-21T23:12:53","slug":"associacao-zumbi-dos-palmares-comemora-dia-da-consciencia-negra-em-belmonte","status":"publish","type":"post","link":"https:\/\/www.maisbn.com\/portal\/2014\/11\/associacao-zumbi-dos-palmares-comemora-dia-da-consciencia-negra-em-belmonte\/","title":{"rendered":"Associa\u00e7\u00e3o Zumbi dos Palmares comemora dia da Consci\u00eancia Negra em Belmonte."},"content":{"rendered":"<p><a href=\"http:\/\/www.maisbn.com\/portal\/wp-content\/uploads\/2014\/11\/capoeira4.jpg\"><img loading=\"lazy\" decoding=\"async\" class=\"aligncenter size-full wp-image-6405\" src=\"http:\/\/www.maisbn.com\/portal\/wp-content\/uploads\/2014\/11\/capoeira4.jpg\" alt=\"capoeira4\" width=\"650\" height=\"412\" srcset=\"https:\/\/www.maisbn.com\/portal\/wp-content\/uploads\/2014\/11\/capoeira4.jpg 650w, https:\/\/www.maisbn.com\/portal\/wp-content\/uploads\/2014\/11\/capoeira4-552x350.jpg 552w\" sizes=\"auto, (max-width: 650px) 100vw, 650px\" \/><\/a><\/p>\n<p>A Associa\u00e7\u00e3o Zumbi dos Palmares realizou no \u00faltimo dia 20\/11 um encontro de capoeiristas para comemorar o Dia da Consci\u00eancia Negra na mesma data foi lembrado o dia da morte de Zumbi dos Palmares, um dos maiores guerreiros da hist\u00f3ria do Brasil na luta contra a escravid\u00e3o. A hist\u00f3ria conta que Zumbi dos Palmares foi criado por um padre e lutou ferrenhamente contra o sofrimento da escravid\u00e3o vivido por seus irm\u00e3os e foi nessa luta que Zumbi dos Palmares acabou tombando no dia 20 de novembro de 1965.<\/p>\n<p>Devido \u00e0 data hist\u00f3rica\u00a0 o presidente da Associa\u00e7\u00e3o Zumbi dos Palmares e contramestre Badar\u00f3 realizou um grande evento na Associa\u00e7\u00e3o, onde um grande n\u00famero de capoeiristas se reuniram em uma grande roda\u00a0 para homenagear o grande her\u00f3i negro. A primeira parte do evento aconteceu na sede da Associa\u00e7\u00e3o Zumbi dos Palmares onde contou com a presen\u00e7a massiva da comunidade que se reuniu para assistir as evolu\u00e7\u00f5es dos capoeiristas. Logo ap\u00f3s, os atletas se dirigiram para o encontro da Av. Riomar com a Av. 23 de Maio para continuar com as apresenta\u00e7\u00f5es reunindo um n\u00famero muito maior de pessoas e marcando essa importante data de vit\u00f3rias contra a escravid\u00e3o.<\/p>\n<p>O evento foi muito bonito e contou com o apoio da Prefeitura Municipal de Belmonte que foi representada pela Secret\u00e1ria de Esporte Carolina Damasceno que estava acompanhada pelo seu marido Dilson Santos. Tamb\u00e9m marcou presen\u00e7a no evento o Vereador Aelso Matos (Calango) que se alegrou e mencionou o evento como uma leg\u00edtima manifesta\u00e7\u00e3o das culturas Belmontense e Baian0.<\/p>\n<p>Tamb\u00e9m participaram da festa capoeiristas de Barrol\u00e2ndia, os professores de capoeira Hulk, Galego e Clodor, juntamente com a instrutora Gisele.<\/p>\n<p><span style=\"color: #ff0000;\"><em><strong>Fotos: C\u00e9sar Badar\u00f3<\/strong><\/em><\/span><\/p>\n","protected":false},"excerpt":{"rendered":"<p>A Associa\u00e7\u00e3o Zumbi dos Palmares realizou no \u00faltimo dia 20\/11 um encontro de capoeiristas para comemorar o Dia da Consci\u00eancia Negra na mesma data foi lembrado o dia da morte de Zumbi dos Palmares, um dos maiores guerreiros da hist\u00f3ria do Brasil na luta contra a escravid\u00e3o. A hist\u00f3ria conta que Zumbi dos Palmares foi [&hellip;]<\/p>\n","protected":false},"author":7,"featured_media":6405,"comment_status":"closed","ping_status":"open","sticky":false,"template":"","format":"standard","meta":{"footnotes":""},"categories":[1],"tags":[108],"class_list":["post-6404","post","type-post","status-publish","format-standard","has-post-thumbnail","hentry","category-noticias","tag-belmonte"],"_links":{"self":[{"href":"https:\/\/www.maisbn.com\/portal\/wp-json\/wp\/v2\/posts\/6404","targetHints":{"allow":["GET"]}}],"collection":[{"href":"https:\/\/www.maisbn.com\/portal\/wp-json\/wp\/v2\/posts"}],"about":[{"href":"https:\/\/www.maisbn.com\/portal\/wp-json\/wp\/v2\/types\/post"}],"author":[{"embeddable":true,"href":"https:\/\/www.maisbn.com\/portal\/wp-json\/wp\/v2\/users\/7"}],"replies":[{"embeddable":true,"href":"https:\/\/www.maisbn.com\/portal\/wp-json\/wp\/v2\/comments?post=6404"}],"version-history":[{"count":0,"href":"https:\/\/www.maisbn.com\/portal\/wp-json\/wp\/v2\/posts\/6404\/revisions"}],"wp:featuredmedia":[{"embeddable":true,"href":"https:\/\/www.maisbn.com\/portal\/wp-json\/wp\/v2\/media\/6405"}],"wp:attachment":[{"href":"https:\/\/www.maisbn.com\/portal\/wp-json\/wp\/v2\/media?parent=6404"}],"wp:term":[{"taxonomy":"category","embeddable":true,"href":"https:\/\/www.maisbn.com\/portal\/wp-json\/wp\/v2\/categories?post=6404"},{"taxonomy":"post_tag","embeddable":true,"href":"https:\/\/www.maisbn.com\/portal\/wp-json\/wp\/v2\/tags?post=6404"}],"curies":[{"name":"wp","href":"https:\/\/api.w.org\/{rel}","templated":true}]}}