{"id":6390,"date":"2014-11-18T10:19:07","date_gmt":"2014-11-18T13:19:07","guid":{"rendered":"http:\/\/www.maisbn.com\/portal\/?p=6390"},"modified":"2014-11-18T10:19:07","modified_gmt":"2014-11-18T13:19:07","slug":"governador-jaques-wagner-resolve-adiar-visita-a-belmonte-e-remarcara-outra-data","status":"publish","type":"post","link":"https:\/\/www.maisbn.com\/portal\/2014\/11\/governador-jaques-wagner-resolve-adiar-visita-a-belmonte-e-remarcara-outra-data\/","title":{"rendered":"Governador Jaques Wagner resolve adiar visita \u00e0 Belmonte e remarcar\u00e1 outra data."},"content":{"rendered":"<p><a href=\"http:\/\/www.maisbn.com\/portal\/wp-content\/uploads\/2014\/11\/650x375_rui-costa-jaques-wagner_1460216.jpg\"><img loading=\"lazy\" decoding=\"async\" class=\"aligncenter size-full wp-image-6391\" src=\"http:\/\/www.maisbn.com\/portal\/wp-content\/uploads\/2014\/11\/650x375_rui-costa-jaques-wagner_1460216.jpg\" alt=\"650x375_rui-costa-jaques-wagner_1460216\" width=\"514\" height=\"290\" \/><\/a><\/p>\n<p>Depois de divulga\u00e7\u00f5es em diversos meios de comunica\u00e7\u00e3o a Prefeitura Municipal de Belmonte informou que o Governador Jaques Wagner adiou a visita que faria \u00e0 cidade na pr\u00f3xima sexta-feira ( 14\/11) por causa de alguns problemas urgentes que surgiram. Nossa equipe conversou nessa manh\u00e3 com a Prefeita Alice Maria e ela informou que foi avisada pelo governador que a visita seria adiada, mas que, o compromisso do Governo do Estado com a gestora continua firme como nunca e que ser\u00e1 anunciada uma nova data, j\u00e1 que, Jaques Wagner e Rui Costa est\u00e3o compromissados em vir agradecer \u00e0 popula\u00e7\u00e3o belmontense a vota\u00e7\u00e3o expressiva que tiveram durante as \u00faltimas elei\u00e7\u00f5es. &#8220;H\u00e1 um carinho muito grande do atual e do pr\u00f3ximo governador para com a nossa cidade e eles sabem que a popula\u00e7\u00e3o belmontense marchou unida apoiando o atual projeto de governo representado pelo Partido dos Trabalhadores e eu tenho certeza de que quem ser\u00e1 beneficiado por essa uni\u00e3o ser\u00e1 o povo belmontense atrav\u00e9s de melhorias para a nossa cidade.&#8221; &#8211; Afirmou a Prefeita Alice Maria \u00e0 nossa reportagem.<\/p>\n<p>&nbsp;<\/p>\n","protected":false},"excerpt":{"rendered":"<p>Depois de divulga\u00e7\u00f5es em diversos meios de comunica\u00e7\u00e3o a Prefeitura Municipal de Belmonte informou que o Governador Jaques Wagner adiou a visita que faria \u00e0 cidade na pr\u00f3xima sexta-feira ( 14\/11) por causa de alguns problemas urgentes que surgiram. Nossa equipe conversou nessa manh\u00e3 com a Prefeita Alice Maria e ela informou que foi avisada [&hellip;]<\/p>\n","protected":false},"author":7,"featured_media":6391,"comment_status":"closed","ping_status":"open","sticky":false,"template":"","format":"standard","meta":{"footnotes":""},"categories":[1,7],"tags":[108],"class_list":["post-6390","post","type-post","status-publish","format-standard","has-post-thumbnail","hentry","category-noticias","category-politica","tag-belmonte"],"_links":{"self":[{"href":"https:\/\/www.maisbn.com\/portal\/wp-json\/wp\/v2\/posts\/6390","targetHints":{"allow":["GET"]}}],"collection":[{"href":"https:\/\/www.maisbn.com\/portal\/wp-json\/wp\/v2\/posts"}],"about":[{"href":"https:\/\/www.maisbn.com\/portal\/wp-json\/wp\/v2\/types\/post"}],"author":[{"embeddable":true,"href":"https:\/\/www.maisbn.com\/portal\/wp-json\/wp\/v2\/users\/7"}],"replies":[{"embeddable":true,"href":"https:\/\/www.maisbn.com\/portal\/wp-json\/wp\/v2\/comments?post=6390"}],"version-history":[{"count":0,"href":"https:\/\/www.maisbn.com\/portal\/wp-json\/wp\/v2\/posts\/6390\/revisions"}],"wp:featuredmedia":[{"embeddable":true,"href":"https:\/\/www.maisbn.com\/portal\/wp-json\/wp\/v2\/media\/6391"}],"wp:attachment":[{"href":"https:\/\/www.maisbn.com\/portal\/wp-json\/wp\/v2\/media?parent=6390"}],"wp:term":[{"taxonomy":"category","embeddable":true,"href":"https:\/\/www.maisbn.com\/portal\/wp-json\/wp\/v2\/categories?post=6390"},{"taxonomy":"post_tag","embeddable":true,"href":"https:\/\/www.maisbn.com\/portal\/wp-json\/wp\/v2\/tags?post=6390"}],"curies":[{"name":"wp","href":"https:\/\/api.w.org\/{rel}","templated":true}]}}