{"id":6360,"date":"2014-11-12T20:10:36","date_gmt":"2014-11-12T23:10:36","guid":{"rendered":"http:\/\/www.maisbn.com\/portal\/?p=6360"},"modified":"2014-11-12T20:44:50","modified_gmt":"2014-11-12T23:44:50","slug":"secretaria-de-educacao-promove-seminario-para-reestruturacao-plano-municipal-de-educacao","status":"publish","type":"post","link":"https:\/\/www.maisbn.com\/portal\/2014\/11\/secretaria-de-educacao-promove-seminario-para-reestruturacao-plano-municipal-de-educacao\/","title":{"rendered":"Secretaria de Educa\u00e7\u00e3o promove semin\u00e1rio para a reestrutura\u00e7\u00e3o do Plano Municipal de Educa\u00e7\u00e3o."},"content":{"rendered":"<p><a href=\"http:\/\/www.maisbn.com\/portal\/wp-content\/uploads\/2014\/11\/educacao_belmonte2.jpg\"><img loading=\"lazy\" decoding=\"async\" class=\"aligncenter size-full wp-image-6361\" src=\"http:\/\/www.maisbn.com\/portal\/wp-content\/uploads\/2014\/11\/educacao_belmonte2.jpg\" alt=\"educacao_belmonte2\" width=\"650\" height=\"412\" srcset=\"https:\/\/www.maisbn.com\/portal\/wp-content\/uploads\/2014\/11\/educacao_belmonte2.jpg 650w, https:\/\/www.maisbn.com\/portal\/wp-content\/uploads\/2014\/11\/educacao_belmonte2-552x350.jpg 552w\" sizes=\"auto, (max-width: 650px) 100vw, 650px\" \/><\/a><\/p>\n<p>Na manh\u00e3 do dia 11 de novembro, teve in\u00edcio no sagu\u00e3o da C\u00e2mara de Vereadores de Belmonte, o semin\u00e1rio de debates para a reestrutura\u00e7\u00e3o do Plano Municipal de Educa\u00e7\u00e3o, executado pela Secretaria Municipal de Educa\u00e7\u00e3o.\u00a0O semin\u00e1rio teve por finalidade, a adequa\u00e7\u00e3o do Plano Municipal de Educa\u00e7\u00e3o, contando com a participa\u00e7\u00e3o ativa de diversos profissionais ligados a \u00e1rea da educa\u00e7\u00e3o, como professores, coordenadores e diretores das escolas de nosso munic\u00edpio.<\/p>\n<p><a href=\"http:\/\/www.maisbn.com\/portal\/wp-content\/uploads\/2014\/11\/educacao_belmonte1.jpg\"><img loading=\"lazy\" decoding=\"async\" class=\"aligncenter size-full wp-image-6362\" src=\"http:\/\/www.maisbn.com\/portal\/wp-content\/uploads\/2014\/11\/educacao_belmonte1.jpg\" alt=\"educacao_belmonte1\" width=\"650\" height=\"412\" srcset=\"https:\/\/www.maisbn.com\/portal\/wp-content\/uploads\/2014\/11\/educacao_belmonte1.jpg 650w, https:\/\/www.maisbn.com\/portal\/wp-content\/uploads\/2014\/11\/educacao_belmonte1-552x350.jpg 552w\" sizes=\"auto, (max-width: 650px) 100vw, 650px\" \/><\/a><\/p>\n<p>Na abertura do evento o Secret\u00e1rio de Educa\u00e7\u00e3o Claudio Teodoro deu boas vindas a todos, e disse: \u00a0\u00c9 poss\u00edvel realizar um bom trabalho de alinhamento dos planos, para fazer deste pr\u00f3ximo dec\u00eanio um virtuoso marco no destino da educa\u00e7\u00e3o do pa\u00eds.<\/p>\n<p><a href=\"http:\/\/www.maisbn.com\/portal\/wp-content\/uploads\/2014\/11\/educacao_belmonte4.jpg\"><img loading=\"lazy\" decoding=\"async\" class=\"aligncenter size-full wp-image-6364\" src=\"http:\/\/www.maisbn.com\/portal\/wp-content\/uploads\/2014\/11\/educacao_belmonte4.jpg\" alt=\"educacao_belmonte4\" width=\"650\" height=\"412\" srcset=\"https:\/\/www.maisbn.com\/portal\/wp-content\/uploads\/2014\/11\/educacao_belmonte4.jpg 650w, https:\/\/www.maisbn.com\/portal\/wp-content\/uploads\/2014\/11\/educacao_belmonte4-552x350.jpg 552w\" sizes=\"auto, (max-width: 650px) 100vw, 650px\" \/><\/a><\/p>\n<p>A Secret\u00e1ria de Administra\u00e7\u00e3o Cristiane da Silva Campos(representando a prefeita Alice Britto), em sua fala, destacou a import\u00e2ncia do planejamento para a elabora\u00e7\u00e3o e execu\u00e7\u00e3o das pol\u00edticas p\u00fablicas desenvolvidas pela Prefeitura. \u201c\u00c9 fundamental identificar primeiramente quais s\u00e3o as principais demandas do munic\u00edpio, para assim utilizar os recursos da melhor forma poss\u00edvel\u201d, afirmou.<\/p>\n<p><a href=\"http:\/\/www.maisbn.com\/portal\/wp-content\/uploads\/2014\/11\/educacao_belmonte5.jpg\"><img loading=\"lazy\" decoding=\"async\" class=\"aligncenter size-full wp-image-6365\" src=\"http:\/\/www.maisbn.com\/portal\/wp-content\/uploads\/2014\/11\/educacao_belmonte5.jpg\" alt=\"educacao_belmonte5\" width=\"650\" height=\"412\" srcset=\"https:\/\/www.maisbn.com\/portal\/wp-content\/uploads\/2014\/11\/educacao_belmonte5.jpg 650w, https:\/\/www.maisbn.com\/portal\/wp-content\/uploads\/2014\/11\/educacao_belmonte5-552x350.jpg 552w\" sizes=\"auto, (max-width: 650px) 100vw, 650px\" \/><\/a><\/p>\n<p>Dando seguimento ao semin\u00e1rio a coordenadora Carla Lemos, disse que devemos comemorar esse momento, pois \u00e9 um marco amplo e democr\u00e1tico no processo de discurss\u00e3o das quest\u00f5es educacionais do munic\u00edpio de Belmonte. N\u00e3o se trata somente de uma exig\u00eancia legal, haja visto, que teremos que estar com nosso plano pronto e aprovado ate 2015, mas principalmente porque \u00e9 atrav\u00e9s da legitimidade dos planos dos 26 estados, Distrito Federal e dos 5.570 munic\u00edpios brasileiros, \u00e9 que o PNE ter\u00e1 \u00eaxito.<\/p>\n<p>Os planos municipais dever\u00e3o ser coerentes, integrados e articulados com o PNE e PEE para que possamos garantir, portando, que o Brasil tenha educa\u00e7\u00e3o com qualidade e para todos.<\/p>\n<p><a href=\"http:\/\/www.maisbn.com\/portal\/wp-content\/uploads\/2014\/11\/educacao_belmonte6.jpg\"><img loading=\"lazy\" decoding=\"async\" class=\"aligncenter size-full wp-image-6366\" src=\"http:\/\/www.maisbn.com\/portal\/wp-content\/uploads\/2014\/11\/educacao_belmonte6.jpg\" alt=\"educacao_belmonte6\" width=\"650\" height=\"412\" srcset=\"https:\/\/www.maisbn.com\/portal\/wp-content\/uploads\/2014\/11\/educacao_belmonte6.jpg 650w, https:\/\/www.maisbn.com\/portal\/wp-content\/uploads\/2014\/11\/educacao_belmonte6-552x350.jpg 552w\" sizes=\"auto, (max-width: 650px) 100vw, 650px\" \/><\/a><\/p>\n<p>Objetivando o alcance dessa premissa, \u00e9 que estamos aqui hoje, contribuindo nessa etapa com a importante tarefa de discorremos sobre os diversos Marcos Legais que balizar\u00e3o a etapa seguinte, que ser\u00e1 realizar diagn\u00f3stico da Educa\u00e7\u00e3o, bem como, tra\u00e7ar estrat\u00e9gicas e metas para a pr\u00f3xima d\u00e9cada.<\/p>\n<p>Os temas abordados foram divididos em grupos; Manifesto dos Pioneiros da Educa\u00e7\u00e3o-1932(Mara Adalcy).<\/p>\n<p>A Confer\u00eancia Mundial sobre Educa\u00e7\u00e3o para Todos-1990(Raphaella), em seguida veio; Constitui\u00e7\u00e3o Federal-1989(Iracema), Constitui\u00e7\u00e3o da Bahia-1989(Silvia), LDB, Lei n\u00ba 9.394-1996(Tanilda), Lei n\u00ba 10.172 de 2001, Plano Nacional de Educa\u00e7\u00e3o(Marcelo e Ariane), Lei n\u00ba 10.330 de 2006, Plano Estadual de Educa\u00e7\u00e3o(Marinei e Cristiane), Decreto n\u00ba 6.094 de 24 de abril de 2007(Carla), Plano de A\u00e7\u00f5es Articuladas \u2013 PAR-2011\/2014(Carla), Lei Org\u00e2nica do Munic\u00edpio(Carlos Aguiar e Ionete), Plano Plurianual, Lei Or\u00e7ament\u00e1ria, Lei de Diretrizes Or\u00e7ament\u00e1rias(Cristiane Mendes), Lei n\u00ba 13.005 de 25 de junho de 2014(Rodrigo Martins), Documento de Refer\u00eancia do CONAE(2014), Salamanca(B\u00e1rbara e Paula).<\/p>\n<p>Encerrando o semin\u00e1rio Carla Lemos agradeceu a todos, e convidou para um almo\u00e7o de confraterniza\u00e7\u00e3o.<\/p>\n<p><em><span style=\"color: #ff0000;\"><strong>Fotos e Textos: Jornal de Belmonte<\/strong><\/span><\/em><\/p>\n","protected":false},"excerpt":{"rendered":"<p>Na manh\u00e3 do dia 11 de novembro, teve in\u00edcio no sagu\u00e3o da C\u00e2mara de Vereadores de Belmonte, o semin\u00e1rio de debates para a reestrutura\u00e7\u00e3o do Plano Municipal de Educa\u00e7\u00e3o, executado pela Secretaria Municipal de Educa\u00e7\u00e3o.\u00a0O semin\u00e1rio teve por finalidade, a adequa\u00e7\u00e3o do Plano Municipal de Educa\u00e7\u00e3o, contando com a participa\u00e7\u00e3o ativa de diversos profissionais ligados [&hellip;]<\/p>\n","protected":false},"author":7,"featured_media":6362,"comment_status":"closed","ping_status":"open","sticky":false,"template":"","format":"standard","meta":{"footnotes":""},"categories":[8,1],"tags":[108],"class_list":["post-6360","post","type-post","status-publish","format-standard","has-post-thumbnail","hentry","category-educacao","category-noticias","tag-belmonte"],"_links":{"self":[{"href":"https:\/\/www.maisbn.com\/portal\/wp-json\/wp\/v2\/posts\/6360","targetHints":{"allow":["GET"]}}],"collection":[{"href":"https:\/\/www.maisbn.com\/portal\/wp-json\/wp\/v2\/posts"}],"about":[{"href":"https:\/\/www.maisbn.com\/portal\/wp-json\/wp\/v2\/types\/post"}],"author":[{"embeddable":true,"href":"https:\/\/www.maisbn.com\/portal\/wp-json\/wp\/v2\/users\/7"}],"replies":[{"embeddable":true,"href":"https:\/\/www.maisbn.com\/portal\/wp-json\/wp\/v2\/comments?post=6360"}],"version-history":[{"count":0,"href":"https:\/\/www.maisbn.com\/portal\/wp-json\/wp\/v2\/posts\/6360\/revisions"}],"wp:featuredmedia":[{"embeddable":true,"href":"https:\/\/www.maisbn.com\/portal\/wp-json\/wp\/v2\/media\/6362"}],"wp:attachment":[{"href":"https:\/\/www.maisbn.com\/portal\/wp-json\/wp\/v2\/media?parent=6360"}],"wp:term":[{"taxonomy":"category","embeddable":true,"href":"https:\/\/www.maisbn.com\/portal\/wp-json\/wp\/v2\/categories?post=6360"},{"taxonomy":"post_tag","embeddable":true,"href":"https:\/\/www.maisbn.com\/portal\/wp-json\/wp\/v2\/tags?post=6360"}],"curies":[{"name":"wp","href":"https:\/\/api.w.org\/{rel}","templated":true}]}}