{"id":6337,"date":"2014-11-10T16:52:59","date_gmt":"2014-11-10T19:52:59","guid":{"rendered":"http:\/\/www.maisbn.com\/portal\/?p=6337"},"modified":"2014-11-10T16:52:59","modified_gmt":"2014-11-10T19:52:59","slug":"saude-belmontense-esta-empenhada-combate-dengue-e-febre-chikungunya","status":"publish","type":"post","link":"https:\/\/www.maisbn.com\/portal\/2014\/11\/saude-belmontense-esta-empenhada-combate-dengue-e-febre-chikungunya\/","title":{"rendered":"Sa\u00fade belmontense est\u00e1 empenhada no combate \u00e0 dengue e \u00e0 febre Chikungunya."},"content":{"rendered":"<p><a href=\"http:\/\/www.maisbn.com\/portal\/wp-content\/uploads\/2014\/11\/diad00018.jpg\"><img loading=\"lazy\" decoding=\"async\" class=\"aligncenter size-full wp-image-6338\" src=\"http:\/\/www.maisbn.com\/portal\/wp-content\/uploads\/2014\/11\/diad00018.jpg\" alt=\"diad00018\" width=\"650\" height=\"412\" srcset=\"https:\/\/www.maisbn.com\/portal\/wp-content\/uploads\/2014\/11\/diad00018.jpg 650w, https:\/\/www.maisbn.com\/portal\/wp-content\/uploads\/2014\/11\/diad00018-552x350.jpg 552w\" sizes=\"auto, (max-width: 650px) 100vw, 650px\" \/><\/a><\/p>\n<p>A agenda dos funcion\u00e1rios da sa\u00fade belmontense foi cheia na semana passada e tr\u00eas eventos importantes aconteceram na cidade no sentido de alertar a comunidade sobre como criar um ambiente de preven\u00e7\u00e3o de doen\u00e7as como a chikugunya e a dengue.<br \/>\nO primeiro evento aconteceu na \u00faltima quarta-feira (05\/11) em Barrol\u00e2ndia onde foi realizado o Dia D contra a dengue e a Chikungunya. Para marcar o evento os funcion\u00e1rios da sa\u00fade sa\u00edram em passeata pelas ruas do distrito visitando as fam\u00edlias e entrando nas casas \u00e0 procura de focos de mosquitos transmissores.<\/p>\n<p><a href=\"http:\/\/www.maisbn.com\/portal\/wp-content\/uploads\/2014\/11\/diad00007.jpg\"><img loading=\"lazy\" decoding=\"async\" class=\"aligncenter size-full wp-image-6340\" src=\"http:\/\/www.maisbn.com\/portal\/wp-content\/uploads\/2014\/11\/diad00007.jpg\" alt=\"diad00007\" width=\"650\" height=\"412\" srcset=\"https:\/\/www.maisbn.com\/portal\/wp-content\/uploads\/2014\/11\/diad00007.jpg 650w, https:\/\/www.maisbn.com\/portal\/wp-content\/uploads\/2014\/11\/diad00007-552x350.jpg 552w\" sizes=\"auto, (max-width: 650px) 100vw, 650px\" \/><\/a><\/p>\n<p>Na quinta-feira (06\/11) a Secretaria Municipal de Sa\u00fade de Belmonte realizou uma capacita\u00e7\u00e3o com os agentes de endemias no intuito de capacita-los para o uso do novo produto de combate das larvas dos mosquitos transmissores da dengue e da febre chikungunya. O novo larvicida \u00e9 conhecido no mercado pelo nome de pyriproxfen e os resultados dos testes comprovaram que o mesmo \u00e9 muito mais eficaz do que o produto que era usado anteriormente.<\/p>\n<p><a href=\"http:\/\/www.maisbn.com\/portal\/wp-content\/uploads\/2014\/11\/diad00015.jpg\"><img loading=\"lazy\" decoding=\"async\" class=\"aligncenter size-full wp-image-6341\" src=\"http:\/\/www.maisbn.com\/portal\/wp-content\/uploads\/2014\/11\/diad00015.jpg\" alt=\"diad00015\" width=\"650\" height=\"412\" srcset=\"https:\/\/www.maisbn.com\/portal\/wp-content\/uploads\/2014\/11\/diad00015.jpg 650w, https:\/\/www.maisbn.com\/portal\/wp-content\/uploads\/2014\/11\/diad00015-552x350.jpg 552w\" sizes=\"auto, (max-width: 650px) 100vw, 650px\" \/><\/a><\/p>\n<p>Na sexta-feira (07\/11) foi realizado o Dia D de combate \u00e0 dengue em Belmonte nos mesmos moldes do que foi realizado anteriormente em Barrol\u00e2ndia. A diferen\u00e7a \u00e9 que o evento contou com o som e as evolu\u00e7\u00f5es da fanfarra formada pelos alunos da Funda\u00e7\u00e3o Educacional Pedro Calmon (Bamtibe). O evento tamb\u00e9m contou com o apoio do Lar das Meninas e dos alunos de v\u00e1rias escolas. A passeata passou pelas principais ruas da cidade e alertou as pessoas sobre a import\u00e2ncia da preven\u00e7\u00e3o das duas doen\u00e7as citadas.<\/p>\n<p>Ana Marcia, Secret\u00e1ria Municipal de Sa\u00fade, avaliou positivamente os eventos e informou \u00e0 nossa equipe que todos os funcion\u00e1rios da pasta est\u00e3o empenhados na preven\u00e7\u00e3o da dengue e da chikungunya. Ela salientou que o mais importante \u00e9 prevenir e que o munic\u00edpio j\u00e1 est\u00e1 preparado caso surja algum caso das duas doen\u00e7as.<\/p>\n","protected":false},"excerpt":{"rendered":"<p>A agenda dos funcion\u00e1rios da sa\u00fade belmontense foi cheia na semana passada e tr\u00eas eventos importantes aconteceram na cidade no sentido de alertar a comunidade sobre como criar um ambiente de preven\u00e7\u00e3o de doen\u00e7as como a chikugunya e a dengue. O primeiro evento aconteceu na \u00faltima quarta-feira (05\/11) em Barrol\u00e2ndia onde foi realizado o Dia [&hellip;]<\/p>\n","protected":false},"author":7,"featured_media":6338,"comment_status":"closed","ping_status":"open","sticky":false,"template":"","format":"standard","meta":{"footnotes":""},"categories":[1,28],"tags":[108,593,592,591],"class_list":["post-6337","post","type-post","status-publish","format-standard","has-post-thumbnail","hentry","category-noticias","category-saude-noticias","tag-belmonte","tag-chikungunya","tag-dengue","tag-saude-belmonte"],"_links":{"self":[{"href":"https:\/\/www.maisbn.com\/portal\/wp-json\/wp\/v2\/posts\/6337","targetHints":{"allow":["GET"]}}],"collection":[{"href":"https:\/\/www.maisbn.com\/portal\/wp-json\/wp\/v2\/posts"}],"about":[{"href":"https:\/\/www.maisbn.com\/portal\/wp-json\/wp\/v2\/types\/post"}],"author":[{"embeddable":true,"href":"https:\/\/www.maisbn.com\/portal\/wp-json\/wp\/v2\/users\/7"}],"replies":[{"embeddable":true,"href":"https:\/\/www.maisbn.com\/portal\/wp-json\/wp\/v2\/comments?post=6337"}],"version-history":[{"count":0,"href":"https:\/\/www.maisbn.com\/portal\/wp-json\/wp\/v2\/posts\/6337\/revisions"}],"wp:featuredmedia":[{"embeddable":true,"href":"https:\/\/www.maisbn.com\/portal\/wp-json\/wp\/v2\/media\/6338"}],"wp:attachment":[{"href":"https:\/\/www.maisbn.com\/portal\/wp-json\/wp\/v2\/media?parent=6337"}],"wp:term":[{"taxonomy":"category","embeddable":true,"href":"https:\/\/www.maisbn.com\/portal\/wp-json\/wp\/v2\/categories?post=6337"},{"taxonomy":"post_tag","embeddable":true,"href":"https:\/\/www.maisbn.com\/portal\/wp-json\/wp\/v2\/tags?post=6337"}],"curies":[{"name":"wp","href":"https:\/\/api.w.org\/{rel}","templated":true}]}}