{"id":6321,"date":"2014-11-07T09:03:17","date_gmt":"2014-11-07T12:03:17","guid":{"rendered":"http:\/\/www.maisbn.com\/portal\/?p=6321"},"modified":"2014-11-07T09:03:17","modified_gmt":"2014-11-07T12:03:17","slug":"secretaria-de-educacao-convida-comunidade-para-discutir-os-rumos-da-educacao-belmontense-nos-proximos-10-anos","status":"publish","type":"post","link":"https:\/\/www.maisbn.com\/portal\/2014\/11\/secretaria-de-educacao-convida-comunidade-para-discutir-os-rumos-da-educacao-belmontense-nos-proximos-10-anos\/","title":{"rendered":"Secretaria de Educa\u00e7\u00e3o convida comunidade para discutir os rumos da educa\u00e7\u00e3o belmontense nos pr\u00f3ximos 10 anos."},"content":{"rendered":"<p><a href=\"http:\/\/www.maisbn.com\/portal\/wp-content\/uploads\/2014\/11\/educacao2.jpg\"><img loading=\"lazy\" decoding=\"async\" class=\"aligncenter size-full wp-image-6323\" src=\"http:\/\/www.maisbn.com\/portal\/wp-content\/uploads\/2014\/11\/educacao2.jpg\" alt=\"educacao2\" width=\"381\" height=\"171\" \/><\/a><\/p>\n<p>&nbsp;<\/p>\n<p><a href=\"http:\/\/www.maisbn.com\/portal\/wp-content\/uploads\/2014\/11\/educacao.jpg\"><img loading=\"lazy\" decoding=\"async\" class=\"wp-image-6322 alignleft\" src=\"http:\/\/www.maisbn.com\/portal\/wp-content\/uploads\/2014\/11\/educacao.jpg\" alt=\"educacao\" width=\"240\" height=\"212\" \/><\/a>A Gest\u00e3o Democr\u00e1tica \u00e9 um princ\u00edpio constitucional que tem como pressuposto o respeito m\u00fatuo, a responsabilidade, o envolvimento e a efetiva participa\u00e7\u00e3o nas decis\u00f5es que regem a Educa\u00e7\u00e3o Municipal, com base nisso, \u00e9 preciso se dizer que \u00e9 fundamental que as a\u00e7\u00f5es que regem essa Educa\u00e7\u00e3o, sejam elaboradas ou adequadas com a participa\u00e7\u00e3o de todos envolvidos direta ou indiretamente.<\/p>\n<p>Nessa quest\u00e3o a cidade de Belmonte est\u00e1 vivendo um momento \u00fanico onde a Prefeitura Municipal de Belmonte, atrav\u00e9s da Secretaria de Educa\u00e7\u00e3o, est\u00e1 buscando diagnosticar os principais pontos, que merecem maior aten\u00e7\u00e3o e formalizar a\u00e7\u00f5es que visem minimizar ou at\u00e9 mesmo sanar os problemas existentes. Para esse objetivo est\u00e1 se buscando tra\u00e7ar estrat\u00e9gias e metas de forma participativa e democr\u00e1tica se comprometendo na busca da melhoria na qualidade da educa\u00e7\u00e3o das escolas p\u00fablicas municipais.<\/p>\n<p>Com base no que foi citado acima, a Prefeitura de Belmonte convida a toda a comunidade para participar no pr\u00f3ximo\u00a0 dia 11 de novembro da realiza\u00e7\u00e3o do I Semin\u00e1rio de Estudos de Marcos Legais que servir\u00e1 de base para a elabora\u00e7\u00e3o do Plano Municipal de Educa\u00e7\u00e3o de Belmonte. O evento acontecer\u00e1 na C\u00e2mara Municipal de Vereadores a partir das 08:30Hrs. A proposta do Plano Municipal de Educa\u00e7\u00e3o ser\u00e1 elaborada por um Grupo Colaborativo, composto por 19 representantes e 13 comiss\u00f5es representativas da comunidade educacional e sociedade civil. O mesmo ter\u00e1 como base o Plano Nacional de Educa\u00e7\u00e3o(PNE) e o Plano Estadual de Educa\u00e7\u00e3o(PEE), bem como as a\u00e7\u00f5es nele contidas, ter\u00e3o validade para os pr\u00f3ximos dez anos.<\/p>\n<p>&nbsp;<\/p>\n","protected":false},"excerpt":{"rendered":"<p>&nbsp; A Gest\u00e3o Democr\u00e1tica \u00e9 um princ\u00edpio constitucional que tem como pressuposto o respeito m\u00fatuo, a responsabilidade, o envolvimento e a efetiva participa\u00e7\u00e3o nas decis\u00f5es que regem a Educa\u00e7\u00e3o Municipal, com base nisso, \u00e9 preciso se dizer que \u00e9 fundamental que as a\u00e7\u00f5es que regem essa Educa\u00e7\u00e3o, sejam elaboradas ou adequadas com a participa\u00e7\u00e3o de [&hellip;]<\/p>\n","protected":false},"author":7,"featured_media":6323,"comment_status":"closed","ping_status":"open","sticky":false,"template":"","format":"standard","meta":{"footnotes":""},"categories":[8,1],"tags":[108,587],"class_list":["post-6321","post","type-post","status-publish","format-standard","has-post-thumbnail","hentry","category-educacao","category-noticias","tag-belmonte","tag-secretaria-de-educacao-de-belmonte"],"_links":{"self":[{"href":"https:\/\/www.maisbn.com\/portal\/wp-json\/wp\/v2\/posts\/6321","targetHints":{"allow":["GET"]}}],"collection":[{"href":"https:\/\/www.maisbn.com\/portal\/wp-json\/wp\/v2\/posts"}],"about":[{"href":"https:\/\/www.maisbn.com\/portal\/wp-json\/wp\/v2\/types\/post"}],"author":[{"embeddable":true,"href":"https:\/\/www.maisbn.com\/portal\/wp-json\/wp\/v2\/users\/7"}],"replies":[{"embeddable":true,"href":"https:\/\/www.maisbn.com\/portal\/wp-json\/wp\/v2\/comments?post=6321"}],"version-history":[{"count":0,"href":"https:\/\/www.maisbn.com\/portal\/wp-json\/wp\/v2\/posts\/6321\/revisions"}],"wp:featuredmedia":[{"embeddable":true,"href":"https:\/\/www.maisbn.com\/portal\/wp-json\/wp\/v2\/media\/6323"}],"wp:attachment":[{"href":"https:\/\/www.maisbn.com\/portal\/wp-json\/wp\/v2\/media?parent=6321"}],"wp:term":[{"taxonomy":"category","embeddable":true,"href":"https:\/\/www.maisbn.com\/portal\/wp-json\/wp\/v2\/categories?post=6321"},{"taxonomy":"post_tag","embeddable":true,"href":"https:\/\/www.maisbn.com\/portal\/wp-json\/wp\/v2\/tags?post=6321"}],"curies":[{"name":"wp","href":"https:\/\/api.w.org\/{rel}","templated":true}]}}