{"id":6311,"date":"2014-11-05T08:38:53","date_gmt":"2014-11-05T11:38:53","guid":{"rendered":"http:\/\/www.maisbn.com\/portal\/?p=6311"},"modified":"2014-11-05T08:38:53","modified_gmt":"2014-11-05T11:38:53","slug":"belmonte-participa-35-ano-da-campanha-nacional-de-vacina-contra-poliomielite","status":"publish","type":"post","link":"https:\/\/www.maisbn.com\/portal\/2014\/11\/belmonte-participa-35-ano-da-campanha-nacional-de-vacina-contra-poliomielite\/","title":{"rendered":"Belmonte participa do 35\u00b0 ano da campanha Nacional de vacina contra a Poliomielite."},"content":{"rendered":"<p><a href=\"http:\/\/www.maisbn.com\/portal\/wp-content\/uploads\/2014\/10\/Sec_saude.jpg\"><img loading=\"lazy\" decoding=\"async\" class=\"aligncenter size-full wp-image-6224\" src=\"http:\/\/www.maisbn.com\/portal\/wp-content\/uploads\/2014\/10\/Sec_saude.jpg\" alt=\"Sec_saude\" width=\"590\" height=\"319\" \/><\/a><\/p>\n<p>O Brasil realizara, em 2014, o 35\u00b0 ano de campanha Nacional de vacina contra a Poliomielite e confirma o 25\u00b0ano sem a doen\u00e7a no Pais, estando livre do polioviros.<\/p>\n<p>Com base nisso a Secretaria Municipal de Sa\u00fade com apoio da Prefeitura Municipal de Belmonte Convida a todos os pais e respons\u00e1veis para levar seus filhos de 06 meses e menores de 05 anos de idade para receber a vacina contra PARALISIA INFANTIL e SARAMPO.<\/p>\n<p>A campanha Nacional dar\u00e1 inicio no dia 08\/11 a 28\/11 sendo o dia de mobiliza\u00e7\u00e3o s\u00e1bado dia 08 de novembro onde todos os postos de sa\u00fade estar\u00e3o abertos para receber a popula\u00e7\u00e3o dos 08:00 as 17:00hs.<\/p>\n<p>Pontos de vacina\u00e7\u00e3o PSF I (Ponta de Areia), PSF II(Biela), PSF VII (Bom Jardim) e Hospital D\u00ba Jos\u00e9 da Costa Pinto Dantas.<\/p>\n","protected":false},"excerpt":{"rendered":"<p>O Brasil realizara, em 2014, o 35\u00b0 ano de campanha Nacional de vacina contra a Poliomielite e confirma o 25\u00b0ano sem a doen\u00e7a no Pais, estando livre do polioviros. Com base nisso a Secretaria Municipal de Sa\u00fade com apoio da Prefeitura Municipal de Belmonte Convida a todos os pais e respons\u00e1veis para levar seus filhos [&hellip;]<\/p>\n","protected":false},"author":7,"featured_media":6224,"comment_status":"closed","ping_status":"open","sticky":false,"template":"","format":"standard","meta":{"footnotes":""},"categories":[1,28],"tags":[108,113],"class_list":["post-6311","post","type-post","status-publish","format-standard","has-post-thumbnail","hentry","category-noticias","category-saude-noticias","tag-belmonte","tag-prefeitura-de-belmonte"],"_links":{"self":[{"href":"https:\/\/www.maisbn.com\/portal\/wp-json\/wp\/v2\/posts\/6311","targetHints":{"allow":["GET"]}}],"collection":[{"href":"https:\/\/www.maisbn.com\/portal\/wp-json\/wp\/v2\/posts"}],"about":[{"href":"https:\/\/www.maisbn.com\/portal\/wp-json\/wp\/v2\/types\/post"}],"author":[{"embeddable":true,"href":"https:\/\/www.maisbn.com\/portal\/wp-json\/wp\/v2\/users\/7"}],"replies":[{"embeddable":true,"href":"https:\/\/www.maisbn.com\/portal\/wp-json\/wp\/v2\/comments?post=6311"}],"version-history":[{"count":0,"href":"https:\/\/www.maisbn.com\/portal\/wp-json\/wp\/v2\/posts\/6311\/revisions"}],"wp:featuredmedia":[{"embeddable":true,"href":"https:\/\/www.maisbn.com\/portal\/wp-json\/wp\/v2\/media\/6224"}],"wp:attachment":[{"href":"https:\/\/www.maisbn.com\/portal\/wp-json\/wp\/v2\/media?parent=6311"}],"wp:term":[{"taxonomy":"category","embeddable":true,"href":"https:\/\/www.maisbn.com\/portal\/wp-json\/wp\/v2\/categories?post=6311"},{"taxonomy":"post_tag","embeddable":true,"href":"https:\/\/www.maisbn.com\/portal\/wp-json\/wp\/v2\/tags?post=6311"}],"curies":[{"name":"wp","href":"https:\/\/api.w.org\/{rel}","templated":true}]}}