{"id":6304,"date":"2014-11-04T15:54:37","date_gmt":"2014-11-04T18:54:37","guid":{"rendered":"http:\/\/www.maisbn.com\/portal\/?p=6304"},"modified":"2014-11-04T16:01:31","modified_gmt":"2014-11-04T19:01:31","slug":"lider-da-faccao-criminosa-que-controla-o-trafico-de-drogas-na-regiao-da-costa-descobrimento-e-preso","status":"publish","type":"post","link":"https:\/\/www.maisbn.com\/portal\/2014\/11\/lider-da-faccao-criminosa-que-controla-o-trafico-de-drogas-na-regiao-da-costa-descobrimento-e-preso\/","title":{"rendered":"L\u00edder da fac\u00e7\u00e3o criminosa que controla o tr\u00e1fico de drogas na Regi\u00e3o da Costa do Descobrimento \u00e9 preso."},"content":{"rendered":"<div id=\"attachment_6305\" style=\"width: 650px\" class=\"wp-caption aligncenter\"><a href=\"http:\/\/www.maisbn.com\/portal\/wp-content\/uploads\/2014\/11\/padaria.jpg\"><img loading=\"lazy\" decoding=\"async\" aria-describedby=\"caption-attachment-6305\" class=\"wp-image-6305 size-full\" src=\"http:\/\/www.maisbn.com\/portal\/wp-content\/uploads\/2014\/11\/padaria.jpg\" alt=\"padaria\" width=\"640\" height=\"401\" srcset=\"https:\/\/www.maisbn.com\/portal\/wp-content\/uploads\/2014\/11\/padaria.jpg 640w, https:\/\/www.maisbn.com\/portal\/wp-content\/uploads\/2014\/11\/padaria-558x350.jpg 558w\" sizes=\"auto, (max-width: 640px) 100vw, 640px\" \/><\/a><p id=\"caption-attachment-6305\" class=\"wp-caption-text\">Bui\u00fa &#8211; Chefe do Tr\u00e1fico em Porto Seguro.<\/p><\/div>\n<p>A Pol\u00edcia Federal, em conjunto com a Secretaria de Seguran\u00e7a P\u00fablica do Estado da Bahia, prendeu na manh\u00e3 desta ter\u00e7a-feira (04) um dos maiores traficantes de drogas de Porto Seguro no Aeroporto Internacional de Guarulhos, em S\u00e3o Paulo.<\/p>\n<p>Segundo o delegado Mois\u00e9s Damasceno, que participou da opera\u00e7\u00e3o, Andr\u00e9 M\u00e1rcio de Jesus, o &#8216;Bui\u00fa&#8217;, de 28 anos, foi preso quando se encontrava dentro da aeronave que partiu da cidade de Aracaj\u00fa\/SE com destino a Guarulhos. Ele n\u00e3o reagiu ao ser abordado pelos policiais e apresentou documento de identidade falso. Ao desembarcar, &#8216;Bui\u00fa&#8217; foi imediatamente conduzido pelos policiais \u00e0 Delegacia de Pol\u00edcia Federal.<\/p>\n<p>Os policiais federais, juntamente com a intelig\u00eancia da Secretaria de Seguran\u00e7a P\u00fablica da Bahia, rastrearam o paradeiro do traficante h\u00e1 mais de 3 anos.<\/p>\n<p>&#8216;Bui\u00fa&#8217; ou &#8216;Padaria&#8217; e ocupa a posi\u00e7\u00e3o de &#8216;\u00c1s de Copas&#8217; no &#8216;Baralho do Crime&#8217;, sendo um dos bandidos mais procurados do extremo sul do estado. Ele \u00e9 acusado de comandar o tr\u00e1fico de drogas na regi\u00e3o de Porto Seguro e \u00e9 suspeito de ser respons\u00e1vel por diversos homic\u00eddios. Bui\u00fa \u00e9 acusado de ser o l\u00edder da fac\u00e7\u00e3o MPA (Mercado do Povo Atitude) que se estende pelas cidades de Santa Cruz Cabr\u00e1lia e Belmonte e que j\u00e1 ocasionou diversas mortes na busca do controle total do tr\u00e1fico de drogas em toda a regi\u00e3o. A fac\u00e7\u00e3o tamb\u00e9m \u00e9 conhecida pelo fato de tocar terror em Porto Seguro atrav\u00e9s da queima de \u00f4nibus e toques de recolher quando algum chefe da citada fac\u00e7\u00e3o era morto ou preso pela policia.<\/p>\n<p>O &#8216;Baralho do Crime&#8217; foi lan\u00e7ado no ano de 2011 pela Secretaria de Seguran\u00e7a P\u00fablica da Bahia e divulga fotos e informa\u00e7\u00f5es dos indiv\u00edduos mais procurados pela pol\u00edcia, sejam eles criminosos de alta periculosidade ou evadidos do sistema prisional.<\/p>\n<p>O homem ser\u00e1 transferido para um pres\u00eddio em Salvador, onde ficar\u00e1 \u00e0 disposi\u00e7\u00e3o da justi\u00e7a, respondendo pelos crimes que \u00e9 acusado. &#8216;Buiu&#8217; pode ainda pode ser transferido para um pres\u00eddio federal, j\u00e1 que faz parte do &#8216;Baralho do Crime&#8217;.<\/p>\n","protected":false},"excerpt":{"rendered":"<p>A Pol\u00edcia Federal, em conjunto com a Secretaria de Seguran\u00e7a P\u00fablica do Estado da Bahia, prendeu na manh\u00e3 desta ter\u00e7a-feira (04) um dos maiores traficantes de drogas de Porto Seguro no Aeroporto Internacional de Guarulhos, em S\u00e3o Paulo. Segundo o delegado Mois\u00e9s Damasceno, que participou da opera\u00e7\u00e3o, Andr\u00e9 M\u00e1rcio de Jesus, o &#8216;Bui\u00fa&#8217;, de 28 [&hellip;]<\/p>\n","protected":false},"author":7,"featured_media":6305,"comment_status":"closed","ping_status":"open","sticky":false,"template":"","format":"standard","meta":{"footnotes":""},"categories":[1,16],"tags":[101],"class_list":["post-6304","post","type-post","status-publish","format-standard","has-post-thumbnail","hentry","category-noticias","category-policial","tag-belmonte-bahia-2"],"_links":{"self":[{"href":"https:\/\/www.maisbn.com\/portal\/wp-json\/wp\/v2\/posts\/6304","targetHints":{"allow":["GET"]}}],"collection":[{"href":"https:\/\/www.maisbn.com\/portal\/wp-json\/wp\/v2\/posts"}],"about":[{"href":"https:\/\/www.maisbn.com\/portal\/wp-json\/wp\/v2\/types\/post"}],"author":[{"embeddable":true,"href":"https:\/\/www.maisbn.com\/portal\/wp-json\/wp\/v2\/users\/7"}],"replies":[{"embeddable":true,"href":"https:\/\/www.maisbn.com\/portal\/wp-json\/wp\/v2\/comments?post=6304"}],"version-history":[{"count":0,"href":"https:\/\/www.maisbn.com\/portal\/wp-json\/wp\/v2\/posts\/6304\/revisions"}],"wp:featuredmedia":[{"embeddable":true,"href":"https:\/\/www.maisbn.com\/portal\/wp-json\/wp\/v2\/media\/6305"}],"wp:attachment":[{"href":"https:\/\/www.maisbn.com\/portal\/wp-json\/wp\/v2\/media?parent=6304"}],"wp:term":[{"taxonomy":"category","embeddable":true,"href":"https:\/\/www.maisbn.com\/portal\/wp-json\/wp\/v2\/categories?post=6304"},{"taxonomy":"post_tag","embeddable":true,"href":"https:\/\/www.maisbn.com\/portal\/wp-json\/wp\/v2\/tags?post=6304"}],"curies":[{"name":"wp","href":"https:\/\/api.w.org\/{rel}","templated":true}]}}