{"id":6289,"date":"2014-10-30T14:51:15","date_gmt":"2014-10-30T17:51:15","guid":{"rendered":"http:\/\/www.maisbn.com\/portal\/?p=6289"},"modified":"2014-10-30T14:51:15","modified_gmt":"2014-10-30T17:51:15","slug":"grande-evento-marca-o-outubro-rosa-em-belmonte","status":"publish","type":"post","link":"https:\/\/www.maisbn.com\/portal\/2014\/10\/grande-evento-marca-o-outubro-rosa-em-belmonte\/","title":{"rendered":"Grande evento marca o Outubro Rosa em Belmonte."},"content":{"rendered":"<p><a href=\"http:\/\/www.maisbn.com\/portal\/wp-content\/uploads\/2014\/10\/outubrorosa_00024.jpg\"><img loading=\"lazy\" decoding=\"async\" class=\"aligncenter size-full wp-image-6290\" src=\"http:\/\/www.maisbn.com\/portal\/wp-content\/uploads\/2014\/10\/outubrorosa_00024.jpg\" alt=\"outubrorosa_00024\" width=\"650\" height=\"412\" srcset=\"https:\/\/www.maisbn.com\/portal\/wp-content\/uploads\/2014\/10\/outubrorosa_00024.jpg 650w, https:\/\/www.maisbn.com\/portal\/wp-content\/uploads\/2014\/10\/outubrorosa_00024-552x350.jpg 552w\" sizes=\"auto, (max-width: 650px) 100vw, 650px\" \/><\/a><\/p>\n<p>A causa foi bem maior que a chuva que caiu sobre as pessoas que se mobilizaram nesta quarta-feira (29), em prol da Preven\u00e7\u00e3o do C\u00e2ncer de Mama que teve seu ponto alto marcado com uma passeata onde comunidades de bairros e as equipes sa\u00edram das suas respectivas Unidades de Sa\u00fade e se encontraram na Rua 23 de maio, em frente \u00e0 Farm\u00e1cia Virginia e de l\u00e1 seguiram todos juntos para o Esporte Clube Am\u00e9rica ao som da Fanfarra da Escola Polivalente.<\/p>\n<p><a href=\"http:\/\/www.maisbn.com\/portal\/wp-content\/uploads\/2014\/10\/outubrorosa_00037.jpg\"><img loading=\"lazy\" decoding=\"async\" class=\"aligncenter size-full wp-image-6291\" src=\"http:\/\/www.maisbn.com\/portal\/wp-content\/uploads\/2014\/10\/outubrorosa_00037.jpg\" alt=\"outubrorosa_00037\" width=\"650\" height=\"412\" srcset=\"https:\/\/www.maisbn.com\/portal\/wp-content\/uploads\/2014\/10\/outubrorosa_00037.jpg 650w, https:\/\/www.maisbn.com\/portal\/wp-content\/uploads\/2014\/10\/outubrorosa_00037-552x350.jpg 552w\" sizes=\"auto, (max-width: 650px) 100vw, 650px\" \/><\/a><\/p>\n<p>No local foram realizadas palestra sobre Preven\u00e7\u00e3o do C\u00e2ncer de Mama, exames da mama, aferi\u00e7\u00e3o de press\u00e3o, glicemia, testes r\u00e1pidos de HIV, s\u00edfilis, vacina, sa\u00fade bucal. A Secretaria Municipal de A\u00e7\u00e3o Social sorteou v\u00e1rios brindes para os participantes do evento.<\/p>\n<p>A a\u00e7\u00e3o que contou com o apoio da Prefeitura Municipal, atrav\u00e9s da Secretaria de Sa\u00fade e das equipes da Aten\u00e7\u00e3o B\u00e1sica, e de v\u00e1rios comerciantes que ajudaram doando recursos para essa grande festa.<\/p>\n<p><a href=\"http:\/\/www.maisbn.com\/portal\/wp-content\/uploads\/2014\/10\/outubrorosa_00048.jpg\"><img loading=\"lazy\" decoding=\"async\" class=\"aligncenter size-full wp-image-6292\" src=\"http:\/\/www.maisbn.com\/portal\/wp-content\/uploads\/2014\/10\/outubrorosa_00048.jpg\" alt=\"outubrorosa_00048\" width=\"650\" height=\"412\" srcset=\"https:\/\/www.maisbn.com\/portal\/wp-content\/uploads\/2014\/10\/outubrorosa_00048.jpg 650w, https:\/\/www.maisbn.com\/portal\/wp-content\/uploads\/2014\/10\/outubrorosa_00048-552x350.jpg 552w\" sizes=\"auto, (max-width: 650px) 100vw, 650px\" \/><\/a><\/p>\n<p>Para a Secret\u00e1ria de Sa\u00fade Ana M\u00e1rcia a\u00a0 a\u00e7\u00e3o, que tem o objetivo de conscientizar as mulheres sobre a import\u00e2ncia da preven\u00e7\u00e3o e do diagn\u00f3stico precoce do c\u00e2ncer de mama, tinha como objetivo chamar\u00a0 a aten\u00e7\u00e3o da sociedade para a mudan\u00e7a de h\u00e1bitos de vida e para a responsabilidade de cada um com seu pr\u00f3prio corpo. A\u00a0 ideia \u00e9 que cada um possa rever o significado da responsabilidade de todos nos, buscando sua ess\u00eancia em ostentar a vida, a f\u00e9, a esperan\u00e7a, a amizade, a beleza!<\/p>\n","protected":false},"excerpt":{"rendered":"<p>A causa foi bem maior que a chuva que caiu sobre as pessoas que se mobilizaram nesta quarta-feira (29), em prol da Preven\u00e7\u00e3o do C\u00e2ncer de Mama que teve seu ponto alto marcado com uma passeata onde comunidades de bairros e as equipes sa\u00edram das suas respectivas Unidades de Sa\u00fade e se encontraram na Rua [&hellip;]<\/p>\n","protected":false},"author":7,"featured_media":6290,"comment_status":"closed","ping_status":"open","sticky":false,"template":"","format":"standard","meta":{"footnotes":""},"categories":[1,28],"tags":[101,586],"class_list":["post-6289","post","type-post","status-publish","format-standard","has-post-thumbnail","hentry","category-noticias","category-saude-noticias","tag-belmonte-bahia-2","tag-outubro-rosa-2014"],"_links":{"self":[{"href":"https:\/\/www.maisbn.com\/portal\/wp-json\/wp\/v2\/posts\/6289","targetHints":{"allow":["GET"]}}],"collection":[{"href":"https:\/\/www.maisbn.com\/portal\/wp-json\/wp\/v2\/posts"}],"about":[{"href":"https:\/\/www.maisbn.com\/portal\/wp-json\/wp\/v2\/types\/post"}],"author":[{"embeddable":true,"href":"https:\/\/www.maisbn.com\/portal\/wp-json\/wp\/v2\/users\/7"}],"replies":[{"embeddable":true,"href":"https:\/\/www.maisbn.com\/portal\/wp-json\/wp\/v2\/comments?post=6289"}],"version-history":[{"count":0,"href":"https:\/\/www.maisbn.com\/portal\/wp-json\/wp\/v2\/posts\/6289\/revisions"}],"wp:featuredmedia":[{"embeddable":true,"href":"https:\/\/www.maisbn.com\/portal\/wp-json\/wp\/v2\/media\/6290"}],"wp:attachment":[{"href":"https:\/\/www.maisbn.com\/portal\/wp-json\/wp\/v2\/media?parent=6289"}],"wp:term":[{"taxonomy":"category","embeddable":true,"href":"https:\/\/www.maisbn.com\/portal\/wp-json\/wp\/v2\/categories?post=6289"},{"taxonomy":"post_tag","embeddable":true,"href":"https:\/\/www.maisbn.com\/portal\/wp-json\/wp\/v2\/tags?post=6289"}],"curies":[{"name":"wp","href":"https:\/\/api.w.org\/{rel}","templated":true}]}}