{"id":6243,"date":"2014-10-21T16:19:45","date_gmt":"2014-10-21T19:19:45","guid":{"rendered":"http:\/\/www.maisbn.com\/portal\/?p=6243"},"modified":"2014-10-21T17:30:40","modified_gmt":"2014-10-21T20:30:40","slug":"prefeitura-inaugura-novas-instalacoes-da-central-de-regulacao-e-farmacia-basica","status":"publish","type":"post","link":"https:\/\/www.maisbn.com\/portal\/2014\/10\/prefeitura-inaugura-novas-instalacoes-da-central-de-regulacao-e-farmacia-basica\/","title":{"rendered":"Prefeitura inaugura novas instala\u00e7\u00f5es da Central de Regula\u00e7\u00e3o e Farm\u00e1cia B\u00e1sica."},"content":{"rendered":"<div><a href=\"http:\/\/www.maisbn.com\/portal\/wp-content\/uploads\/2014\/10\/Image00035.jpg\"><img loading=\"lazy\" decoding=\"async\" class=\"aligncenter size-full wp-image-6244\" src=\"http:\/\/www.maisbn.com\/portal\/wp-content\/uploads\/2014\/10\/Image00035.jpg\" alt=\"Image00035\" width=\"650\" height=\"412\" srcset=\"https:\/\/www.maisbn.com\/portal\/wp-content\/uploads\/2014\/10\/Image00035.jpg 650w, https:\/\/www.maisbn.com\/portal\/wp-content\/uploads\/2014\/10\/Image00035-552x350.jpg 552w\" sizes=\"auto, (max-width: 650px) 100vw, 650px\" \/><\/a><\/div>\n<div>Com intuito de melhor atender a comunidade, a Prefeitura Belmonte, atrav\u00e9s da Secretaria municipal de Sa\u00fade, inaugurou neste ultimo dia 20 de outubro a nova instala\u00e7\u00e3o da Central de Regula\u00e7\u00e3o e Marca\u00e7\u00e3o e Farm\u00e1cia B\u00e1sica. O evento contou com a participa\u00e7\u00e3o de \u00a0Vereadores, Secret\u00e1rios Municipais, membros do Conselho Municipal de Sa\u00fade, profissionais, t\u00e9cnicos da Secretaria Municipal de Sa\u00fade e popula\u00e7\u00e3o em geral.<\/div>\n<div><\/div>\n<div><a href=\"http:\/\/www.maisbn.com\/portal\/wp-content\/uploads\/2014\/10\/Image22000011.jpg\"><img loading=\"lazy\" decoding=\"async\" class=\"aligncenter size-full wp-image-6250\" src=\"http:\/\/www.maisbn.com\/portal\/wp-content\/uploads\/2014\/10\/Image22000011.jpg\" alt=\"Image2200001\" width=\"650\" height=\"412\" srcset=\"https:\/\/www.maisbn.com\/portal\/wp-content\/uploads\/2014\/10\/Image22000011.jpg 650w, https:\/\/www.maisbn.com\/portal\/wp-content\/uploads\/2014\/10\/Image22000011-552x350.jpg 552w\" sizes=\"auto, (max-width: 650px) 100vw, 650px\" \/><\/a><\/div>\n<div><\/div>\n<div>A nova instala\u00e7\u00e3o fica localizada \u00e0 rua Coronel Jose Gomes n\u00ba 315, pr\u00f3ximo a C\u00e2mara de Vereadores e a comunidade contar\u00e1 com uma unidade mais espa\u00e7osa que agilizar\u00e1 os servi\u00e7os e proporcionar\u00e1 um maior conforto para o atendimento. A Prefeita Alice Maria Britto comentou \u00e0 nossa equipe que as novas instala\u00e7\u00f5es proporcionar\u00e3o um maior conforto para as pessoas, j\u00e1 que, o pr\u00e9dio antigo n\u00e3o estava mais conseguindo atender \u00e0 demanda.<\/div>\n<div><\/div>\n<div><\/div>\n<div>O p\u00fablico presente aplaudiu e ficou muito feliz com a nova realiza\u00e7\u00e3o e um grande n\u00famero de pessoas entrou no pr\u00e9dio para conhecer as novas instala\u00e7\u00f5es juntamente com\u00a0 a comitiva da Prefeita e os funcion\u00e1rios da Sa\u00fade se reuniram para agradecer a grande conquista.<\/div>\n","protected":false},"excerpt":{"rendered":"<p>Com intuito de melhor atender a comunidade, a Prefeitura Belmonte, atrav\u00e9s da Secretaria municipal de Sa\u00fade, inaugurou neste ultimo dia 20 de outubro a nova instala\u00e7\u00e3o da Central de Regula\u00e7\u00e3o e Marca\u00e7\u00e3o e Farm\u00e1cia B\u00e1sica. O evento contou com a participa\u00e7\u00e3o de \u00a0Vereadores, Secret\u00e1rios Municipais, membros do Conselho Municipal de Sa\u00fade, profissionais, t\u00e9cnicos da Secretaria [&hellip;]<\/p>\n","protected":false},"author":7,"featured_media":6244,"comment_status":"closed","ping_status":"open","sticky":false,"template":"","format":"standard","meta":{"footnotes":""},"categories":[1,28],"tags":[108,101,113],"class_list":["post-6243","post","type-post","status-publish","format-standard","has-post-thumbnail","hentry","category-noticias","category-saude-noticias","tag-belmonte","tag-belmonte-bahia-2","tag-prefeitura-de-belmonte"],"_links":{"self":[{"href":"https:\/\/www.maisbn.com\/portal\/wp-json\/wp\/v2\/posts\/6243","targetHints":{"allow":["GET"]}}],"collection":[{"href":"https:\/\/www.maisbn.com\/portal\/wp-json\/wp\/v2\/posts"}],"about":[{"href":"https:\/\/www.maisbn.com\/portal\/wp-json\/wp\/v2\/types\/post"}],"author":[{"embeddable":true,"href":"https:\/\/www.maisbn.com\/portal\/wp-json\/wp\/v2\/users\/7"}],"replies":[{"embeddable":true,"href":"https:\/\/www.maisbn.com\/portal\/wp-json\/wp\/v2\/comments?post=6243"}],"version-history":[{"count":0,"href":"https:\/\/www.maisbn.com\/portal\/wp-json\/wp\/v2\/posts\/6243\/revisions"}],"wp:featuredmedia":[{"embeddable":true,"href":"https:\/\/www.maisbn.com\/portal\/wp-json\/wp\/v2\/media\/6244"}],"wp:attachment":[{"href":"https:\/\/www.maisbn.com\/portal\/wp-json\/wp\/v2\/media?parent=6243"}],"wp:term":[{"taxonomy":"category","embeddable":true,"href":"https:\/\/www.maisbn.com\/portal\/wp-json\/wp\/v2\/categories?post=6243"},{"taxonomy":"post_tag","embeddable":true,"href":"https:\/\/www.maisbn.com\/portal\/wp-json\/wp\/v2\/tags?post=6243"}],"curies":[{"name":"wp","href":"https:\/\/api.w.org\/{rel}","templated":true}]}}