{"id":6223,"date":"2014-10-16T19:21:59","date_gmt":"2014-10-16T22:21:59","guid":{"rendered":"http:\/\/www.maisbn.com\/portal\/?p=6223"},"modified":"2014-10-16T19:21:59","modified_gmt":"2014-10-16T22:21:59","slug":"secretaria-de-saude-convida-comunidade-para-inauguracao-de-novas-instalacoes-de-atendimento-ao-publico","status":"publish","type":"post","link":"https:\/\/www.maisbn.com\/portal\/2014\/10\/secretaria-de-saude-convida-comunidade-para-inauguracao-de-novas-instalacoes-de-atendimento-ao-publico\/","title":{"rendered":"Secretaria de Sa\u00fade convida comunidade para a inaugura\u00e7\u00e3o de novas instala\u00e7\u00f5es de atendimento ao p\u00fablico."},"content":{"rendered":"<h1 style=\"text-align: center;\"><\/h1>\n<p><a href=\"http:\/\/www.maisbn.com\/portal\/wp-content\/uploads\/2014\/10\/Sec_saude.jpg\"><img loading=\"lazy\" decoding=\"async\" class=\"aligncenter size-full wp-image-6224\" src=\"http:\/\/www.maisbn.com\/portal\/wp-content\/uploads\/2014\/10\/Sec_saude.jpg\" alt=\"Sec_saude\" width=\"590\" height=\"319\" \/><\/a><\/p>\n<p>&nbsp;<\/p>\n<h1 style=\"text-align: center;\"><\/h1>\n<h1 style=\"text-align: center;\"><strong>CONVITE<\/strong><\/h1>\n<p>&nbsp;<\/p>\n<h2>A Secretaria Municipal de Sa\u00fade convida para a Inaugura\u00e7\u00e3o das Novas Instala\u00e7\u00f5es da Central de Marca\u00e7\u00e3o de Consulta e Exames e Farm\u00e1cia B\u00e1sica.<\/h2>\n<h2>Data: 20.10.2014<br \/>\nHor\u00e1rio: 17:00hs<\/h2>\n<h2>Local: Rua Coronel Jos\u00e9 Gomes (Pr\u00f3ximo \u00e0 C\u00e2mara dos Vereadores)<\/h2>\n<address><strong><em>&#8220;Mulher consciente na luta contra o c\u00e2ncer de mama&#8221;.<\/em><\/strong><br \/>\n<strong><em>Apoio Prefeitura Municipal de Belmonte.<\/em><\/strong><\/address>\n","protected":false},"excerpt":{"rendered":"<p>&nbsp; CONVITE &nbsp; A Secretaria Municipal de Sa\u00fade convida para a Inaugura\u00e7\u00e3o das Novas Instala\u00e7\u00f5es da Central de Marca\u00e7\u00e3o de Consulta e Exames e Farm\u00e1cia B\u00e1sica. Data: 20.10.2014 Hor\u00e1rio: 17:00hs Local: Rua Coronel Jos\u00e9 Gomes (Pr\u00f3ximo \u00e0 C\u00e2mara dos Vereadores) &#8220;Mulher consciente na luta contra o c\u00e2ncer de mama&#8221;. Apoio Prefeitura Municipal de Belmonte.<\/p>\n","protected":false},"author":7,"featured_media":6224,"comment_status":"closed","ping_status":"open","sticky":false,"template":"","format":"standard","meta":{"footnotes":""},"categories":[1,28],"tags":[108,44,575],"class_list":["post-6223","post","type-post","status-publish","format-standard","has-post-thumbnail","hentry","category-noticias","category-saude-noticias","tag-belmonte","tag-belmonte-ba","tag-secretaria-de-saude"],"_links":{"self":[{"href":"https:\/\/www.maisbn.com\/portal\/wp-json\/wp\/v2\/posts\/6223","targetHints":{"allow":["GET"]}}],"collection":[{"href":"https:\/\/www.maisbn.com\/portal\/wp-json\/wp\/v2\/posts"}],"about":[{"href":"https:\/\/www.maisbn.com\/portal\/wp-json\/wp\/v2\/types\/post"}],"author":[{"embeddable":true,"href":"https:\/\/www.maisbn.com\/portal\/wp-json\/wp\/v2\/users\/7"}],"replies":[{"embeddable":true,"href":"https:\/\/www.maisbn.com\/portal\/wp-json\/wp\/v2\/comments?post=6223"}],"version-history":[{"count":0,"href":"https:\/\/www.maisbn.com\/portal\/wp-json\/wp\/v2\/posts\/6223\/revisions"}],"wp:featuredmedia":[{"embeddable":true,"href":"https:\/\/www.maisbn.com\/portal\/wp-json\/wp\/v2\/media\/6224"}],"wp:attachment":[{"href":"https:\/\/www.maisbn.com\/portal\/wp-json\/wp\/v2\/media?parent=6223"}],"wp:term":[{"taxonomy":"category","embeddable":true,"href":"https:\/\/www.maisbn.com\/portal\/wp-json\/wp\/v2\/categories?post=6223"},{"taxonomy":"post_tag","embeddable":true,"href":"https:\/\/www.maisbn.com\/portal\/wp-json\/wp\/v2\/tags?post=6223"}],"curies":[{"name":"wp","href":"https:\/\/api.w.org\/{rel}","templated":true}]}}