{"id":6171,"date":"2014-10-08T09:52:56","date_gmt":"2014-10-08T12:52:56","guid":{"rendered":"http:\/\/www.maisbn.com\/portal\/?p=6171"},"modified":"2014-10-08T09:52:56","modified_gmt":"2014-10-08T12:52:56","slug":"12-detentos-de-belmonte-sao-transferidos-para-o-presidio-de-eunapolis","status":"publish","type":"post","link":"https:\/\/www.maisbn.com\/portal\/2014\/10\/12-detentos-de-belmonte-sao-transferidos-para-o-presidio-de-eunapolis\/","title":{"rendered":"12 detentos de Belmonte s\u00e3o transferidos para o pres\u00eddio de Eun\u00e1polis."},"content":{"rendered":"<p>Foram transferidos 12 detentos da delegacia da cidade de Belmonte para o pres\u00eddio de Eun\u00e1polis na manh\u00e3 desta ter\u00e7a-feira (07). Com apoio dos policiais civis de Eun\u00e1polis, Cabr\u00e1lia e Belmonte os detentos foram conduzidos em tr\u00eas viaturas.<\/p>\n<p><a href=\"http:\/\/www.maisbn.com\/portal\/wp-content\/uploads\/2014\/10\/detentos-transferidos-07-10-14.jpg\"><img loading=\"lazy\" decoding=\"async\" class=\"aligncenter size-full wp-image-6172\" src=\"http:\/\/www.maisbn.com\/portal\/wp-content\/uploads\/2014\/10\/detentos-transferidos-07-10-14.jpg\" alt=\"detentos-transferidos-07-10-14\" width=\"630\" height=\"800\" srcset=\"https:\/\/www.maisbn.com\/portal\/wp-content\/uploads\/2014\/10\/detentos-transferidos-07-10-14.jpg 630w, https:\/\/www.maisbn.com\/portal\/wp-content\/uploads\/2014\/10\/detentos-transferidos-07-10-14-275x350.jpg 275w, https:\/\/www.maisbn.com\/portal\/wp-content\/uploads\/2014\/10\/detentos-transferidos-07-10-14-551x700.jpg 551w\" sizes=\"auto, (max-width: 630px) 100vw, 630px\" \/><\/a><\/p>\n<p><strong>Confira os nomes dos detentos que foram transferidos:<\/strong><\/p>\n<p>Adriano da Silva Santos<\/p>\n<p>Carlos Alberto Santos Silva \u2013 Vulgo \u201cPaulista\u201d<\/p>\n<p>Carlos Roberto Santos Silva \u2013 Vulgo \u201cBuru\u201d<\/p>\n<p>Danilo Rosa Santana \u2013 Vulgo \u201cDan\u201d<\/p>\n<p>Iago Oliveira Santos \u2013 Vulgo \u201cMa\u00e7u\u201d<\/p>\n<p>Jo\u00e3o Marcos de Souza Santos<\/p>\n<p>Leandro Santos da Silva \u2013 \u201cV\u00e9io\u201d<\/p>\n<p>Nilson Ferreira de Souza \u2013 \u201cMel\u00e3o\u201d<\/p>\n<p>Pedro Washington Silva dos Santos<\/p>\n<p>Ren\u00ea Rodrigues Oliveira \u2013 Vulgo \u201cJ\u00e3o\u201d<\/p>\n<p>Silas Concei\u00e7\u00e3o Menezio<\/p>\n<p>&nbsp;<\/p>\n","protected":false},"excerpt":{"rendered":"<p>Foram transferidos 12 detentos da delegacia da cidade de Belmonte para o pres\u00eddio de Eun\u00e1polis na manh\u00e3 desta ter\u00e7a-feira (07). Com apoio dos policiais civis de Eun\u00e1polis, Cabr\u00e1lia e Belmonte os detentos foram conduzidos em tr\u00eas viaturas. Confira os nomes dos detentos que foram transferidos: Adriano da Silva Santos Carlos Alberto Santos Silva \u2013 Vulgo [&hellip;]<\/p>\n","protected":false},"author":7,"featured_media":6173,"comment_status":"closed","ping_status":"open","sticky":false,"template":"","format":"standard","meta":{"footnotes":""},"categories":[1,16],"tags":[108,101],"class_list":["post-6171","post","type-post","status-publish","format-standard","has-post-thumbnail","hentry","category-noticias","category-policial","tag-belmonte","tag-belmonte-bahia-2"],"_links":{"self":[{"href":"https:\/\/www.maisbn.com\/portal\/wp-json\/wp\/v2\/posts\/6171","targetHints":{"allow":["GET"]}}],"collection":[{"href":"https:\/\/www.maisbn.com\/portal\/wp-json\/wp\/v2\/posts"}],"about":[{"href":"https:\/\/www.maisbn.com\/portal\/wp-json\/wp\/v2\/types\/post"}],"author":[{"embeddable":true,"href":"https:\/\/www.maisbn.com\/portal\/wp-json\/wp\/v2\/users\/7"}],"replies":[{"embeddable":true,"href":"https:\/\/www.maisbn.com\/portal\/wp-json\/wp\/v2\/comments?post=6171"}],"version-history":[{"count":0,"href":"https:\/\/www.maisbn.com\/portal\/wp-json\/wp\/v2\/posts\/6171\/revisions"}],"wp:featuredmedia":[{"embeddable":true,"href":"https:\/\/www.maisbn.com\/portal\/wp-json\/wp\/v2\/media\/6173"}],"wp:attachment":[{"href":"https:\/\/www.maisbn.com\/portal\/wp-json\/wp\/v2\/media?parent=6171"}],"wp:term":[{"taxonomy":"category","embeddable":true,"href":"https:\/\/www.maisbn.com\/portal\/wp-json\/wp\/v2\/categories?post=6171"},{"taxonomy":"post_tag","embeddable":true,"href":"https:\/\/www.maisbn.com\/portal\/wp-json\/wp\/v2\/tags?post=6171"}],"curies":[{"name":"wp","href":"https:\/\/api.w.org\/{rel}","templated":true}]}}