{"id":6130,"date":"2014-10-02T11:26:05","date_gmt":"2014-10-02T14:26:05","guid":{"rendered":"http:\/\/www.maisbn.com\/portal\/?p=6130"},"modified":"2014-10-02T11:26:05","modified_gmt":"2014-10-02T14:26:05","slug":"secretaria-de-saude-divulga-esclarecimento-sobre-problema-de-saude-paciente-janio-cafe","status":"publish","type":"post","link":"https:\/\/www.maisbn.com\/portal\/2014\/10\/secretaria-de-saude-divulga-esclarecimento-sobre-problema-de-saude-paciente-janio-cafe\/","title":{"rendered":"Secret\u00e1ria de Sa\u00fade divulga esclarecimento sobre problema de sa\u00fade do paciente J\u00e2nio do Caf\u00e9."},"content":{"rendered":"<p>\u00c9 normal, em um clima pol\u00edtico elevado que tem como cen\u00e1rio uma cidade pequena, acontecer que correligion\u00e1rios pol\u00edticos usem alguns acontecimentos para promover determinado candidato e tentar minar a concorr\u00eancia. Com base nisso, a Sr\u00aa Anna Marcia, Secret\u00e1ria de Sa\u00fade, mandou uma nota de esclarecimento \u00e0 nossa reda\u00e7\u00e3o no intuito de trazer ao povo belmontense a realidade e acabar, de uma vez por todas, com o uso do fato pelo grupo pol\u00edtico de um determinado candidato a deputado. Segundo ela, o acontecido est\u00e1 sendo usado de forma maliciosa para tentar denegrir a gest\u00e3o atual . Segue abaixo o esclarecimento na \u00edntegra:<\/p>\n<p>&nbsp;<\/p>\n<p>&nbsp;<\/p>\n<div id=\"attachment_6131\" style=\"width: 445px\" class=\"wp-caption aligncenter\"><a href=\"http:\/\/www.maisbn.com\/portal\/wp-content\/uploads\/2014\/10\/Anna-Marcia.jpg\"><img loading=\"lazy\" decoding=\"async\" aria-describedby=\"caption-attachment-6131\" class=\"wp-image-6131\" src=\"http:\/\/www.maisbn.com\/portal\/wp-content\/uploads\/2014\/10\/Anna-Marcia.jpg\" alt=\"Anna Marcia\" width=\"435\" height=\"435\" srcset=\"https:\/\/www.maisbn.com\/portal\/wp-content\/uploads\/2014\/10\/Anna-Marcia.jpg 640w, https:\/\/www.maisbn.com\/portal\/wp-content\/uploads\/2014\/10\/Anna-Marcia-350x350.jpg 350w\" sizes=\"auto, (max-width: 435px) 100vw, 435px\" \/><\/a><p id=\"caption-attachment-6131\" class=\"wp-caption-text\">Anna M\u00e1rcia &#8211; Secretaria Municipal de Sa\u00fade<\/p><\/div>\n<p>&nbsp;<\/p>\n<p><em>&#8220;Gostaria de esclarecer aos Belmontenses o fato da transfer\u00eancia do paciente J.S.O (J\u00e2nio do Caf\u00e9) v\u00edtima de epixtase (sangramento nasal) em que a situa\u00e7\u00e3o de gravidade obrigou a se fazer a solicita\u00e7\u00e3o de uma U<span class=\"text_exposed_show\">TI A\u00e9rea para Salvador, sendo que, o mesmo acabou sendo transferido no \u00faltimo dia 12\/09. Atrav\u00e9s da solicita\u00e7\u00e3o da prefeita Alice Maria Britto, Vilkson De Matos Santos, Jerusa Pinto e Albervan Nunes Dos Santos essas pessoas entraram em contato comigo pedindo apoio ao paciente que se encontrava sob o poder da sa\u00fade do munic\u00edpio vizinho. Com base nos fatos, fui buscar alternativas para otimizar o tempo de uma sa\u00fade fragilizada e que precisava de mais recurso. Existiram Duas pe\u00e7as fundamentais para esse processo: A Diretora da Regula\u00e7\u00e3o do Estado e o Assessor Pol\u00edtico do candidato ao senado Dr. Otto Alencar. Esses foram os respons\u00e1veis que trouxeram o sorriso deste paciente. H\u00e1 duas semanas, antes do acontecido fato, estive pessoalmente em reuni\u00e3o em Salvador atrav\u00e9s do contato da nossa prefeita Alice Maria Britto e tive o prazer em conhec\u00ea-los e deixar as portas abertas. Quem me conhece sabe que n\u00e3o preciso contar vantagens e publico aquilo que, em conjunto a Secretaria de Sa\u00fade desenvolve, sou de trabalho e amo o que fa\u00e7o pois serei eternamente grata a Belmonte pela acolhida desde o falecimento da minha saudosa irm\u00e3 e fa\u00e7o talvez o imposs\u00edvel para tentar fazer uma sa\u00fade melhor do que a deixada por ela mesma. Pois a base da sa\u00fade n\u00f3s j\u00e1 temos e o que precisamos \u00e9 melhorar a cada dia. Este \u00e9 o meu desafio di\u00e1rio! O que n\u00e3o d\u00e1 para engolir \u00e9 realizar um trabalho de equipe e um candidato a deputado se aproveitar da oportunidade para aparecer.&#8221;<br \/>\n<\/span><\/em><\/p>\n<p style=\"text-align: center;\"><strong><em>Anna Marcia<\/em><\/strong><\/p>\n<p>&nbsp;<\/p>\n","protected":false},"excerpt":{"rendered":"<p>\u00c9 normal, em um clima pol\u00edtico elevado que tem como cen\u00e1rio uma cidade pequena, acontecer que correligion\u00e1rios pol\u00edticos usem alguns acontecimentos para promover determinado candidato e tentar minar a concorr\u00eancia. Com base nisso, a Sr\u00aa Anna Marcia, Secret\u00e1ria de Sa\u00fade, mandou uma nota de esclarecimento \u00e0 nossa reda\u00e7\u00e3o no intuito de trazer ao povo belmontense [&hellip;]<\/p>\n","protected":false},"author":7,"featured_media":6131,"comment_status":"closed","ping_status":"open","sticky":false,"template":"","format":"standard","meta":{"footnotes":""},"categories":[1,28],"tags":[576,108,575],"class_list":["post-6130","post","type-post","status-publish","format-standard","has-post-thumbnail","hentry","category-noticias","category-saude-noticias","tag-anna-marcia","tag-belmonte","tag-secretaria-de-saude"],"_links":{"self":[{"href":"https:\/\/www.maisbn.com\/portal\/wp-json\/wp\/v2\/posts\/6130","targetHints":{"allow":["GET"]}}],"collection":[{"href":"https:\/\/www.maisbn.com\/portal\/wp-json\/wp\/v2\/posts"}],"about":[{"href":"https:\/\/www.maisbn.com\/portal\/wp-json\/wp\/v2\/types\/post"}],"author":[{"embeddable":true,"href":"https:\/\/www.maisbn.com\/portal\/wp-json\/wp\/v2\/users\/7"}],"replies":[{"embeddable":true,"href":"https:\/\/www.maisbn.com\/portal\/wp-json\/wp\/v2\/comments?post=6130"}],"version-history":[{"count":0,"href":"https:\/\/www.maisbn.com\/portal\/wp-json\/wp\/v2\/posts\/6130\/revisions"}],"wp:featuredmedia":[{"embeddable":true,"href":"https:\/\/www.maisbn.com\/portal\/wp-json\/wp\/v2\/media\/6131"}],"wp:attachment":[{"href":"https:\/\/www.maisbn.com\/portal\/wp-json\/wp\/v2\/media?parent=6130"}],"wp:term":[{"taxonomy":"category","embeddable":true,"href":"https:\/\/www.maisbn.com\/portal\/wp-json\/wp\/v2\/categories?post=6130"},{"taxonomy":"post_tag","embeddable":true,"href":"https:\/\/www.maisbn.com\/portal\/wp-json\/wp\/v2\/tags?post=6130"}],"curies":[{"name":"wp","href":"https:\/\/api.w.org\/{rel}","templated":true}]}}