{"id":6077,"date":"2014-09-30T14:34:34","date_gmt":"2014-09-30T17:34:34","guid":{"rendered":"http:\/\/www.maisbn.com\/portal\/?p=6077"},"modified":"2014-09-30T15:29:01","modified_gmt":"2014-09-30T18:29:01","slug":"tre-informa-os-locais-onde-os-eleitores-poderao-voltar-municipio-de-belmonte","status":"publish","type":"post","link":"https:\/\/www.maisbn.com\/portal\/2014\/09\/tre-informa-os-locais-onde-os-eleitores-poderao-voltar-municipio-de-belmonte\/","title":{"rendered":"TRE informa os locais onde os eleitores poder\u00e3o voltar no munic\u00edpio de Belmonte."},"content":{"rendered":"<p><a href=\"http:\/\/www.maisbn.com\/portal\/wp-content\/uploads\/2014\/09\/urna-eletro.jpg\"><img loading=\"lazy\" decoding=\"async\" class=\"aligncenter size-full wp-image-6078\" src=\"http:\/\/www.maisbn.com\/portal\/wp-content\/uploads\/2014\/09\/urna-eletro.jpg\" alt=\"urna-eletro\" width=\"590\" height=\"318\" \/><\/a><\/p>\n<p><span style=\"color: #000000;\">O povo participa diretamente do governo quando escolhe seus dirigentes e representantes leg\u00edtimos, quando exerce seu direito de cidad\u00e3o atrav\u00e9s do voto consciente.\u00a0Sem voto n\u00e3o h\u00e1 elei\u00e7\u00e3o e eleitos. Sem eleitos diretamente pelo voto n\u00e3o h\u00e1 democracia (governo do povo).<\/span><\/p>\n<p><span style=\"color: #000000;\">Voto consciente \u00e9 aquele pensado, refletido; tomado e decidido com responsabilidade. \u00c9 aquele que o eleitor sabe por que est\u00e1 votando.<\/span><\/p>\n<p><span style=\"color: #000000;\">E \u00e9 nesse sentido que chamamos \u00e0 aten\u00e7\u00e3o, em especial do povo belmontense que mais uma vez estar\u00e1 diante de uma responsabilidade de imensa grandeza.<\/span><\/p>\n<p><span style=\"color: #000000;\">Embora alguns usem a regra de votar no candidato que o favore\u00e7a em particular atrav\u00e9s de aquisi\u00e7\u00e3o de pequenos bens ou ainda outras maneiras sup\u00e9rfluas, \u00e9 muito importante que todos saibam e tenha preven\u00e7\u00f5es em apoiar aqueles que tenha reais condi\u00e7\u00f5es \u00a0de cumprir inteiramente com as promessas apresentadas.<\/span><\/p>\n<p><span style=\"color: #000000;\">Assim, h\u00e1 pouco menos de 5 dias para as elei\u00e7\u00f5es, \u00e9 muito importante que a popula\u00e7\u00e3o belmontense\u00a0analise mais uma vez de forma respons\u00e1vel, fazendo sua parte na busca pelo desenvolvimento do nosso pequeno munic\u00edpio.<\/span><\/p>\n<p>&nbsp;<\/p>\n<p style=\"text-align: left;\"><span style=\"color: #000000;\"><strong>SE\u00c7\u00c3O\u00a0\u00a0\u00a0\u00a0\u00a0\u00a0\u00a0\u00a0\u00a0\u00a0\u00a0\u00a0\u00a0\u00a0\u00a0\u00a0\u00a0\u00a0\u00a0\u00a0\u00a0\u00a0\u00a0\u00a0\u00a0\u00a0\u00a0\u00a0\u00a0\u00a0\u00a0\u00a0\u00a0\u00a0\u00a0\u00a0\u00a0\u00a0\u00a0 01-02-33-39\u00a0\u00a0\u00a0\u00a0\u00a0\u00a0\u00a0\u00a0\u00a0\u00a0\u00a0\u00a0\u00a0\u00a0\u00a0\u00a0\u00a0\u00a0\u00a0\u00a0\u00a0\u00a0\u00a0\u00a0 Funda\u00e7\u00e3o Educacional Pedro Calmon \u2013 SEDE<\/strong><\/span><br \/>\n<span style=\"color: #000000;\"> <strong>SE\u00c7\u00c3O\u00a0\u00a0\u00a0\u00a0\u00a0\u00a0\u00a0\u00a0\u00a0\u00a0\u00a0\u00a0\u00a0\u00a0\u00a0\u00a0\u00a0\u00a0\u00a0\u00a0\u00a0\u00a0\u00a0\u00a0\u00a0\u00a0\u00a0\u00a0\u00a0\u00a0\u00a0\u00a0\u00a0\u00a0\u00a0\u00a0\u00a0\u00a0\u00a0 03-04-09-34\u00a0\u00a0\u00a0\u00a0\u00a0\u00a0\u00a0\u00a0\u00a0\u00a0\u00a0\u00a0\u00a0\u00a0\u00a0\u00a0\u00a0\u00a0\u00a0\u00a0\u00a0\u00a0\u00a0\u00a0\u00a0\u00a0\u00a0 Escola Dr. Jos\u00e9 Teixeira de Freitas \u2013 SEDE<\/strong><\/span><br \/>\n<span style=\"color: #000000;\"> <strong>SE\u00c7\u00c3O\u00a0\u00a0\u00a0\u00a0\u00a0\u00a0\u00a0\u00a0\u00a0 \u00a0 \u00a0 \u00a0 \u00a0 \u00a0 \u00a0\u00a0\u00a0\u00a0\u00a0\u00a0\u00a0\u00a0\u00a0\u00a0\u00a0\u00a0\u00a0\u00a0\u00a0\u00a0\u00a0\u00a0\u00a0 05-06-41 \u00a0 \u00a0\u00a0\u00a0\u00a0\u00a0\u00a0\u00a0\u00a0\u00a0\u00a0\u00a0\u00a0\u00a0\u00a0\u00a0\u00a0\u00a0\u00a0\u00a0\u00a0\u00a0\u00a0\u00a0\u00a0\u00a0\u00a0\u00a0\u00a0\u00a0\u00a0\u00a0\u00a0 Escola Glaucia Paternostro Suzart- SEDE<\/strong><\/span><br \/>\n<span style=\"color: #000000;\"> <strong>SE\u00c7\u00c3O \u00a0 \u00a0 \u00a0 \u00a0 \u00a0 \u00a0 \u00a0\u00a0\u00a0\u00a0\u00a0\u00a0\u00a0\u00a0\u00a0\u00a0\u00a0\u00a0\u00a0 \u00a0 \u00a0 \u00a0 \u00a0 \u00a0 \u00a0\u00a0 10-11-12-35-43-54-55 \u00a0 \u00a0\u00a0\u00a0\u00a0\u00a0\u00a0\u00a0 Grupo Prof. Licia Maria Paternostro \u2013 SEDE<\/strong><\/span><br \/>\n<span style=\"color: #000000;\"> <strong>SE\u00c7\u00c3O \u00a0 \u00a0 \u00a0 \u00a0 \u00a0 \u00a0 \u00a0 \u00a0 \u00a0 \u00a0 \u00a0 \u00a0 \u00a0 \u00a0 \u00a0 \u00a0 \u00a0 \u00a0 \u00a0\u00a0 13-14-15-16\u00a0\u00a0\u00a0\u00a0\u00a0\u00a0\u00a0\u00a0\u00a0\u00a0\u00a0\u00a0\u00a0\u00a0\u00a0\u00a0\u00a0\u00a0\u00a0\u00a0\u00a0\u00a0\u00a0\u00a0\u00a0\u00a0\u00a0\u00a0\u00a0\u00a0\u00a0\u00a0\u00a0\u00a0\u00a0 Complexo Escolar Polivalente \u2013 SEDE<\/strong><\/span><br \/>\n<span style=\"color: #000000;\"> <strong>SE\u00c7\u00c3O \u00a0 \u00a0 \u00a0 \u00a0 \u00a0 \u00a0 \u00a0 \u00a0 \u00a0 \u00a0 \u00a0 \u00a0 \u00a0 \u00a0 \u00a0 \u00a0 \u00a0 \u00a0 \u00a0 \u00a0\u00a0 17-18-23-24\u00a0 \u00a0 \u00a0\u00a0\u00a0\u00a0\u00a0\u00a0\u00a0\u00a0\u00a0\u00a0\u00a0 Escola Menandro Menahim \u2013 BOCA DO C\u00d3RREGO<\/strong><\/span><br \/>\n<span style=\"color: #000000;\"> <strong>SE\u00c7\u00c3O\u00a0\u00a0\u00a0\u00a0\u00a0\u00a0\u00a0\u00a0\u00a0\u00a0\u00a0\u00a0\u00a0\u00a0\u00a0\u00a0\u00a0\u00a0\u00a0\u00a0\u00a0\u00a0\u00a0\u00a0\u00a0\u00a0\u00a0\u00a0\u00a0\u00a0\u00a0\u00a0\u00a0\u00a0\u00a0\u00a0\u00a0\u00a0\u00a0\u00a0\u00a0 42\u201444-50-56\u00a0\u00a0\u00a0\u00a0\u00a0\u00a0\u00a0\u00a0\u00a0\u00a0\u00a0\u00a0\u00a0\u00a0\u00a0\u00a0\u00a0\u00a0\u00a0\u00a0\u00a0\u00a0\u00a0\u00a0\u00a0\u00a0\u00a0\u00a0\u00a0\u00a0\u00a0\u00a0\u00a0\u00a0\u00a0\u00a0\u00a0\u00a0\u00a0\u00a0\u00a0\u00a0\u00a0\u00a0\u00a0\u00a0 Escola Edgard Santos \u2013 SEDE<\/strong><\/span><br \/>\n<span style=\"color: #000000;\"> <strong>SE\u00c7\u00c3O\u00a0\u00a0\u00a0\u00a0\u00a0\u00a0\u00a0\u00a0\u00a0\u00a0\u00a0\u00a0\u00a0\u00a0\u00a0\u00a0\u00a0\u00a0\u00a0\u00a0\u00a0\u00a0\u00a0\u00a0\u00a0\u00a0\u00a0\u00a0\u00a0\u00a0\u00a0\u00a0\u00a0\u00a0\u00a0\u00a0\u00a0\u00a0\u00a0\u00a0\u00a0 19-20-21 \u00a0 \u00a0 \u00a0 \u00a0 \u00a0 \u00a0\u00a0\u00a0\u00a0\u00a0 Escola Vit\u00f3ria Paternostro \u2013 SANTA MARIA ETERNA<\/strong><\/span><br \/>\n<span style=\"color: #000000;\"> <strong>SE\u00c7\u00c3O \u00a0 \u00a0 \u00a0 \u00a0 \u00a0 \u00a0 \u00a0 \u00a0 \u00a0 \u00a0 \u00a0 \u00a0 \u00a0 \u00a0 \u00a0 \u00a0 \u00a0 \u00a0 \u00a0 \u00a0 \u00a0 \u00a0 \u00a0 \u00a0 25\u00a0\u00a0\u00a0\u00a0\u00a0\u00a0\u00a0\u00a0\u00a0\u00a0\u00a0\u00a0\u00a0\u00a0\u00a0\u00a0\u00a0\u00a0 \u00a0\u00a0\u00a0\u00a0 \u00a0 Col\u00e9gio Isaunilia Melo de Britto \u2013 MOGIQUI\u00c7ABA<\/strong><\/span><br \/>\n<span style=\"color: #000000;\"> <strong>SE\u00c7\u00c3O \u00a0 \u00a0 \u00a0 \u00a0 \u00a0 \u00a0 \u00a0 \u00a0 \u00a0 \u00a0 \u00a0 \u00a0 \u00a0\u00a0\u00a0\u00a0\u00a0 26-27-28-29-32-45-48-49\u00a0\u00a0\u00a0\u00a0 Escola Ant\u00f4nio Carlos Magalh\u00e3es \u2013 BARROL\u00c2NDIA<\/strong><\/span><br \/>\n<span style=\"color: #000000;\"> <strong>SE\u00c7\u00c3O\u00a0\u00a0\u00a0\u00a0\u00a0\u00a0\u00a0\u00a0\u00a0\u00a0\u00a0\u00a0\u00a0\u00a0\u00a0\u00a0\u00a0\u00a0\u00a0\u00a0\u00a0\u00a0\u00a0\u00a0\u00a0\u00a0\u00a0\u00a0\u00a0\u00a0\u00a0\u00a0\u00a0\u00a0\u00a0\u00a0\u00a0\u00a0\u00a0\u00a0\u00a0 30-31\u00a0\u00a0\u00a0\u00a0\u00a0\u00a0\u00a0\u00a0\u00a0\u00a0\u00a0\u00a0\u00a0\u00a0\u00a0\u00a0\u00a0\u00a0\u00a0\u00a0\u00a0\u00a0\u00a0\u00a0\u00a0\u00a0\u00a0\u00a0\u00a0 \u00a0 Escola Clemenceau Teixeira \u2013 BARROL\u00c2NDIA<\/strong><\/span><br \/>\n<span style=\"color: #000000;\"> <strong>SE\u00c7\u00c3O \u00a0 \u00a0 \u00a0 \u00a0 \u00a0 \u00a0 \u00a0 \u00a0 \u00a0 \u00a0 \u00a0 \u00a0 \u00a0 \u00a0 \u00a0 \u00a0 \u00a0 \u00a0 \u00a0 \u00a0\u00a0 36-40-46-51-52\u00a0\u00a0\u00a0\u00a0\u00a0\u00a0\u00a0\u00a0\u00a0\u00a0\u00a0\u00a0\u00a0\u00a0 Col\u00e9gio Municipal J\u00e2nio Natal \u2013 BARROL\u00c2NDIA<\/strong><\/span><br \/>\n<span style=\"color: #000000;\"> <strong>SE\u00c7\u00c3O\u00a0\u00a0\u00a0\u00a0\u00a0\u00a0\u00a0\u00a0\u00a0\u00a0\u00a0\u00a0\u00a0\u00a0\u00a0\u00a0\u00a0\u00a0\u00a0\u00a0\u00a0\u00a0\u00a0\u00a0\u00a0\u00a0\u00a0\u00a0\u00a0\u00a0\u00a0\u00a0\u00a0\u00a0\u00a0\u00a0\u00a0\u00a0\u00a0\u00a0 07-08-38 \u00a0 \u00a0 \u00a0 \u00a0 \u00a0 \u00a0 \u00a0 \u00a0 \u00a0 \u00a0 \u00a0 \u00a0 \u00a0 \u00a0 \u00a0 \u00a0 \u00a0 \u00a0 \u00a0\u00a0\u00a0 Escola Municipal Lucio Coelho \u2013 SEDE<\/strong><\/span><br \/>\n<span style=\"color: #000000;\"> <strong>SE\u00c7\u00c3O\u00a0\u00a0\u00a0\u00a0\u00a0\u00a0\u00a0\u00a0\u00a0\u00a0\u00a0\u00a0\u00a0\u00a0\u00a0\u00a0\u00a0\u00a0\u00a0\u00a0\u00a0\u00a0\u00a0\u00a0\u00a0\u00a0\u00a0\u00a0\u00a0\u00a0\u00a0\u00a0\u00a0\u00a0\u00a0\u00a0\u00a0\u00a0\u00a0\u00a0 22-37-47 \u00a0 \u00a0 \u00a0 \u00a0 \u00a0 \u00a0 \u00a0 \u00a0\u00a0\u00a0\u00a0\u00a0\u00a0 Escola Lourival Jo\u00e3o Mai \u2013 SANTA MARIA ETERNA<\/strong><\/span><\/p>\n<p>&nbsp;<\/p>\n<p><span style=\"color: #000000;\"><strong>ELEITORADO DO MUNICIPIO \u2013 14.705<\/strong><\/span><\/p>\n<p><span style=\"color: #000000;\"><strong>Belmonte Sede: 8.295<\/strong><\/span><\/p>\n<p><span style=\"color: #000000;\"><strong>Boca do C\u00f3rrego: 785<\/strong><\/span><\/p>\n<p><span style=\"color: #000000;\"><strong>Santa Maria Eterna: 1.596<\/strong><\/span><\/p>\n<p><span style=\"color: #000000;\"><strong>Mogiqui\u00e7aba: 283<\/strong><\/span><\/p>\n<p><span style=\"color: #000000;\"><strong>Barrol\u00e2ndia: 3.746<\/strong><\/span><\/p>\n<p><span style=\"color: #ff0000;\"><strong><em>Com Informa\u00e7\u00f5es : Djalma Pontes<\/em><\/strong><\/span><\/p>\n<p>&nbsp;<\/p>\n","protected":false},"excerpt":{"rendered":"<p>O povo participa diretamente do governo quando escolhe seus dirigentes e representantes leg\u00edtimos, quando exerce seu direito de cidad\u00e3o atrav\u00e9s do voto consciente.\u00a0Sem voto n\u00e3o h\u00e1 elei\u00e7\u00e3o e eleitos. Sem eleitos diretamente pelo voto n\u00e3o h\u00e1 democracia (governo do povo). Voto consciente \u00e9 aquele pensado, refletido; tomado e decidido com responsabilidade. \u00c9 aquele que o [&hellip;]<\/p>\n","protected":false},"author":7,"featured_media":6078,"comment_status":"closed","ping_status":"open","sticky":false,"template":"","format":"standard","meta":{"footnotes":""},"categories":[45,1],"tags":[108,101],"class_list":["post-6077","post","type-post","status-publish","format-standard","has-post-thumbnail","hentry","category-cidades","category-noticias","tag-belmonte","tag-belmonte-bahia-2"],"_links":{"self":[{"href":"https:\/\/www.maisbn.com\/portal\/wp-json\/wp\/v2\/posts\/6077","targetHints":{"allow":["GET"]}}],"collection":[{"href":"https:\/\/www.maisbn.com\/portal\/wp-json\/wp\/v2\/posts"}],"about":[{"href":"https:\/\/www.maisbn.com\/portal\/wp-json\/wp\/v2\/types\/post"}],"author":[{"embeddable":true,"href":"https:\/\/www.maisbn.com\/portal\/wp-json\/wp\/v2\/users\/7"}],"replies":[{"embeddable":true,"href":"https:\/\/www.maisbn.com\/portal\/wp-json\/wp\/v2\/comments?post=6077"}],"version-history":[{"count":0,"href":"https:\/\/www.maisbn.com\/portal\/wp-json\/wp\/v2\/posts\/6077\/revisions"}],"wp:featuredmedia":[{"embeddable":true,"href":"https:\/\/www.maisbn.com\/portal\/wp-json\/wp\/v2\/media\/6078"}],"wp:attachment":[{"href":"https:\/\/www.maisbn.com\/portal\/wp-json\/wp\/v2\/media?parent=6077"}],"wp:term":[{"taxonomy":"category","embeddable":true,"href":"https:\/\/www.maisbn.com\/portal\/wp-json\/wp\/v2\/categories?post=6077"},{"taxonomy":"post_tag","embeddable":true,"href":"https:\/\/www.maisbn.com\/portal\/wp-json\/wp\/v2\/tags?post=6077"}],"curies":[{"name":"wp","href":"https:\/\/api.w.org\/{rel}","templated":true}]}}