{"id":6060,"date":"2014-09-27T02:51:40","date_gmt":"2014-09-27T05:51:40","guid":{"rendered":"http:\/\/www.maisbn.com\/portal\/?p=6060"},"modified":"2014-09-27T02:54:36","modified_gmt":"2014-09-27T05:54:36","slug":"cinco-presos-conseguem-fugir-da-delegacia-de-belmonte-neste-fim-de-semana","status":"publish","type":"post","link":"https:\/\/www.maisbn.com\/portal\/2014\/09\/cinco-presos-conseguem-fugir-da-delegacia-de-belmonte-neste-fim-de-semana\/","title":{"rendered":"Cinco presos conseguem fugir da Delegacia de Belmonte neste fim de semana."},"content":{"rendered":"<p><a href=\"http:\/\/www.maisbn.com\/portal\/wp-content\/uploads\/2014\/09\/delegaciabelmonte.jpg\"><img loading=\"lazy\" decoding=\"async\" class=\"aligncenter size-full wp-image-6068\" src=\"http:\/\/www.maisbn.com\/portal\/wp-content\/uploads\/2014\/09\/delegaciabelmonte.jpg\" alt=\"delegaciabelmonte\" width=\"640\" height=\"424\" srcset=\"https:\/\/www.maisbn.com\/portal\/wp-content\/uploads\/2014\/09\/delegaciabelmonte.jpg 640w, https:\/\/www.maisbn.com\/portal\/wp-content\/uploads\/2014\/09\/delegaciabelmonte-528x350.jpg 528w\" sizes=\"auto, (max-width: 640px) 100vw, 640px\" \/><\/a><\/p>\n<p><span style=\"color: #000000;\">A fuga foi descoberta pelo carcereiro por volta das 00:00 Hrs deste s\u00e1bado (27\/09). As informa\u00e7\u00f5es constam que foram 05 presos que fugiram, sendo que, 02 estavam em uma cela e 03 em outra. Uma das celas foi serrada na parte de cima da grade e os presos tiveram ent\u00e3o acesso ao p\u00e1tio de banho-de-sol. A outra cela onde ficava Jo\u00e3o Moreira dos Santos, vulgo Correria, ficava aberta, facilitando a fuga do mesmo. Depois de chegarem ao p\u00e1tio os presos deram prosseguimento \u00e0 fuga e conseguiram chegar at\u00e9 a grade de cima usando a grade da cela onde ficava Correria e uma corda para se pendurarem. Chegando ao teto serraram a grade superior e abriram o buraco por onde conseguiram fugir.<\/span><\/p>\n<p><span style=\"color: #000000;\">A Pol\u00edcia Militar foi chamada para dar apoio aos agentes da Policia Civil em uma busca minuciosa pelas celas onde foi descoberta a serra pequena que os presos usaram para realizar a fuga. Depois dessa busca a Policia Militar come\u00e7ou a fazer diligencias em todos os bairros da cidade \u00e0 procura dos indiv\u00edduos, j\u00e1 que, as for\u00e7as policiais acreditam que os fugitivos continuam na cidade e dever\u00e3o esperar amanhecer para fugirem.<\/span><\/p>\n<p><span style=\"color: #000000;\">Essa \u00e9 a segunda vez s\u00f3 nesse ano que fogem presos da Delegacia de Belmonte. A \u00faltima vez foi em junho onde os presos dominaram o carcereiro de plant\u00e3o e fugiram pela porta da frente e, segundo as informa\u00e7\u00f5es, os mesmos voltaram para as mesmas atividades il\u00edcitas do tr\u00e1fico de drogas e atuam no distrito de Barrol\u00e2ndia<\/span><\/p>\n<p><span style=\"color: #000000;\">Salientamos que os fugitivos s\u00e3o de alta periculosidade e que as for\u00e7as policiais pedem a ajuda da comunidade atrav\u00e9s de denuncias que levem ao paradeiro dos meliantes. As denuncias podem ser feitas pelo 190 e a pessoa n\u00e3o precisa se identificar.<\/span><\/p>\n<p><span style=\"color: #000000;\">Segue abaixo as fotos dos fugitivos:<\/span><\/p>\n<div id=\"attachment_6062\" style=\"width: 650px\" class=\"wp-caption aligncenter\"><a href=\"http:\/\/www.maisbn.com\/portal\/wp-content\/uploads\/2014\/09\/uerlegleisondossantos.jpg\"><img loading=\"lazy\" decoding=\"async\" aria-describedby=\"caption-attachment-6062\" class=\"wp-image-6062 size-full\" src=\"http:\/\/www.maisbn.com\/portal\/wp-content\/uploads\/2014\/09\/uerlegleisondossantos.jpg\" alt=\"uerlegleisondossantos\" width=\"640\" height=\"360\" srcset=\"https:\/\/www.maisbn.com\/portal\/wp-content\/uploads\/2014\/09\/uerlegleisondossantos.jpg 640w, https:\/\/www.maisbn.com\/portal\/wp-content\/uploads\/2014\/09\/uerlegleisondossantos-622x350.jpg 622w\" sizes=\"auto, (max-width: 640px) 100vw, 640px\" \/><\/a><p id=\"caption-attachment-6062\" class=\"wp-caption-text\">Uerlei Gleison dos Santos &#8211; Fugitivo<\/p><\/div>\n<p>&nbsp;<\/p>\n<div id=\"attachment_6065\" style=\"width: 650px\" class=\"wp-caption aligncenter\"><a href=\"http:\/\/www.maisbn.com\/portal\/wp-content\/uploads\/2014\/09\/joaomarcosossilvaoliveiradasilva.jpg\"><img loading=\"lazy\" decoding=\"async\" aria-describedby=\"caption-attachment-6065\" class=\"size-full wp-image-6065\" src=\"http:\/\/www.maisbn.com\/portal\/wp-content\/uploads\/2014\/09\/joaomarcosossilvaoliveiradasilva.jpg\" alt=\"Jo\u00e3o Marcos Silva Oliveira da Silva\" width=\"640\" height=\"360\" srcset=\"https:\/\/www.maisbn.com\/portal\/wp-content\/uploads\/2014\/09\/joaomarcosossilvaoliveiradasilva.jpg 640w, https:\/\/www.maisbn.com\/portal\/wp-content\/uploads\/2014\/09\/joaomarcosossilvaoliveiradasilva-622x350.jpg 622w\" sizes=\"auto, (max-width: 640px) 100vw, 640px\" \/><\/a><p id=\"caption-attachment-6065\" class=\"wp-caption-text\">Jo\u00e3o Marcos Silva Oliveira da Silva &#8211; Vulgo Marc\u00e3o de Barrol\u00e2ndia<\/p><\/div>\n<p>&nbsp;<\/p>\n<div id=\"attachment_6063\" style=\"width: 650px\" class=\"wp-caption aligncenter\"><a href=\"http:\/\/www.maisbn.com\/portal\/wp-content\/uploads\/2014\/09\/fernandojosenascimentobomfin.jpg\"><img loading=\"lazy\" decoding=\"async\" aria-describedby=\"caption-attachment-6063\" class=\"size-full wp-image-6063\" src=\"http:\/\/www.maisbn.com\/portal\/wp-content\/uploads\/2014\/09\/fernandojosenascimentobomfin.jpg\" alt=\"Fernando Jos\u00e9 Nascimento Bomfim\" width=\"640\" height=\"360\" srcset=\"https:\/\/www.maisbn.com\/portal\/wp-content\/uploads\/2014\/09\/fernandojosenascimentobomfin.jpg 640w, https:\/\/www.maisbn.com\/portal\/wp-content\/uploads\/2014\/09\/fernandojosenascimentobomfin-622x350.jpg 622w\" sizes=\"auto, (max-width: 640px) 100vw, 640px\" \/><\/a><p id=\"caption-attachment-6063\" class=\"wp-caption-text\">Fernando Jos\u00e9 Nascimento Bomfim<\/p><\/div>\n<p>&nbsp;<\/p>\n<div id=\"attachment_6066\" style=\"width: 650px\" class=\"wp-caption aligncenter\"><a href=\"http:\/\/www.maisbn.com\/portal\/wp-content\/uploads\/2014\/09\/Jos\u00e8-Carlos-do-Carmo-de-Souza.jpg\"><img loading=\"lazy\" decoding=\"async\" aria-describedby=\"caption-attachment-6066\" class=\"wp-image-6066 size-full\" src=\"http:\/\/www.maisbn.com\/portal\/wp-content\/uploads\/2014\/09\/Jos\u00e8-Carlos-do-Carmo-de-Souza.jpg\" alt=\"Jos\u00e8 Carlos do Carmo de Souza\" width=\"640\" height=\"360\" srcset=\"https:\/\/www.maisbn.com\/portal\/wp-content\/uploads\/2014\/09\/Jos\u00e8-Carlos-do-Carmo-de-Souza.jpg 640w, https:\/\/www.maisbn.com\/portal\/wp-content\/uploads\/2014\/09\/Jos\u00e8-Carlos-do-Carmo-de-Souza-622x350.jpg 622w\" sizes=\"auto, (max-width: 640px) 100vw, 640px\" \/><\/a><p id=\"caption-attachment-6066\" class=\"wp-caption-text\">Jos\u00e9 Carlos do Carmo de Souza<\/p><\/div>\n<p>&nbsp;<\/p>\n<div id=\"attachment_6067\" style=\"width: 650px\" class=\"wp-caption aligncenter\"><a href=\"http:\/\/www.maisbn.com\/portal\/wp-content\/uploads\/2014\/09\/Joaomoreiradossantos.jpg\"><img loading=\"lazy\" decoding=\"async\" aria-describedby=\"caption-attachment-6067\" class=\"size-full wp-image-6067\" src=\"http:\/\/www.maisbn.com\/portal\/wp-content\/uploads\/2014\/09\/Joaomoreiradossantos.jpg\" alt=\"Jo\u00e3o Moreira dos Santos - Vulgo Correria\" width=\"640\" height=\"360\" srcset=\"https:\/\/www.maisbn.com\/portal\/wp-content\/uploads\/2014\/09\/Joaomoreiradossantos.jpg 640w, https:\/\/www.maisbn.com\/portal\/wp-content\/uploads\/2014\/09\/Joaomoreiradossantos-622x350.jpg 622w\" sizes=\"auto, (max-width: 640px) 100vw, 640px\" \/><\/a><p id=\"caption-attachment-6067\" class=\"wp-caption-text\">Jo\u00e3o Moreira dos Santos &#8211; Vulgo Correria<\/p><\/div>\n<p>&nbsp;<\/p>\n<p>&nbsp;<\/p>\n","protected":false},"excerpt":{"rendered":"<p>A fuga foi descoberta pelo carcereiro por volta das 00:00 Hrs deste s\u00e1bado (27\/09). As informa\u00e7\u00f5es constam que foram 05 presos que fugiram, sendo que, 02 estavam em uma cela e 03 em outra. Uma das celas foi serrada na parte de cima da grade e os presos tiveram ent\u00e3o acesso ao p\u00e1tio de banho-de-sol. [&hellip;]<\/p>\n","protected":false},"author":7,"featured_media":6068,"comment_status":"closed","ping_status":"open","sticky":false,"template":"","format":"standard","meta":{"footnotes":""},"categories":[1,16],"tags":[101],"class_list":["post-6060","post","type-post","status-publish","format-standard","has-post-thumbnail","hentry","category-noticias","category-policial","tag-belmonte-bahia-2"],"_links":{"self":[{"href":"https:\/\/www.maisbn.com\/portal\/wp-json\/wp\/v2\/posts\/6060","targetHints":{"allow":["GET"]}}],"collection":[{"href":"https:\/\/www.maisbn.com\/portal\/wp-json\/wp\/v2\/posts"}],"about":[{"href":"https:\/\/www.maisbn.com\/portal\/wp-json\/wp\/v2\/types\/post"}],"author":[{"embeddable":true,"href":"https:\/\/www.maisbn.com\/portal\/wp-json\/wp\/v2\/users\/7"}],"replies":[{"embeddable":true,"href":"https:\/\/www.maisbn.com\/portal\/wp-json\/wp\/v2\/comments?post=6060"}],"version-history":[{"count":0,"href":"https:\/\/www.maisbn.com\/portal\/wp-json\/wp\/v2\/posts\/6060\/revisions"}],"wp:featuredmedia":[{"embeddable":true,"href":"https:\/\/www.maisbn.com\/portal\/wp-json\/wp\/v2\/media\/6068"}],"wp:attachment":[{"href":"https:\/\/www.maisbn.com\/portal\/wp-json\/wp\/v2\/media?parent=6060"}],"wp:term":[{"taxonomy":"category","embeddable":true,"href":"https:\/\/www.maisbn.com\/portal\/wp-json\/wp\/v2\/categories?post=6060"},{"taxonomy":"post_tag","embeddable":true,"href":"https:\/\/www.maisbn.com\/portal\/wp-json\/wp\/v2\/tags?post=6060"}],"curies":[{"name":"wp","href":"https:\/\/api.w.org\/{rel}","templated":true}]}}