{"id":6057,"date":"2014-09-27T01:14:40","date_gmt":"2014-09-27T04:14:40","guid":{"rendered":"http:\/\/www.maisbn.com\/portal\/?p=6057"},"modified":"2014-09-27T01:22:37","modified_gmt":"2014-09-27T04:22:37","slug":"policiais-militar-de-cabralia-prende-acusado-de-chefiar-o-trafico-na-cidade","status":"publish","type":"post","link":"https:\/\/www.maisbn.com\/portal\/2014\/09\/policiais-militar-de-cabralia-prende-acusado-de-chefiar-o-trafico-na-cidade\/","title":{"rendered":"Policiais Militares de Cabr\u00e1lia prende acusado de chefiar o tr\u00e1fico na cidade."},"content":{"rendered":"<p><a href=\"http:\/\/www.maisbn.com\/portal\/wp-content\/uploads\/2014\/09\/silas_d.jpg\"><img loading=\"lazy\" decoding=\"async\" class=\"aligncenter size-full wp-image-6058\" src=\"http:\/\/www.maisbn.com\/portal\/wp-content\/uploads\/2014\/09\/silas_d.jpg\" alt=\"silas_d\" width=\"640\" height=\"201\" \/><\/a><\/p>\n<p>Um jovem acusado de chefiar o tr\u00e1fico de drogas em Santa Cruz Cabr\u00e1lia e suspeito de homic\u00eddio foi preso por volta das 16h30 de quinta-feira (25) no bairro Capit\u00e3o Lu\u00eds de Matos, conhecido como Sapol\u00e2ndia. Silas Aquino Fernandes, de 22 anos, foi detido na Travessa Peixoto, pr\u00f3ximo \u00e0 resid\u00eancia dele, por policiais da 4\u00aa Cia\/Cabr\u00e1lia.<\/p>\n<p>Considerado um criminoso de alta periculosidade e apontado como l\u00edder do tr\u00e1fico de drogas nos bairros Sapol\u00e2ndia e Campinho, ele foi localizado a partir de informa\u00e7\u00f5es repassadas ao Disque Den\u00fancia. Silas estava em liberdade condicional havia tr\u00eas meses por crime de homic\u00eddio.<\/p>\n<p>Na resid\u00eancia do acusado os PMs encontraram uma pistola calibre 380 com 12 muni\u00e7\u00f5es intactas, 26 trouxinhas de coca\u00edna, a quantia de R$ 1.290,50 em esp\u00e9cie e um aparelho de telefone celular.<\/p>\n<p>De acordo com a Pol\u00edcia, Silas est\u00e1 envolvido em uma disputa pelo comando do tr\u00e1fico no Campinho, que culminou na chacina ocorrida no dia 5 de setembro, no mesmo bairro, quando tr\u00eas pessoas morreram e duas ficaram feridas. Ele tamb\u00e9m \u00e9 suspeito pelo assassinato de um homem ocorrido no dia 31 de agosto, no bairro Campo Verde. A v\u00edtima foi alvejada por 29 tiros.<\/p>\n<p>Silas tem passagens policiais por homic\u00eddio e tr\u00e1fico de drogas. Ap\u00f3s a pris\u00e3o ocorrida quinta-feira, ele foi apresentado na Delegacia de Pol\u00edcia de Cabr\u00e1lia.<\/p>\n","protected":false},"excerpt":{"rendered":"<p>Um jovem acusado de chefiar o tr\u00e1fico de drogas em Santa Cruz Cabr\u00e1lia e suspeito de homic\u00eddio foi preso por volta das 16h30 de quinta-feira (25) no bairro Capit\u00e3o Lu\u00eds de Matos, conhecido como Sapol\u00e2ndia. Silas Aquino Fernandes, de 22 anos, foi detido na Travessa Peixoto, pr\u00f3ximo \u00e0 resid\u00eancia dele, por policiais da 4\u00aa Cia\/Cabr\u00e1lia. [&hellip;]<\/p>\n","protected":false},"author":7,"featured_media":6058,"comment_status":"closed","ping_status":"open","sticky":false,"template":"","format":"standard","meta":{"footnotes":""},"categories":[1,16],"tags":[91],"class_list":["post-6057","post","type-post","status-publish","format-standard","has-post-thumbnail","hentry","category-noticias","category-policial","tag-santa-cruz-cabralia"],"_links":{"self":[{"href":"https:\/\/www.maisbn.com\/portal\/wp-json\/wp\/v2\/posts\/6057","targetHints":{"allow":["GET"]}}],"collection":[{"href":"https:\/\/www.maisbn.com\/portal\/wp-json\/wp\/v2\/posts"}],"about":[{"href":"https:\/\/www.maisbn.com\/portal\/wp-json\/wp\/v2\/types\/post"}],"author":[{"embeddable":true,"href":"https:\/\/www.maisbn.com\/portal\/wp-json\/wp\/v2\/users\/7"}],"replies":[{"embeddable":true,"href":"https:\/\/www.maisbn.com\/portal\/wp-json\/wp\/v2\/comments?post=6057"}],"version-history":[{"count":0,"href":"https:\/\/www.maisbn.com\/portal\/wp-json\/wp\/v2\/posts\/6057\/revisions"}],"wp:featuredmedia":[{"embeddable":true,"href":"https:\/\/www.maisbn.com\/portal\/wp-json\/wp\/v2\/media\/6058"}],"wp:attachment":[{"href":"https:\/\/www.maisbn.com\/portal\/wp-json\/wp\/v2\/media?parent=6057"}],"wp:term":[{"taxonomy":"category","embeddable":true,"href":"https:\/\/www.maisbn.com\/portal\/wp-json\/wp\/v2\/categories?post=6057"},{"taxonomy":"post_tag","embeddable":true,"href":"https:\/\/www.maisbn.com\/portal\/wp-json\/wp\/v2\/tags?post=6057"}],"curies":[{"name":"wp","href":"https:\/\/api.w.org\/{rel}","templated":true}]}}