{"id":6050,"date":"2014-09-25T15:53:25","date_gmt":"2014-09-25T18:53:25","guid":{"rendered":"http:\/\/www.maisbn.com\/portal\/?p=6050"},"modified":"2014-09-25T16:01:31","modified_gmt":"2014-09-25T19:01:31","slug":"janio-natal-paulo-souto-e-geddel-fazem-grande-caminhada-em-belmonte","status":"publish","type":"post","link":"https:\/\/www.maisbn.com\/portal\/2014\/09\/janio-natal-paulo-souto-e-geddel-fazem-grande-caminhada-em-belmonte\/","title":{"rendered":"J\u00e2nio Natal, Paulo Souto e Geddel fazem grande caminhada em Belmonte."},"content":{"rendered":"<p><a href=\"http:\/\/www.maisbn.com\/portal\/wp-content\/uploads\/2014\/09\/carreatadejanionatal_00008.jpg\"><img loading=\"lazy\" decoding=\"async\" class=\"aligncenter size-full wp-image-6051\" src=\"http:\/\/www.maisbn.com\/portal\/wp-content\/uploads\/2014\/09\/carreatadejanionatal_00008.jpg\" alt=\"carreatadejanionatal_00008\" width=\"650\" height=\"412\" srcset=\"https:\/\/www.maisbn.com\/portal\/wp-content\/uploads\/2014\/09\/carreatadejanionatal_00008.jpg 650w, https:\/\/www.maisbn.com\/portal\/wp-content\/uploads\/2014\/09\/carreatadejanionatal_00008-552x350.jpg 552w\" sizes=\"auto, (max-width: 650px) 100vw, 650px\" \/><\/a><\/p>\n<p><span style=\"color: #000000;\">Nesse final de campanha eleitoral Belmonte vem recebendo diversas visitas de deputados que chegam para se apresentarem \u00e0 popula\u00e7\u00e3o, discutir suas propostas e tentar ganhar o apoio dos moradores da cidade nas urnas. Foi com esse pensamento que nessa quarta-feira (24\/o9) o deputado federal J\u00e2nio Natal, filho da terra e que vem nessa campanha como candidato a deputado estadual, veio para Belmonte com uma grande comitiva que contou com a presen\u00e7a de v\u00e1rios correligion\u00e1rios pol\u00edticos e tamb\u00e9m com as presen\u00e7as ilustres de Paulo Souto, candidato a governador, Juthay Magalh\u00e3es, candidato a deputado federal e Gedel Vieira Lima, candidato ao senado, sem contar com a presen\u00e7a de v\u00e1rios pol\u00edticos e autoridades regionais.<\/span><\/p>\n<p><a href=\"http:\/\/www.maisbn.com\/portal\/wp-content\/uploads\/2014\/09\/carreatadejanionatal_00020.jpg\"><img loading=\"lazy\" decoding=\"async\" class=\"aligncenter size-full wp-image-6052\" src=\"http:\/\/www.maisbn.com\/portal\/wp-content\/uploads\/2014\/09\/carreatadejanionatal_00020.jpg\" alt=\"carreatadejanionatal_00020\" width=\"650\" height=\"412\" srcset=\"https:\/\/www.maisbn.com\/portal\/wp-content\/uploads\/2014\/09\/carreatadejanionatal_00020.jpg 650w, https:\/\/www.maisbn.com\/portal\/wp-content\/uploads\/2014\/09\/carreatadejanionatal_00020-552x350.jpg 552w\" sizes=\"auto, (max-width: 650px) 100vw, 650px\" \/><\/a><\/p>\n<p><span style=\"color: #000000;\">Depois de descerem no aeroporto da empresa Veracel, os integrantes da caminhada fizeram sua primeira parada em Barrol\u00e2ndia. A comitiva, que foi batizada pelo nome de \u201cOnda Azul\u201d, chegou ao distrito com anima\u00e7\u00e3o atraindo um grande n\u00famero de pessoas para ouvirem as propostas dos candidatos.<\/span><\/p>\n<p><span style=\"color: #000000;\">Logo ap\u00f3s os discursos, a comitiva seguiu para sede do munic\u00edpio de Belmonte. Os integrantes da \u201cOnda Azul\u201d foram recebidos na entrada da cidade por uma grande multid\u00e3o. Os pol\u00edticos desceram dos carros, se integraram ao grande n\u00famero de pessoas e partiram em caminhada pelas ruas da cidade. Por onde andava J\u00e2nio Natal acenava e cumprimentava a todos, acompanhado pelo candidato a governador Paulo Souto e por Geddel, candidato ao senado. Outro que tamb\u00e9m n\u00e3o escondia a sua satisfa\u00e7\u00e3o era o candidato a deputado federal, Juthay Magalh\u00e3es que recebia os abra\u00e7os das pessoas da cidade que s\u00e3o fi\u00e9is a J\u00e2nio Natal.<\/span><\/p>\n<p><a href=\"http:\/\/www.maisbn.com\/portal\/wp-content\/uploads\/2014\/09\/carreatadejanionatal_00060.jpg\"><img loading=\"lazy\" decoding=\"async\" class=\"aligncenter size-full wp-image-6053\" src=\"http:\/\/www.maisbn.com\/portal\/wp-content\/uploads\/2014\/09\/carreatadejanionatal_00060.jpg\" alt=\"carreatadejanionatal_00060\" width=\"650\" height=\"412\" srcset=\"https:\/\/www.maisbn.com\/portal\/wp-content\/uploads\/2014\/09\/carreatadejanionatal_00060.jpg 650w, https:\/\/www.maisbn.com\/portal\/wp-content\/uploads\/2014\/09\/carreatadejanionatal_00060-552x350.jpg 552w\" sizes=\"auto, (max-width: 650px) 100vw, 650px\" \/><\/a><\/p>\n<p><span style=\"color: #000000;\">A caminhada terminou na Rua Tamandar\u00e9 onde os candidatos subiram em um mini-trio e agradeceram o carinho e a recep\u00e7\u00e3o do povo belmontense. Logo ap\u00f3s de muita festa e mais uma vez serem tocadas as m\u00fasicas dos candidatos come\u00e7aram ent\u00e3o a apresenta\u00e7\u00e3o das propostas. <\/span><\/p>\n<p><span style=\"color: #000000;\">Joacir Goes foi o primeiro a tomar a palavra e se apresentou como candidato a vice na chapa de Paulo Souto e comentou que tem um carinho muito especial pela cidade de Belmonte. Joacir revelou que j\u00e1 veio varias vezes a Belmonte e que o povo sempre o acolheu muito bem em todas as caminhadas que participou no munic\u00edpio.<\/span><\/p>\n<p><span style=\"color: #000000;\">Logo ap\u00f3s J\u00e2nio Natal tomou a palavra e antes de come\u00e7ar a falar foi ovacionado pela multid\u00e3o que n\u00e3o cansava de gritar o seu nome. Janio em seu discurso pediu a todos os belmontenses que votassem massivamente em Paulo Souto e Geddel e aproveitou para pedir em p\u00fablico a Paulo Souto que, se fosse eleito, providenciasse a constru\u00e7\u00e3o da t\u00e3o sonhada estrada Belmonte \u2013 Canavieiras, obra que ajudaria na integra\u00e7\u00e3o dos dois munic\u00edpios e ligaria de forma definitiva a BA-001.<\/span><\/p>\n<p><a href=\"http:\/\/www.maisbn.com\/portal\/wp-content\/uploads\/2014\/09\/carreatadejanionatal_00041.jpg\"><img loading=\"lazy\" decoding=\"async\" class=\"aligncenter size-full wp-image-6054\" src=\"http:\/\/www.maisbn.com\/portal\/wp-content\/uploads\/2014\/09\/carreatadejanionatal_00041.jpg\" alt=\"carreatadejanionatal_00041\" width=\"650\" height=\"412\" srcset=\"https:\/\/www.maisbn.com\/portal\/wp-content\/uploads\/2014\/09\/carreatadejanionatal_00041.jpg 650w, https:\/\/www.maisbn.com\/portal\/wp-content\/uploads\/2014\/09\/carreatadejanionatal_00041-552x350.jpg 552w\" sizes=\"auto, (max-width: 650px) 100vw, 650px\" \/><\/a><\/p>\n<p><span style=\"color: #000000;\">Depois de J\u00e2nio Natal, foi a vez da popula\u00e7\u00e3o ouvir as propostas de Paulo Souto e em seu discurso o mesmo respondeu a J\u00e2nio e prometeu, se eleito, a t\u00e3o sonhada estrada e tamb\u00e9m comentou que far\u00e1 de tudo para melhorar a sa\u00fade no munic\u00edpio, cuidar da seguran\u00e7a em todas as cidades da Bahia e diminuir o desemprego que assola o estado.<\/span><\/p>\n<p><span style=\"color: #000000;\">Juthay Magalh\u00e3s discursou logo ap\u00f3s Paulo Souto e disse que ele vai ser o deputado federal de Belmonte na Assembl\u00e9ia Legislativa da Bahia e finalizou agradecendo a todos os belmontenses pelo carinho e pediu que votem nessa dobradinha que \u00e9 ele e J\u00e2nio Natal.<\/span><\/p>\n<p><span style=\"color: #000000;\">Os discursos terminaram com a fala de Gedel Vieira Lima que comentou que lutar\u00e1 pelos interesses da Bahia no senado e que ser\u00e1 uma grande voz que vai orgulhar a todo o povo baiano.<\/span><\/p>\n<p><span style=\"color: #000000;\">Depois dos discursos os candidatos desceram e receberam abra\u00e7os e cumprimentos do povo e partiram para Santa Cruz Cabr\u00e1lia e Porto Seguro onde aconteceu um com\u00edcio.<\/span><\/p>\n","protected":false},"excerpt":{"rendered":"<p>Nesse final de campanha eleitoral Belmonte vem recebendo diversas visitas de deputados que chegam para se apresentarem \u00e0 popula\u00e7\u00e3o, discutir suas propostas e tentar ganhar o apoio dos moradores da cidade nas urnas. Foi com esse pensamento que nessa quarta-feira (24\/o9) o deputado federal J\u00e2nio Natal, filho da terra e que vem nessa campanha como [&hellip;]<\/p>\n","protected":false},"author":7,"featured_media":6054,"comment_status":"closed","ping_status":"open","sticky":false,"template":"","format":"standard","meta":{"footnotes":""},"categories":[1,7],"tags":[101,351,574,148,531],"class_list":["post-6050","post","type-post","status-publish","format-standard","has-post-thumbnail","hentry","category-noticias","category-politica","tag-belmonte-bahia-2","tag-deputado-janio-natal","tag-geddel-vieira-lima","tag-janio-natal","tag-paulo-souto"],"_links":{"self":[{"href":"https:\/\/www.maisbn.com\/portal\/wp-json\/wp\/v2\/posts\/6050","targetHints":{"allow":["GET"]}}],"collection":[{"href":"https:\/\/www.maisbn.com\/portal\/wp-json\/wp\/v2\/posts"}],"about":[{"href":"https:\/\/www.maisbn.com\/portal\/wp-json\/wp\/v2\/types\/post"}],"author":[{"embeddable":true,"href":"https:\/\/www.maisbn.com\/portal\/wp-json\/wp\/v2\/users\/7"}],"replies":[{"embeddable":true,"href":"https:\/\/www.maisbn.com\/portal\/wp-json\/wp\/v2\/comments?post=6050"}],"version-history":[{"count":0,"href":"https:\/\/www.maisbn.com\/portal\/wp-json\/wp\/v2\/posts\/6050\/revisions"}],"wp:featuredmedia":[{"embeddable":true,"href":"https:\/\/www.maisbn.com\/portal\/wp-json\/wp\/v2\/media\/6054"}],"wp:attachment":[{"href":"https:\/\/www.maisbn.com\/portal\/wp-json\/wp\/v2\/media?parent=6050"}],"wp:term":[{"taxonomy":"category","embeddable":true,"href":"https:\/\/www.maisbn.com\/portal\/wp-json\/wp\/v2\/categories?post=6050"},{"taxonomy":"post_tag","embeddable":true,"href":"https:\/\/www.maisbn.com\/portal\/wp-json\/wp\/v2\/tags?post=6050"}],"curies":[{"name":"wp","href":"https:\/\/api.w.org\/{rel}","templated":true}]}}