{"id":5995,"date":"2014-09-22T17:21:14","date_gmt":"2014-09-22T20:21:14","guid":{"rendered":"http:\/\/www.maisbn.com\/portal\/?p=5995"},"modified":"2014-09-22T17:21:14","modified_gmt":"2014-09-22T20:21:14","slug":"agentes-de-saude-e-de-endemias-de-belmonte-participam-6o-congresso-da-federacao-baiana-dos-agentes-de-saude","status":"publish","type":"post","link":"https:\/\/www.maisbn.com\/portal\/2014\/09\/agentes-de-saude-e-de-endemias-de-belmonte-participam-6o-congresso-da-federacao-baiana-dos-agentes-de-saude\/","title":{"rendered":"Agentes de sa\u00fade e de endemias de Belmonte participam do 6\u00ba Congresso da Federa\u00e7\u00e3o Baiana dos Agentes de Sa\u00fade."},"content":{"rendered":"<p><a href=\"http:\/\/www.maisbn.com\/portal\/wp-content\/uploads\/2014\/09\/congresso_00113.jpg\"><img loading=\"lazy\" decoding=\"async\" class=\"aligncenter size-full wp-image-5996\" src=\"http:\/\/www.maisbn.com\/portal\/wp-content\/uploads\/2014\/09\/congresso_00113.jpg\" alt=\"congresso_00113\" width=\"650\" height=\"412\" srcset=\"https:\/\/www.maisbn.com\/portal\/wp-content\/uploads\/2014\/09\/congresso_00113.jpg 650w, https:\/\/www.maisbn.com\/portal\/wp-content\/uploads\/2014\/09\/congresso_00113-552x350.jpg 552w\" sizes=\"auto, (max-width: 650px) 100vw, 650px\" \/><\/a><\/p>\n<p>O evento aconteceu nos dias 18 e 19 de setembro em Porto Seguro e, com o apoio total da Prefeitura Municipal de Belmonte,\u00a0 alguns agentes de Belmonte puderam participar do congresso que teve como tema \u201cAVAN\u00c7AR NAS CONQUISTAS COM VALORIZA\u00c7\u00c3O DO TRABALHADOR\u201d. Essa edi\u00e7\u00e3o do congresso serviu para tratar do futuro profissional dos agentes, a import\u00e2ncia da profiss\u00e3o junto a comunidade e quais as melhoras que est\u00e3o por vir no objetivo de valoriza\u00e7\u00e3o dos profissionais da \u00e1rea.<\/p>\n<p>A cidade Porto Seguro foi escolhida para sediar o evento por se tratar do ber\u00e7o da na\u00e7\u00e3o e porque os parceiros da cidade abra\u00e7aram e se esfor\u00e7aram pelo ideal de realiza\u00e7\u00e3o dessa edi\u00e7\u00e3o. Lembrando que v\u00e1rios profissionais da Costa do Descobrimento e de outras regi\u00f5es puderam participar do evento ajudados pela localiza\u00e7\u00e3o da cidade e por sua facilidade de acesso.<\/p>\n<p><a href=\"http:\/\/www.maisbn.com\/portal\/wp-content\/uploads\/2014\/09\/congresso_00008.jpg\"><img loading=\"lazy\" decoding=\"async\" class=\"aligncenter size-full wp-image-5997\" src=\"http:\/\/www.maisbn.com\/portal\/wp-content\/uploads\/2014\/09\/congresso_00008.jpg\" alt=\"congresso_00008\" width=\"650\" height=\"412\" srcset=\"https:\/\/www.maisbn.com\/portal\/wp-content\/uploads\/2014\/09\/congresso_00008.jpg 650w, https:\/\/www.maisbn.com\/portal\/wp-content\/uploads\/2014\/09\/congresso_00008-552x350.jpg 552w\" sizes=\"auto, (max-width: 650px) 100vw, 650px\" \/><\/a><\/p>\n<p>Os palestrantes dessa edi\u00e7\u00e3o foram :<\/p>\n<p>Washington Luis Silva Couto (Secret\u00e1rio de Sa\u00fade da Bahia)<\/p>\n<p>Jos\u00e9 Cristiano S\u00f3ster ( Diretor da Aten\u00e7\u00e3o B\u00e1sica-SAIS\/SESAB)<\/p>\n<p>Ant\u00f4nio Carlos da Silva Magalh\u00e3es Neto(Apoiador Institucional \u2013Minist\u00e9rio da Sa\u00fade)<\/p>\n<p>Let\u00edcia Coelho da Costa Nobre (Diretora da Vigil\u00e2ncia da Sa\u00fade do Trabalhador \u2013SUVISA\/SESAB)<\/p>\n<p>Ruth Brilhante (Presidente da CONACS)<\/p>\n<p>Tivemos tamb\u00e9m v\u00e1rios discuss\u00f5es com os debatedores:<\/p>\n<p>Edim\u00e9ia Gon\u00e7alves (Presidente da FEBACS)<\/p>\n<p>Roque Onorato(3\u00aa Vice Presidente da FEBACS)<\/p>\n<p>Mrivalda Ara\u00fajo (1\u00aa vice presidente da FEBACS)<\/p>\n<p>Maria L\u00facia (Diretora de Assuntos Comunit\u00e1rios da FEBACS)<\/p>\n<p>Tivemos tamb\u00e9m a participa\u00e7\u00e3o do ex- secretario de sa\u00fade da Bahia, o Sr. JORGE SOLA.<\/p>\n<p><a href=\"http:\/\/www.maisbn.com\/portal\/wp-content\/uploads\/2014\/09\/congresso_00002.jpg\"><img loading=\"lazy\" decoding=\"async\" class=\"aligncenter size-full wp-image-5998\" src=\"http:\/\/www.maisbn.com\/portal\/wp-content\/uploads\/2014\/09\/congresso_00002.jpg\" alt=\"congresso_00002\" width=\"650\" height=\"412\" srcset=\"https:\/\/www.maisbn.com\/portal\/wp-content\/uploads\/2014\/09\/congresso_00002.jpg 650w, https:\/\/www.maisbn.com\/portal\/wp-content\/uploads\/2014\/09\/congresso_00002-552x350.jpg 552w\" sizes=\"auto, (max-width: 650px) 100vw, 650px\" \/><\/a><\/p>\n<p>O evento foi bastante produtivo porque estamos vivenciando um marco hist\u00f3rico para a categoria profissional, que \u00e9 a \u00fanica exclusividade do SUS: A sans\u00e3o da lei 12994\/2014. Com ela, novos\u00a0 desafios e, sobre tudo, a necessidade de discutirmos o cuidado \u00e0 nossa sa\u00fade.<\/p>\n<p>O congresso foi organizado pela FEBACS (Federa\u00e7\u00e3o Baiana dos Agentes Comunit\u00e1rios de Sa\u00fade) que foi fundada em 1996 com o objetivo de reunir as v\u00e1rias associa\u00e7\u00f5es existentes nos munic\u00edpios em uma \u00fanica Federa\u00e7\u00e3o no objetivo de fortalecer a classe.\u00a0 Hoje congregam tamb\u00e9m nessa luta os AGENTES DE COMBATE \u00c0S ENDEMIAS de todo estado da Bahia.<\/p>\n<p>Com apoio total do SINDIACSCER (Sindicato Intermunicipal dos Agentes Comunit\u00e1rios de Sa\u00fade e Combate as Endemias de Eun\u00e1polis e regi\u00e3o) que tem como presidente TOBIAS ALBINO\u00a0 o evento foi um sucesso\u00a0 e foi encerrado em uma noite cultural na casa de shows Porto Magia.<\/p>\n<p>Os participantes de Belmonte foram : TADEU,JOTA,JUNAIA, LOURA, ANA CLAUDIA e JUNIOR, eles agradecem a prefeita ALICE MARIA e a secretaria de sa\u00fade\u00a0 pelo apoio.<\/p>\n","protected":false},"excerpt":{"rendered":"<p>O evento aconteceu nos dias 18 e 19 de setembro em Porto Seguro e, com o apoio total da Prefeitura Municipal de Belmonte,\u00a0 alguns agentes de Belmonte puderam participar do congresso que teve como tema \u201cAVAN\u00c7AR NAS CONQUISTAS COM VALORIZA\u00c7\u00c3O DO TRABALHADOR\u201d. Essa edi\u00e7\u00e3o do congresso serviu para tratar do futuro profissional dos agentes, a [&hellip;]<\/p>\n","protected":false},"author":7,"featured_media":5998,"comment_status":"closed","ping_status":"open","sticky":false,"template":"","format":"standard","meta":{"footnotes":""},"categories":[28],"tags":[572,108,573],"class_list":["post-5995","post","type-post","status-publish","format-standard","has-post-thumbnail","hentry","category-saude-noticias","tag-agente-de-saude-e-edemias","tag-belmonte","tag-confebacs"],"_links":{"self":[{"href":"https:\/\/www.maisbn.com\/portal\/wp-json\/wp\/v2\/posts\/5995","targetHints":{"allow":["GET"]}}],"collection":[{"href":"https:\/\/www.maisbn.com\/portal\/wp-json\/wp\/v2\/posts"}],"about":[{"href":"https:\/\/www.maisbn.com\/portal\/wp-json\/wp\/v2\/types\/post"}],"author":[{"embeddable":true,"href":"https:\/\/www.maisbn.com\/portal\/wp-json\/wp\/v2\/users\/7"}],"replies":[{"embeddable":true,"href":"https:\/\/www.maisbn.com\/portal\/wp-json\/wp\/v2\/comments?post=5995"}],"version-history":[{"count":0,"href":"https:\/\/www.maisbn.com\/portal\/wp-json\/wp\/v2\/posts\/5995\/revisions"}],"wp:featuredmedia":[{"embeddable":true,"href":"https:\/\/www.maisbn.com\/portal\/wp-json\/wp\/v2\/media\/5998"}],"wp:attachment":[{"href":"https:\/\/www.maisbn.com\/portal\/wp-json\/wp\/v2\/media?parent=5995"}],"wp:term":[{"taxonomy":"category","embeddable":true,"href":"https:\/\/www.maisbn.com\/portal\/wp-json\/wp\/v2\/categories?post=5995"},{"taxonomy":"post_tag","embeddable":true,"href":"https:\/\/www.maisbn.com\/portal\/wp-json\/wp\/v2\/tags?post=5995"}],"curies":[{"name":"wp","href":"https:\/\/api.w.org\/{rel}","templated":true}]}}