{"id":5941,"date":"2014-09-09T14:36:35","date_gmt":"2014-09-09T17:36:35","guid":{"rendered":"http:\/\/www.maisbn.com\/portal\/?p=5941"},"modified":"2014-09-09T14:36:35","modified_gmt":"2014-09-09T17:36:35","slug":"07-de-setembro-e-comemorado-com-grandes-desfiles-e-muita-emocao-em-belmonte","status":"publish","type":"post","link":"https:\/\/www.maisbn.com\/portal\/2014\/09\/07-de-setembro-e-comemorado-com-grandes-desfiles-e-muita-emocao-em-belmonte\/","title":{"rendered":"07 de setembro \u00e9 comemorado com grandes desfiles e muita emo\u00e7\u00e3o em Belmonte."},"content":{"rendered":"<p><img loading=\"lazy\" decoding=\"async\" class=\"aligncenter size-full wp-image-5942\" src=\"http:\/\/www.maisbn.com\/portal\/wp-content\/uploads\/2014\/09\/desfileembelmonte_00003.jpg\" alt=\"desfileembelmonte_00003\" width=\"650\" height=\"412\" srcset=\"https:\/\/www.maisbn.com\/portal\/wp-content\/uploads\/2014\/09\/desfileembelmonte_00003.jpg 650w, https:\/\/www.maisbn.com\/portal\/wp-content\/uploads\/2014\/09\/desfileembelmonte_00003-552x350.jpg 552w\" sizes=\"auto, (max-width: 650px) 100vw, 650px\" \/><\/p>\n<p><a href=\"http:\/\/www.maisbn.com\/portal\/wp-content\/uploads\/2014\/09\/desfileembelmonte_00047.jpg\"><img loading=\"lazy\" decoding=\"async\" class=\"alignleft  wp-image-5943\" src=\"http:\/\/www.maisbn.com\/portal\/wp-content\/uploads\/2014\/09\/desfileembelmonte_00047.jpg\" alt=\"desfileembelmonte_00047\" width=\"435\" height=\"275\" srcset=\"https:\/\/www.maisbn.com\/portal\/wp-content\/uploads\/2014\/09\/desfileembelmonte_00047.jpg 650w, https:\/\/www.maisbn.com\/portal\/wp-content\/uploads\/2014\/09\/desfileembelmonte_00047-552x350.jpg 552w\" sizes=\"auto, (max-width: 435px) 100vw, 435px\" \/><\/a>A educa\u00e7\u00e3o est\u00e1 atrelada \u00e0s atitudes sociais, culturais e c\u00edvicas, sendo que a escola \u00e9 tida como base para a forma\u00e7\u00e3o de indiv\u00edduos conscientes, detentores do saber e da evolu\u00e7\u00e3o hist\u00f3rica. \u00c9 preciso difundir a import\u00e2ncia dos fatos hist\u00f3ricos, como eles interferem na forma\u00e7\u00e3o dos cidad\u00e3os e nos permite situarmos no tempo e espa\u00e7o, conhecendo o ontem, identificando o reflexo deste no hoje e viabilizando a compreens\u00e3o do amanh\u00e3. Com esse pensamento o Desfile comemorativo da Independ\u00eancia do Brasil teve o tema Processo da Independ\u00eancia do Brasil. A data que se comemora a Independ\u00eancia do Brasil \u00e9 o dia 07\/09, mas o desfile foi realizado no s\u00e1bado (06\/09), fruto do acordo entre a Prefeitura Municipal de Belmonte e os profissionais de educa\u00e7\u00e3o que preferiram deixar o domingo para descansar.<\/p>\n<p>Todo o munic\u00edpio comemorou essa importante data c\u00edvica em diversas localidades e a festa come\u00e7ou desde o dia 05\/09 com um grande desfile que aconteceu nos povoados de Santa Maria Eterna e Boca do C\u00f3rrego.<\/p>\n<p><a href=\"http:\/\/www.maisbn.com\/portal\/wp-content\/uploads\/2014\/09\/desfileeentregadeambulanciaembarrolandia_00046.jpg\"><img loading=\"lazy\" decoding=\"async\" class=\"aligncenter size-full wp-image-5944\" src=\"http:\/\/www.maisbn.com\/portal\/wp-content\/uploads\/2014\/09\/desfileeentregadeambulanciaembarrolandia_00046.jpg\" alt=\"desfileeentregadeambulanciaembarrolandia_00046\" width=\"650\" height=\"412\" srcset=\"https:\/\/www.maisbn.com\/portal\/wp-content\/uploads\/2014\/09\/desfileeentregadeambulanciaembarrolandia_00046.jpg 650w, https:\/\/www.maisbn.com\/portal\/wp-content\/uploads\/2014\/09\/desfileeentregadeambulanciaembarrolandia_00046-552x350.jpg 552w\" sizes=\"auto, (max-width: 650px) 100vw, 650px\" \/><\/a><\/p>\n<p>Na manh\u00e3 do dia 06\/09 foi a vez das comemora\u00e7\u00f5es acontecerem em Belmonte. Para marcar a Independ\u00eancia do Brasil a cidade proporcionou aos visitantes e moradores um grande e lindo desfile que contou com v\u00e1rias alas e estava dividido da seguinte forma:<\/p>\n<p>01 \u2013 ALA DE FRENTE \u2013 POVOS PARTICIPANTES DO PROCESSO DE INDEPEND\u00caNCIA DO BRASIL \u2013 F.E.P.C.<br \/>\n02 \u2013 REVOLTA DOS BECKMAN (1684) \u2013 N\u00daCLEO RURAL I<br \/>\n03 \u2013 GUERRA DOS EMBOABAS (1708 \u2013 1711) \u2013 ESCOLA ANTONIA PORTO<br \/>\n04 \u2013 GUERRA DOS MASCATES \u2013 (1710 \u2013 1711) \u2013 ESCOLA PROFESSOR LUCIO COELHO<br \/>\n05 \u2013 REVOLTA FELIPE DOS SANTOS \u2013 (1720) \u2013 ESCOLA GLAUCIA PATERNOSTRO<br \/>\n06 \u2013 CONJURA\u00c7\u00c3O MINEIRA \u2013 (1789) \u2013 ESCOLA EDGAR SANTOS<br \/>\n07 \u2013 CONJURA\u00c7\u00c3O CARIOCA \u2013 (1794) \u2013 ESCOLA EDGAR SANTOS<br \/>\n08 \u2013 REVOLTA PERNAMBUCANA \u2013 (1817) \u2013 ESCOLA L\u00cdCIA PATERNOSTRO<br \/>\n09 \u2013 ALA DO SETE DE SETEMBRO \u2013 (1822) \u2013 ESCOLA DR. JOS\u00c9 TEIXEIRA DE FREITAS<br \/>\n10 \u2013 ALA DO 2 DE JULHO \u2013 (1823) \u2013 FUNDA\u00c7\u00c3O EDUCACIONAL PEDRO CALMON<\/p>\n<p>Al\u00e9m das diversas alas tem\u00e1ticas o grande p\u00fablico ainda contou com as evolu\u00e7\u00f5es dos m\u00fasicos da FAMUP e BAMTIB, respectivamente as fanfarras do Complexo Escolar Polivalente e da Funda\u00e7\u00e3o Educacional Pedro Calmon. O povo vibrou com o desfile que contou com os alunos caracterizados com as vestimentas das suas respectivas alas. A prefeita Alice Maria Britto, juntamente com seus familiares, secret\u00e1rios municipais e vereadores da base aliada acompanhou o espet\u00e1culo e parabenizou a todos pela grande festa.<\/p>\n<p><a href=\"http:\/\/www.maisbn.com\/portal\/wp-content\/uploads\/2014\/09\/desfileeentregadeambulanciaembarrolandia_00002.jpg\"><img loading=\"lazy\" decoding=\"async\" class=\"aligncenter size-full wp-image-5945\" src=\"http:\/\/www.maisbn.com\/portal\/wp-content\/uploads\/2014\/09\/desfileeentregadeambulanciaembarrolandia_00002.jpg\" alt=\"desfileeentregadeambulanciaembarrolandia_00002\" width=\"650\" height=\"412\" srcset=\"https:\/\/www.maisbn.com\/portal\/wp-content\/uploads\/2014\/09\/desfileeentregadeambulanciaembarrolandia_00002.jpg 650w, https:\/\/www.maisbn.com\/portal\/wp-content\/uploads\/2014\/09\/desfileeentregadeambulanciaembarrolandia_00002-552x350.jpg 552w\" sizes=\"auto, (max-width: 650px) 100vw, 650px\" \/><\/a><\/p>\n<p><a href=\"http:\/\/www.maisbn.com\/portal\/wp-content\/uploads\/2014\/09\/entregadeambulanciaembarrolandia_00001.jpg\"><img loading=\"lazy\" decoding=\"async\" class=\"wp-image-5946 alignright\" src=\"http:\/\/www.maisbn.com\/portal\/wp-content\/uploads\/2014\/09\/entregadeambulanciaembarrolandia_00001.jpg\" alt=\"entregadeambulanciaembarrolandia_00001\" width=\"371\" height=\"235\" srcset=\"https:\/\/www.maisbn.com\/portal\/wp-content\/uploads\/2014\/09\/entregadeambulanciaembarrolandia_00001.jpg 650w, https:\/\/www.maisbn.com\/portal\/wp-content\/uploads\/2014\/09\/entregadeambulanciaembarrolandia_00001-552x350.jpg 552w\" sizes=\"auto, (max-width: 371px) 100vw, 371px\" \/><\/a>Na parte da tarde, por volta das 15:00 Hrs foi a vez das escolas de Barrol\u00e2ndia ir para as ruas em um grande desfile. As escolas seguiram o mesmo tema do desfile de Belmonte e a FAMUP e a Fanfarra de Barrol\u00e2ndia foram as respons\u00e1veis pelas evolu\u00e7\u00f5es musicais. A Prefeita Alice Maria Britto e sua comitiva estiveram presentes e acompanharam o desfile. A prefeita ainda aproveitou para realizar a entrega de uma nova ambul\u00e2ncia que servir\u00e1 para o transporte de doentes do distrito conseguida a pedido do deputado Marcelo Nilo ao Governo do Estado. \u201cFico feliz em estar comemorando essa importante data c\u00edvica com mais uma vit\u00f3ria para o nosso povo. O nosso munic\u00edpio vem melhorando muito e seguiremos trabalhando e cumprindo as nossas metas para uma Belmonte melhor.\u201d \u2013 Comentou a Prefeita Alice Maria.<\/p>\n<p>&nbsp;<\/p>\n<p><a href=\"http:\/\/www.maisbn.com\/portal\/wp-content\/uploads\/2014\/09\/7setembro032.jpg\"><img loading=\"lazy\" decoding=\"async\" class=\"aligncenter size-full wp-image-5947\" src=\"http:\/\/www.maisbn.com\/portal\/wp-content\/uploads\/2014\/09\/7setembro032.jpg\" alt=\"7setembro032\" width=\"650\" height=\"412\" srcset=\"https:\/\/www.maisbn.com\/portal\/wp-content\/uploads\/2014\/09\/7setembro032.jpg 650w, https:\/\/www.maisbn.com\/portal\/wp-content\/uploads\/2014\/09\/7setembro032-552x350.jpg 552w\" sizes=\"auto, (max-width: 650px) 100vw, 650px\" \/><\/a><\/p>\n<p>No dia 07\/09 aconteceu logo pela manh\u00e3 o hasteamento da Bandeira Nacional em frente \u00e0 Sede da Ma\u00e7onaria Uni\u00e3o &amp; Sigilo. Os integrantes da entidade compareceram e felicitaram a todos os presentes mostrando a import\u00e2ncia hist\u00f3rica da data. As filarm\u00f4nicas XV de Setembro e Lyra Popular de Belmonte estavam presentes e executaram o Hino de Belmonte e o Hino Nacional Brasileiro. Logo ap\u00f3s \u00e0 cerim\u00f4nia os membros da Mar\u00e7onaria e as duas filarm\u00f4nicas seguiram para a Sede da Prefeitura Municipal de Belmonte onde estavam sendo esperados pela Prefeita Alice Maria Brito para o hasteamento das Bandeiras do Brasil, de Belmonte e da Bahia. As bandeiras foram hasteadas pelo vereador Aelso Matos, pela Prefeita Alice Maria Britto e pelo presidente do legislativo municipal, o vereador Alvino Matos. A prefeita Alice Maria Britto enfatizou em seu pronunciamento a import\u00e2ncia da participa\u00e7\u00e3o da Ma\u00e7onaria na Independ\u00eancia do Brasil e parabenizou as Filarm\u00f4nicas da cidade por serem vencedoras na luta para preservar a cultura belmontense. \u201c\u00c9 importante essa data e temos que lembrar que s\u00f3 vencemos essa batalha pela independ\u00eancia porque est\u00e1vamos unidos, por isso, temos que preservar a uni\u00e3o para que possamos continuar crescendo e alcan\u00e7armos uma Belmonte e um Brasil muito melhor.\u201d \u2013 Comentou a Prefeita Alice Maria Britto \u00e0 nossa equipe.<\/p>\n","protected":false},"excerpt":{"rendered":"<p>A educa\u00e7\u00e3o est\u00e1 atrelada \u00e0s atitudes sociais, culturais e c\u00edvicas, sendo que a escola \u00e9 tida como base para a forma\u00e7\u00e3o de indiv\u00edduos conscientes, detentores do saber e da evolu\u00e7\u00e3o hist\u00f3rica. \u00c9 preciso difundir a import\u00e2ncia dos fatos hist\u00f3ricos, como eles interferem na forma\u00e7\u00e3o dos cidad\u00e3os e nos permite situarmos no tempo e espa\u00e7o, conhecendo [&hellip;]<\/p>\n","protected":false},"author":7,"featured_media":5942,"comment_status":"closed","ping_status":"open","sticky":false,"template":"","format":"standard","meta":{"footnotes":""},"categories":[45,1],"tags":[108,101],"class_list":["post-5941","post","type-post","status-publish","format-standard","has-post-thumbnail","hentry","category-cidades","category-noticias","tag-belmonte","tag-belmonte-bahia-2"],"_links":{"self":[{"href":"https:\/\/www.maisbn.com\/portal\/wp-json\/wp\/v2\/posts\/5941","targetHints":{"allow":["GET"]}}],"collection":[{"href":"https:\/\/www.maisbn.com\/portal\/wp-json\/wp\/v2\/posts"}],"about":[{"href":"https:\/\/www.maisbn.com\/portal\/wp-json\/wp\/v2\/types\/post"}],"author":[{"embeddable":true,"href":"https:\/\/www.maisbn.com\/portal\/wp-json\/wp\/v2\/users\/7"}],"replies":[{"embeddable":true,"href":"https:\/\/www.maisbn.com\/portal\/wp-json\/wp\/v2\/comments?post=5941"}],"version-history":[{"count":0,"href":"https:\/\/www.maisbn.com\/portal\/wp-json\/wp\/v2\/posts\/5941\/revisions"}],"wp:featuredmedia":[{"embeddable":true,"href":"https:\/\/www.maisbn.com\/portal\/wp-json\/wp\/v2\/media\/5942"}],"wp:attachment":[{"href":"https:\/\/www.maisbn.com\/portal\/wp-json\/wp\/v2\/media?parent=5941"}],"wp:term":[{"taxonomy":"category","embeddable":true,"href":"https:\/\/www.maisbn.com\/portal\/wp-json\/wp\/v2\/categories?post=5941"},{"taxonomy":"post_tag","embeddable":true,"href":"https:\/\/www.maisbn.com\/portal\/wp-json\/wp\/v2\/tags?post=5941"}],"curies":[{"name":"wp","href":"https:\/\/api.w.org\/{rel}","templated":true}]}}