{"id":5911,"date":"2014-09-07T13:21:10","date_gmt":"2014-09-07T16:21:10","guid":{"rendered":"http:\/\/www.maisbn.com\/portal\/?p=5911"},"modified":"2014-09-07T13:24:13","modified_gmt":"2014-09-07T16:24:13","slug":"final-de-semana-com-chacina-em-cabralia-e-porto-seguro","status":"publish","type":"post","link":"https:\/\/www.maisbn.com\/portal\/2014\/09\/final-de-semana-com-chacina-em-cabralia-e-porto-seguro\/","title":{"rendered":"Final de semana com chacina em Cabr\u00e1lia e Porto Seguro."},"content":{"rendered":"<p style=\"text-align: justify;\"><a href=\"http:\/\/www.maisbn.com\/portal\/wp-content\/uploads\/2014\/03\/violencia.jpg\"><img loading=\"lazy\" decoding=\"async\" class=\"aligncenter size-full wp-image-4600\" src=\"http:\/\/www.maisbn.com\/portal\/wp-content\/uploads\/2014\/03\/violencia.jpg\" alt=\"violencia\" width=\"420\" height=\"268\" \/><\/a><\/p>\n<p style=\"text-align: justify;\">Uma chacina deixou chocada a popula\u00e7\u00e3o de Vera Cruz, no munic\u00edpio de Porto Seguro. Seis pessoas foram mortas na madrugada deste domingo (07) no lugarejo que fica \u00e0s margens da BR-367. Segundo a pol\u00edcia, foi o resultado de um tiroteio.<\/p>\n<p style=\"text-align: justify;\">A maior parte das v\u00edtimas morreu no local. Outras ainda chegaram a ser levadas para hospitais p\u00fablicos de Eun\u00e1polis e Porto Seguro. Em Eun\u00e1polis, o Hospital Regional confirmou a morte de uma pessoa. Ainda n\u00e3o h\u00e1 informa\u00e7\u00e3o precisa sobre a quantidade de feridos.<\/p>\n<p style=\"text-align: justify;\">Ambul\u00e2ncias do Samu partiram das cidades de Eun\u00e1polis e de Porto Seguro para socorrer as v\u00edtimas. A pol\u00edcia ainda n\u00e3o divulgou outras informa\u00e7\u00f5es sobre como ocorreu o massacre, as causas, bem como os nomes dos mortos e quantidade de feridos.<\/p>\n<p style=\"text-align: justify;\">\n<p style=\"text-align: justify;\">\n<h2 class=\"cor_noticias\" style=\"text-align: center;\">Tr\u00eas mortos e dois feridos em ataque a bar.<\/h2>\n<p>&nbsp;<\/p>\n<p>&nbsp;<\/p>\n<p><a href=\"http:\/\/www.maisbn.com\/portal\/wp-content\/uploads\/2014\/01\/violencia_cabralia.jpg\"><img loading=\"lazy\" decoding=\"async\" class=\"wp-image-4180 alignright\" src=\"http:\/\/www.maisbn.com\/portal\/wp-content\/uploads\/2014\/01\/violencia_cabralia.jpg\" alt=\"violencia_cabralia\" width=\"254\" height=\"241\" srcset=\"https:\/\/www.maisbn.com\/portal\/wp-content\/uploads\/2014\/01\/violencia_cabralia.jpg 569w, https:\/\/www.maisbn.com\/portal\/wp-content\/uploads\/2014\/01\/violencia_cabralia-368x350.jpg 368w\" sizes=\"auto, (max-width: 254px) 100vw, 254px\" \/><\/a>Na noite de sexta-feira (05) tr\u00eas pessoas j\u00e1 tinham sido mortas e duas ficaram feridas durante ataque a pessoas que frequentavam um bar no vizinho munic\u00edpio de Santa Cruz Cabr\u00e1lia.<\/p>\n<p style=\"text-align: justify;\">Tr\u00eas pessoas morreram e duas ficaram feridas, por volta das 20h30 desta sexta-feira (05), em Santa Cruz Cabr\u00e1lia.\u00a0As v\u00edtimas estavam em um bar nas proximidades da Pra\u00e7a da Juventude, no bairro Campinho, quando uma quadrilha chegou em carro e moto e invadiu o recinto atirando.<\/p>\n<p style=\"text-align: justify;\">Morreram no local, com um tiro, Gilberto dos Santos Felicidade, de 29 anos e F\u00e1bio Amaral dos Santos, 23, com cinco perfura\u00e7\u00f5es.\u00a0Alan Pinheiro dos Santos, 24 anos, morreu no Hospital Municipal Jos\u00e9 Maria de Magalh\u00e3es Neto, em Santa Cruz Cabr\u00e1lia. Magdiel de Jesus Souza, idade n\u00e3o informada, foi submetido \u00e0 cirurgia no Hospital Lu\u00eds Eduardo Magalh\u00e3es, em Porto Seguro e o seu estado de sa\u00fade n\u00e3o foi divulgado. Tamb\u00e9m baleado no ataque, um adolescente de 13 anos recebeu atendimento no hospital de Cabr\u00e1lia e j\u00e1 foi liberado.<\/p>\n<p style=\"text-align: justify;\">De acordo com populares, no momento dos tiros houve um grande corre-corre. Uma pessoa, mesmo ferida, ainda tentou pular um muro, mas acabou n\u00e3o resistindo e morreu no quintal.<\/p>\n<p style=\"text-align: justify;\">No local do triplo homic\u00eddio os peritos recolheram c\u00e1psulas de pistola, possivelmente calibre 9 mil\u00edmetros. Nenhuma das v\u00edtimas tinha passagem pela pol\u00edcia.<\/p>\n","protected":false},"excerpt":{"rendered":"<p>Uma chacina deixou chocada a popula\u00e7\u00e3o de Vera Cruz, no munic\u00edpio de Porto Seguro. Seis pessoas foram mortas na madrugada deste domingo (07) no lugarejo que fica \u00e0s margens da BR-367. Segundo a pol\u00edcia, foi o resultado de um tiroteio. A maior parte das v\u00edtimas morreu no local. Outras ainda chegaram a ser levadas para [&hellip;]<\/p>\n","protected":false},"author":7,"featured_media":4600,"comment_status":"closed","ping_status":"open","sticky":false,"template":"","format":"standard","meta":{"footnotes":""},"categories":[1,16],"tags":[158,230,178,91],"class_list":["post-5911","post","type-post","status-publish","format-standard","has-post-thumbnail","hentry","category-noticias","category-policial","tag-5a-cia-de-policia-militar","tag-costa-do-descobrimento","tag-porto-seguro","tag-santa-cruz-cabralia"],"_links":{"self":[{"href":"https:\/\/www.maisbn.com\/portal\/wp-json\/wp\/v2\/posts\/5911","targetHints":{"allow":["GET"]}}],"collection":[{"href":"https:\/\/www.maisbn.com\/portal\/wp-json\/wp\/v2\/posts"}],"about":[{"href":"https:\/\/www.maisbn.com\/portal\/wp-json\/wp\/v2\/types\/post"}],"author":[{"embeddable":true,"href":"https:\/\/www.maisbn.com\/portal\/wp-json\/wp\/v2\/users\/7"}],"replies":[{"embeddable":true,"href":"https:\/\/www.maisbn.com\/portal\/wp-json\/wp\/v2\/comments?post=5911"}],"version-history":[{"count":0,"href":"https:\/\/www.maisbn.com\/portal\/wp-json\/wp\/v2\/posts\/5911\/revisions"}],"wp:featuredmedia":[{"embeddable":true,"href":"https:\/\/www.maisbn.com\/portal\/wp-json\/wp\/v2\/media\/4600"}],"wp:attachment":[{"href":"https:\/\/www.maisbn.com\/portal\/wp-json\/wp\/v2\/media?parent=5911"}],"wp:term":[{"taxonomy":"category","embeddable":true,"href":"https:\/\/www.maisbn.com\/portal\/wp-json\/wp\/v2\/categories?post=5911"},{"taxonomy":"post_tag","embeddable":true,"href":"https:\/\/www.maisbn.com\/portal\/wp-json\/wp\/v2\/tags?post=5911"}],"curies":[{"name":"wp","href":"https:\/\/api.w.org\/{rel}","templated":true}]}}