{"id":5904,"date":"2014-09-06T08:29:00","date_gmt":"2014-09-06T11:29:00","guid":{"rendered":"http:\/\/www.maisbn.com\/portal\/?p=5904"},"modified":"2014-09-06T08:32:17","modified_gmt":"2014-09-06T11:32:17","slug":"preso-jovem-que-teria-incendiado-o-shopping-dos-indios-em-coroa-vermelha","status":"publish","type":"post","link":"https:\/\/www.maisbn.com\/portal\/2014\/09\/preso-jovem-que-teria-incendiado-o-shopping-dos-indios-em-coroa-vermelha\/","title":{"rendered":"Preso jovem que teria incendiado o \u2018Shopping dos \u00cdndios\u2019 em Coroa Vermelha."},"content":{"rendered":"<p><a href=\"http:\/\/www.maisbn.com\/portal\/wp-content\/uploads\/2014\/09\/jovem_indio_incendiario.jpg\"><img loading=\"lazy\" decoding=\"async\" class=\"aligncenter size-full wp-image-5905\" src=\"http:\/\/www.maisbn.com\/portal\/wp-content\/uploads\/2014\/09\/jovem_indio_incendiario.jpg\" alt=\"jovem_indio_incendiario\" width=\"640\" height=\"500\" srcset=\"https:\/\/www.maisbn.com\/portal\/wp-content\/uploads\/2014\/09\/jovem_indio_incendiario.jpg 640w, https:\/\/www.maisbn.com\/portal\/wp-content\/uploads\/2014\/09\/jovem_indio_incendiario-448x350.jpg 448w\" sizes=\"auto, (max-width: 640px) 100vw, 640px\" \/><\/a><\/p>\n<p>O jovem acusado de ter provocado o inc\u00eandio que destruiu mais de 30 lojas de artesanato ind\u00edgena em Coroa Vermelha, no munic\u00edpio de santa Cruz Cabr\u00e1lia, foi preso na tarde desta sexta-feira (05).<\/p>\n<p>Segundo a Pol\u00edcia Militar, Marcelo Alves dos Santos, 19 anos, que \u00e9 \u00edndio patax\u00f3, foi detido por volta das 13h na pr\u00f3pria localidade.<\/p>\n<p>Marcelo, de acordo com que a fam\u00edlia relatou para a PM, vinha enfrentando dist\u00farbios psicol\u00f3gicos e durante um surto resolveu destruir o &#8216;Shopping dos \u00cdndios na madrugada desta sexta.<\/p>\n<p><a href=\"http:\/\/www.maisbn.com\/portal\/wp-content\/uploads\/2014\/09\/coroa_vermelha.jpg\"><img loading=\"lazy\" decoding=\"async\" class=\"aligncenter size-full wp-image-5909\" src=\"http:\/\/www.maisbn.com\/portal\/wp-content\/uploads\/2014\/09\/coroa_vermelha.jpg\" alt=\"coroa_vermelha\" width=\"640\" height=\"352\" srcset=\"https:\/\/www.maisbn.com\/portal\/wp-content\/uploads\/2014\/09\/coroa_vermelha.jpg 640w, https:\/\/www.maisbn.com\/portal\/wp-content\/uploads\/2014\/09\/coroa_vermelha-636x350.jpg 636w\" sizes=\"auto, (max-width: 640px) 100vw, 640px\" \/><\/a><\/p>\n<p>Marcelo foi encaminhado para a delegacia de Santa Cruz Cabr\u00e1lia, que ainda n\u00e3o informou qual provid\u00eancia deve ser tomada. Os \u00edndios ainda est\u00e3o contabilizando os preju\u00edzos.<\/p>\n<p>Quase metade\u00a0das lojas que comercializam artesanatos ind\u00edgenas em Cora Vermelha, munic\u00edpio de Santa Cruz Cabr\u00e1lia, foram destru\u00eddas na madrugada de sexta pelo inc\u00eandio.<\/p>\n<p>O Corpo de Bombeiros n\u00e3o conseguiu conter o avan\u00e7o das chamas \u2013 j\u00e1 que o vento estava muito forte e o material usado na constru\u00e7\u00e3o das lojas \u2013 pia\u00e7ava e madeira, tamb\u00e9m contribuiu para a propaga\u00e7\u00e3o.<\/p>\n<p>Revoltados, populares foram at\u00e9 a casa do pai do acusado para tentar linch\u00e1-lo. A PM foi acionada e conteve a confus\u00e3o. O local onde as barracas est\u00e3o instaladas \u00e9 conhecido como \u2018shopping dos \u00edndios\u2019, perto de onde teria sido realizado a primeira missa do Brasil. Mais de 30 lojas foram destru\u00eddas.<\/p>\n","protected":false},"excerpt":{"rendered":"<p>O jovem acusado de ter provocado o inc\u00eandio que destruiu mais de 30 lojas de artesanato ind\u00edgena em Coroa Vermelha, no munic\u00edpio de santa Cruz Cabr\u00e1lia, foi preso na tarde desta sexta-feira (05). Segundo a Pol\u00edcia Militar, Marcelo Alves dos Santos, 19 anos, que \u00e9 \u00edndio patax\u00f3, foi detido por volta das 13h na pr\u00f3pria [&hellip;]<\/p>\n","protected":false},"author":7,"featured_media":5905,"comment_status":"closed","ping_status":"open","sticky":false,"template":"","format":"standard","meta":{"footnotes":""},"categories":[45,1],"tags":[403,91],"class_list":["post-5904","post","type-post","status-publish","format-standard","has-post-thumbnail","hentry","category-cidades","category-noticias","tag-cabralia","tag-santa-cruz-cabralia"],"_links":{"self":[{"href":"https:\/\/www.maisbn.com\/portal\/wp-json\/wp\/v2\/posts\/5904","targetHints":{"allow":["GET"]}}],"collection":[{"href":"https:\/\/www.maisbn.com\/portal\/wp-json\/wp\/v2\/posts"}],"about":[{"href":"https:\/\/www.maisbn.com\/portal\/wp-json\/wp\/v2\/types\/post"}],"author":[{"embeddable":true,"href":"https:\/\/www.maisbn.com\/portal\/wp-json\/wp\/v2\/users\/7"}],"replies":[{"embeddable":true,"href":"https:\/\/www.maisbn.com\/portal\/wp-json\/wp\/v2\/comments?post=5904"}],"version-history":[{"count":0,"href":"https:\/\/www.maisbn.com\/portal\/wp-json\/wp\/v2\/posts\/5904\/revisions"}],"wp:featuredmedia":[{"embeddable":true,"href":"https:\/\/www.maisbn.com\/portal\/wp-json\/wp\/v2\/media\/5905"}],"wp:attachment":[{"href":"https:\/\/www.maisbn.com\/portal\/wp-json\/wp\/v2\/media?parent=5904"}],"wp:term":[{"taxonomy":"category","embeddable":true,"href":"https:\/\/www.maisbn.com\/portal\/wp-json\/wp\/v2\/categories?post=5904"},{"taxonomy":"post_tag","embeddable":true,"href":"https:\/\/www.maisbn.com\/portal\/wp-json\/wp\/v2\/tags?post=5904"}],"curies":[{"name":"wp","href":"https:\/\/api.w.org\/{rel}","templated":true}]}}