{"id":5853,"date":"2014-09-01T08:49:05","date_gmt":"2014-09-01T11:49:05","guid":{"rendered":"http:\/\/www.maisbn.com\/portal\/?p=5853"},"modified":"2014-09-01T08:49:05","modified_gmt":"2014-09-01T11:49:05","slug":"veracel-celulose-contribui-para-formacao-social-de-jovens-multiplicadores","status":"publish","type":"post","link":"https:\/\/www.maisbn.com\/portal\/2014\/09\/veracel-celulose-contribui-para-formacao-social-de-jovens-multiplicadores\/","title":{"rendered":"Veracel Celulose contribui para a forma\u00e7\u00e3o social de jovens multiplicadores."},"content":{"rendered":"<p><a href=\"http:\/\/www.maisbn.com\/portal\/wp-content\/uploads\/2014\/09\/veracel_colaboradores.jpg\"><img loading=\"lazy\" decoding=\"async\" class=\"aligncenter size-full wp-image-5854\" src=\"http:\/\/www.maisbn.com\/portal\/wp-content\/uploads\/2014\/09\/veracel_colaboradores.jpg\" alt=\"veracel_colaboradores\" width=\"640\" height=\"360\" srcset=\"https:\/\/www.maisbn.com\/portal\/wp-content\/uploads\/2014\/09\/veracel_colaboradores.jpg 640w, https:\/\/www.maisbn.com\/portal\/wp-content\/uploads\/2014\/09\/veracel_colaboradores-622x350.jpg 622w\" sizes=\"auto, (max-width: 640px) 100vw, 640px\" \/><\/a><\/p>\n<p>Trinta e um jovens dos munic\u00edpios da \u00e1rea de atua\u00e7\u00e3o da Veracel Celulose conclu\u00edram o curso de forma\u00e7\u00e3o de Agentes Multiplicadores e Promotores de Cidadania e Desenvolvimento Comunit\u00e1rio e receberam seu certificado durante cerim\u00f4nia realizada na quarta-feira (27), na RPPN Esta\u00e7\u00e3o Veracel.<\/p>\n<p>O curso \u00e9 fruto da parceria entre a Veracel Celulose e a ONG Instituto M\u00e3e Terra (IMT) e teve com objetivo apoiar o desenvolvimento do capital humano e social desses jovens e contribuir para o desenvolvimento comunit\u00e1rio.<\/p>\n<p>Com este curso, os jovens com idade entre 17 e 24 anos foram capacitados para atuar em suas comunidades e colaborar com a indu\u00e7\u00e3o do desenvolvimento local. O curso teve dura\u00e7\u00e3o total de 340 horas e abordou os seguintes temas: Projeto de Vida e Identidade, Cidadania e Direitos Humanos, Educa\u00e7\u00e3o, Trabalho, Meio Ambiente, Desenvolvimento Comunit\u00e1rio, Drogas, Viol\u00eancia, Sexualidade, Fam\u00edlia, Cultura, Tecnologia da Informa\u00e7\u00e3o e Comunica\u00e7\u00e3o.<\/p>\n<p><a href=\"http:\/\/www.maisbn.com\/portal\/wp-content\/uploads\/2014\/09\/veracel_colaboradores2.jpg\"><img loading=\"lazy\" decoding=\"async\" class=\"aligncenter size-full wp-image-5855\" src=\"http:\/\/www.maisbn.com\/portal\/wp-content\/uploads\/2014\/09\/veracel_colaboradores2.jpg\" alt=\"veracel_colaboradores2\" width=\"640\" height=\"360\" srcset=\"https:\/\/www.maisbn.com\/portal\/wp-content\/uploads\/2014\/09\/veracel_colaboradores2.jpg 640w, https:\/\/www.maisbn.com\/portal\/wp-content\/uploads\/2014\/09\/veracel_colaboradores2-622x350.jpg 622w\" sizes=\"auto, (max-width: 640px) 100vw, 640px\" \/><\/a><\/p>\n<p>De acordo com o consultor de Rela\u00e7\u00f5es com as Comunidades da Veracel, Pedro Cardoso, a forma\u00e7\u00e3o destes jovens surgiu da necessidade da empresa de estabelecer um di\u00e1logo constante com as comunidades por onde s\u00e3o realizadas as suas opera\u00e7\u00f5es florestais e os resultados objetivos foram al\u00e9m do objetivo inicial. \u201cO desenvolvimento da regi\u00e3o \u00e9 um processo cont\u00ednuo e, quando \u00e9 feito em conjunto, as a\u00e7\u00f5es s\u00e3o potencializadas e se tornam ainda mais sustent\u00e1vel. Por isso, mais do que apenas estreitar o relacionamento com estas comunidades, queremos que cada jovem multiplique as informa\u00e7\u00f5es aprendidas neste curso com as suas fam\u00edlias e vizinhos para que o aprendizado seja um agregador de desenvolvimento para a nossa regi\u00e3o\u201d, explicou Cardoso durante o evento.<\/p>\n<p>\u201c\u00c0 medida que as atividades foram desenvolvidas e as rela\u00e7\u00f5es se fortaleceram, a transforma\u00e7\u00e3o desses jovens foi not\u00f3ria. Eles passaram a entender as dificuldades de suas comunidades e transform\u00e1-las em demandas leg\u00edtimas, utilizando suas potencialidades para mobilizar solu\u00e7\u00f5es de interesse coletivo. Podemos dizer que, agora, eles ser\u00e3o parte das ra\u00edzes sustent\u00e1veis deste desenvolvimento\u201d, completou a gerente de projetos do Instituto M\u00e3e Terra e coordenadora pedag\u00f3gica do curso, Flaelma Almeida da Silva.<\/p>\n<p>Um bom exemplo disso \u00e9 a estudante Stephanie Alves dos Santos, 17 anos, que mora na comunidade de Escadinha, em Guaratinga. Ap\u00f3s o curso, ela percebeu importantes mudan\u00e7as no jeito de olhar para si e para a sua comunidade. \u201cPosso afirmar, com certeza, que esse curso foi uma grande experi\u00eancia de descoberta para cada um de n\u00f3s. Pude conhecer a fundo os problemas da minha comunidade e isso despertou em mim a vontade de buscar mudan\u00e7as. Sei que o que somos hoje \u00e9, em grande parte, fruto do caminho que percorremos durante a nossa vida. O que vamos ser amanh\u00e3 vai depender de como vamos percorrer esse caminho\u201d, afirmou a estudante.<\/p>\n<p><a href=\"http:\/\/www.maisbn.com\/portal\/wp-content\/uploads\/2014\/09\/veracel_colaboradores3.jpg\"><img loading=\"lazy\" decoding=\"async\" class=\"aligncenter size-full wp-image-5856\" src=\"http:\/\/www.maisbn.com\/portal\/wp-content\/uploads\/2014\/09\/veracel_colaboradores3.jpg\" alt=\"veracel_colaboradores3\" width=\"640\" height=\"360\" srcset=\"https:\/\/www.maisbn.com\/portal\/wp-content\/uploads\/2014\/09\/veracel_colaboradores3.jpg 640w, https:\/\/www.maisbn.com\/portal\/wp-content\/uploads\/2014\/09\/veracel_colaboradores3-622x350.jpg 622w\" sizes=\"auto, (max-width: 640px) 100vw, 640px\" \/><\/a><\/p>\n<p>Esta atividade faz parte das a\u00e7\u00f5es de di\u00e1logo ativo entre Veracel e as comunidades de suas \u00e1reas de atua\u00e7\u00e3o e contribuiu para a forma\u00e7\u00e3o de oito jovens no mun\u00edcipio de Porto Seguro, sete em Belmonte, quatro em Eun\u00e1polis, quatro em Santa Cruz Cabr\u00e1lia, tr\u00eas em Guaratinga, dois em Itabela, um em Itapebi, um em Mascote e um em Canavieiras.<\/p>\n<p>A especialista em Responsabilidade Social da Veracel, Izabel Bianchi, explica que a proposta do fortalecimento destes la\u00e7os de relacionamento com as comunidades \u00e9 ir ainda mais longe. \u201cSabemos que este \u00e9 s\u00f3 o in\u00edcio. Por isso, a partir de 2015, estes jovens participar\u00e3o de um novo curso de forma\u00e7\u00e3o com foco no associativismo e cooperativismo. A proposta \u00e9 orientar pessoas da pr\u00f3pria comunidade, que conhecem bem a suas realidades, para que eles possam contribuir para o desenvolvimento local\u201d, conclui Bianchi.<\/p>\n","protected":false},"excerpt":{"rendered":"<p>Trinta e um jovens dos munic\u00edpios da \u00e1rea de atua\u00e7\u00e3o da Veracel Celulose conclu\u00edram o curso de forma\u00e7\u00e3o de Agentes Multiplicadores e Promotores de Cidadania e Desenvolvimento Comunit\u00e1rio e receberam seu certificado durante cerim\u00f4nia realizada na quarta-feira (27), na RPPN Esta\u00e7\u00e3o Veracel. O curso \u00e9 fruto da parceria entre a Veracel Celulose e a ONG [&hellip;]<\/p>\n","protected":false},"author":7,"featured_media":5854,"comment_status":"closed","ping_status":"open","sticky":false,"template":"","format":"standard","meta":{"footnotes":""},"categories":[29,1],"tags":[30],"class_list":["post-5853","post","type-post","status-publish","format-standard","has-post-thumbnail","hentry","category-empreendimentos","category-noticias","tag-veracel"],"_links":{"self":[{"href":"https:\/\/www.maisbn.com\/portal\/wp-json\/wp\/v2\/posts\/5853","targetHints":{"allow":["GET"]}}],"collection":[{"href":"https:\/\/www.maisbn.com\/portal\/wp-json\/wp\/v2\/posts"}],"about":[{"href":"https:\/\/www.maisbn.com\/portal\/wp-json\/wp\/v2\/types\/post"}],"author":[{"embeddable":true,"href":"https:\/\/www.maisbn.com\/portal\/wp-json\/wp\/v2\/users\/7"}],"replies":[{"embeddable":true,"href":"https:\/\/www.maisbn.com\/portal\/wp-json\/wp\/v2\/comments?post=5853"}],"version-history":[{"count":0,"href":"https:\/\/www.maisbn.com\/portal\/wp-json\/wp\/v2\/posts\/5853\/revisions"}],"wp:featuredmedia":[{"embeddable":true,"href":"https:\/\/www.maisbn.com\/portal\/wp-json\/wp\/v2\/media\/5854"}],"wp:attachment":[{"href":"https:\/\/www.maisbn.com\/portal\/wp-json\/wp\/v2\/media?parent=5853"}],"wp:term":[{"taxonomy":"category","embeddable":true,"href":"https:\/\/www.maisbn.com\/portal\/wp-json\/wp\/v2\/categories?post=5853"},{"taxonomy":"post_tag","embeddable":true,"href":"https:\/\/www.maisbn.com\/portal\/wp-json\/wp\/v2\/tags?post=5853"}],"curies":[{"name":"wp","href":"https:\/\/api.w.org\/{rel}","templated":true}]}}