{"id":5789,"date":"2014-08-24T18:16:56","date_gmt":"2014-08-24T21:16:56","guid":{"rendered":"http:\/\/www.maisbn.com\/portal\/?p=5789"},"modified":"2014-08-24T18:16:56","modified_gmt":"2014-08-24T21:16:56","slug":"lombadas-eletronicas-estao-sendo-instaladas-na-br-367","status":"publish","type":"post","link":"https:\/\/www.maisbn.com\/portal\/2014\/08\/lombadas-eletronicas-estao-sendo-instaladas-na-br-367\/","title":{"rendered":"Lombadas eletr\u00f4nicas est\u00e3o sendo instaladas na BR-367."},"content":{"rendered":"<p><a href=\"http:\/\/www.maisbn.com\/portal\/wp-content\/uploads\/2014\/08\/lombada_eletronica.jpg\"><img loading=\"lazy\" decoding=\"async\" class=\"aligncenter size-full wp-image-5790\" src=\"http:\/\/www.maisbn.com\/portal\/wp-content\/uploads\/2014\/08\/lombada_eletronica.jpg\" alt=\"lombada_eletronica\" width=\"640\" height=\"360\" srcset=\"https:\/\/www.maisbn.com\/portal\/wp-content\/uploads\/2014\/08\/lombada_eletronica.jpg 640w, https:\/\/www.maisbn.com\/portal\/wp-content\/uploads\/2014\/08\/lombada_eletronica-622x350.jpg 622w\" sizes=\"auto, (max-width: 640px) 100vw, 640px\" \/><\/a><\/p>\n<p>Os motoristas que gostam de ultrapassar o limite de velocidade na BR-367 podem se preparar para tirar o p\u00e9 do acelerador. O Dnit \u2013 \u00f3rg\u00e3o federal respons\u00e1vel pela rodovia \u2013 est\u00e1 instalando diversos redutores eletr\u00f4nicos de velocidade, conhecidos como lombadas eletr\u00f4nicas, ao longo da estrada, desde Eun\u00e1polis at\u00e9 Cabr\u00e1lia.<\/p>\n<p>As placas indicativas de fiscaliza\u00e7\u00e3o eletr\u00f4nica e de velocidade permitida no trecho j\u00e1 foram todas instaladas, assim como os postes onde ficar\u00e3o os equipamentos. Tamb\u00e9m j\u00e1 est\u00e3o sendo feitos os cortes no asfalto onde ser\u00e3o instalados os sensores. A velocidade m\u00e1xima permitida nesses trechos ser\u00e1 de 50 km\/h.<\/p>\n<p><strong>Orla tamb\u00e9m ser\u00e1 contemplada<\/strong><\/p>\n<p>Na orla entre Porto Seguro e Cabr\u00e1lia ser\u00e3o instaladas pelo menos sete lombadas eletr\u00f4nicas, sendo quatro no trecho entre Coroa Vermelha e o centro de Cabr\u00e1lia, onde este ano foram registrados diversos acidentes. J\u00e1 est\u00e1 sendo preparada a instala\u00e7\u00e3os de redutores eletr\u00f4nicos em frente ao T\u00f4a T\u00f4a; em frente ao Ax\u00e9 Moi; em Coroa Vermelha; em frente ao hospital de Cabr\u00e1lia; na entrada para o bairro Campo Verde; em frente \u00e0 entrada principal do bairro Nova Cabr\u00e1lia; e na entrada do centro de Cabr\u00e1lia.<\/p>\n<p><strong>Recapeamento<\/strong><\/p>\n<p>De acordo com o funcion\u00e1rio de uma empresa que presta servi\u00e7os para o Dnit e que na manh\u00e3 de sexta-feira, 22 de agosto, trabalhava na rodovia, a instala\u00e7\u00e3o das lombadas eletr\u00f4nicas faz parte das obras de recupera\u00e7\u00e3o, restaura\u00e7\u00e3o e manuten\u00e7\u00e3o da BR 367, que dever\u00e3o ter in\u00edcio na ter\u00e7a ou quarta-feira da pr\u00f3xima semana. Conforme uma placa do Minist\u00e9rio dos Transportes colocada desde 2013 na beira da estrada, o recapeamento dos 84,2 quil\u00f4metros do trecho que se estende de Cabr\u00e1lia at\u00e9 Eun\u00e1polis estava previsto para come\u00e7ar em fevereiro do ano passado, ao custo de R$ 7,8 milh\u00f5es com recursos federais.<\/p>\n<p>&nbsp;<\/p>\n","protected":false},"excerpt":{"rendered":"<p>Os motoristas que gostam de ultrapassar o limite de velocidade na BR-367 podem se preparar para tirar o p\u00e9 do acelerador. O Dnit \u2013 \u00f3rg\u00e3o federal respons\u00e1vel pela rodovia \u2013 est\u00e1 instalando diversos redutores eletr\u00f4nicos de velocidade, conhecidos como lombadas eletr\u00f4nicas, ao longo da estrada, desde Eun\u00e1polis at\u00e9 Cabr\u00e1lia. As placas indicativas de fiscaliza\u00e7\u00e3o eletr\u00f4nica [&hellip;]<\/p>\n","protected":false},"author":7,"featured_media":5790,"comment_status":"closed","ping_status":"open","sticky":false,"template":"","format":"standard","meta":{"footnotes":""},"categories":[45,1],"tags":[108,178,91],"class_list":["post-5789","post","type-post","status-publish","format-standard","has-post-thumbnail","hentry","category-cidades","category-noticias","tag-belmonte","tag-porto-seguro","tag-santa-cruz-cabralia"],"_links":{"self":[{"href":"https:\/\/www.maisbn.com\/portal\/wp-json\/wp\/v2\/posts\/5789","targetHints":{"allow":["GET"]}}],"collection":[{"href":"https:\/\/www.maisbn.com\/portal\/wp-json\/wp\/v2\/posts"}],"about":[{"href":"https:\/\/www.maisbn.com\/portal\/wp-json\/wp\/v2\/types\/post"}],"author":[{"embeddable":true,"href":"https:\/\/www.maisbn.com\/portal\/wp-json\/wp\/v2\/users\/7"}],"replies":[{"embeddable":true,"href":"https:\/\/www.maisbn.com\/portal\/wp-json\/wp\/v2\/comments?post=5789"}],"version-history":[{"count":0,"href":"https:\/\/www.maisbn.com\/portal\/wp-json\/wp\/v2\/posts\/5789\/revisions"}],"wp:featuredmedia":[{"embeddable":true,"href":"https:\/\/www.maisbn.com\/portal\/wp-json\/wp\/v2\/media\/5790"}],"wp:attachment":[{"href":"https:\/\/www.maisbn.com\/portal\/wp-json\/wp\/v2\/media?parent=5789"}],"wp:term":[{"taxonomy":"category","embeddable":true,"href":"https:\/\/www.maisbn.com\/portal\/wp-json\/wp\/v2\/categories?post=5789"},{"taxonomy":"post_tag","embeddable":true,"href":"https:\/\/www.maisbn.com\/portal\/wp-json\/wp\/v2\/tags?post=5789"}],"curies":[{"name":"wp","href":"https:\/\/api.w.org\/{rel}","templated":true}]}}