{"id":5768,"date":"2014-08-21T08:40:32","date_gmt":"2014-08-21T11:40:32","guid":{"rendered":"http:\/\/www.maisbn.com\/portal\/?p=5768"},"modified":"2014-08-21T08:41:43","modified_gmt":"2014-08-21T11:41:43","slug":"policiais-de-belmonte-prende-um-acusado-por-furto","status":"publish","type":"post","link":"https:\/\/www.maisbn.com\/portal\/2014\/08\/policiais-de-belmonte-prende-um-acusado-por-furto\/","title":{"rendered":"Policiais de Belmonte prendem um acusado por furto."},"content":{"rendered":"<p>&nbsp;<\/p>\n<div id=\"attachment_5771\" style=\"width: 242px\" class=\"wp-caption alignleft\"><a href=\"http:\/\/www.maisbn.com\/portal\/wp-content\/uploads\/2014\/08\/veinho_ladraodebicicleta.jpg\"><img loading=\"lazy\" decoding=\"async\" aria-describedby=\"caption-attachment-5771\" class=\"wp-image-5771\" src=\"http:\/\/www.maisbn.com\/portal\/wp-content\/uploads\/2014\/08\/veinho_ladraodebicicleta.jpg\" alt=\"veinho_ladraodebicicleta\" width=\"232\" height=\"315\" \/><\/a><p id=\"caption-attachment-5771\" class=\"wp-caption-text\">Acusado de furto de Bicicletas em Belmonte.<\/p><\/div>\n<p>A Policia Militar de Belmonte efetuou mais uma pris\u00e3o nesta quarta-feira (20\/08), estamos falando da opera\u00e7\u00e3o que prendeu o acusado de furto de bicicletas identificado como Adriano Moura de Jesus, vulgo Veinho.<\/p>\n<p>Tudo come\u00e7ou quando os policiais foram abordados por uma v\u00edtima que teve a sua bicicleta roubada na porta da Central Municipal de Regula\u00e7\u00e3o de Sa\u00fade. Os policiais ent\u00e3o efetuaram buscas por toda a cidade e encontraram Veinho nas ruas do Bairro S\u00e3o Benedito. Sendo reconhecido imediatamente pela v\u00edtima, Veinho foi capturado pelos policiais que logo encontraram os pneus da bicicleta dentro de um mato pr\u00f3ximo \u00e0 sua casa. Os policiais ainda avistaram um traficante conhecido como Cheirinho que conseguiu fugir dos policiais dispensando 03 pedras de crack no ch\u00e3o.<\/p>\n<p>Veinho e todo o material apreendido foi levado para a Delegacia de Belmonte onde se encontra \u00e0 disposi\u00e7\u00e3o da justi\u00e7a.<\/p>\n","protected":false},"excerpt":{"rendered":"<p>&nbsp; A Policia Militar de Belmonte efetuou mais uma pris\u00e3o nesta quarta-feira (20\/08), estamos falando da opera\u00e7\u00e3o que prendeu o acusado de furto de bicicletas identificado como Adriano Moura de Jesus, vulgo Veinho. Tudo come\u00e7ou quando os policiais foram abordados por uma v\u00edtima que teve a sua bicicleta roubada na porta da Central Municipal de [&hellip;]<\/p>\n","protected":false},"author":7,"featured_media":5771,"comment_status":"closed","ping_status":"open","sticky":false,"template":"","format":"standard","meta":{"footnotes":""},"categories":[1,16],"tags":[108,101],"class_list":["post-5768","post","type-post","status-publish","format-standard","has-post-thumbnail","hentry","category-noticias","category-policial","tag-belmonte","tag-belmonte-bahia-2"],"_links":{"self":[{"href":"https:\/\/www.maisbn.com\/portal\/wp-json\/wp\/v2\/posts\/5768","targetHints":{"allow":["GET"]}}],"collection":[{"href":"https:\/\/www.maisbn.com\/portal\/wp-json\/wp\/v2\/posts"}],"about":[{"href":"https:\/\/www.maisbn.com\/portal\/wp-json\/wp\/v2\/types\/post"}],"author":[{"embeddable":true,"href":"https:\/\/www.maisbn.com\/portal\/wp-json\/wp\/v2\/users\/7"}],"replies":[{"embeddable":true,"href":"https:\/\/www.maisbn.com\/portal\/wp-json\/wp\/v2\/comments?post=5768"}],"version-history":[{"count":0,"href":"https:\/\/www.maisbn.com\/portal\/wp-json\/wp\/v2\/posts\/5768\/revisions"}],"wp:featuredmedia":[{"embeddable":true,"href":"https:\/\/www.maisbn.com\/portal\/wp-json\/wp\/v2\/media\/5771"}],"wp:attachment":[{"href":"https:\/\/www.maisbn.com\/portal\/wp-json\/wp\/v2\/media?parent=5768"}],"wp:term":[{"taxonomy":"category","embeddable":true,"href":"https:\/\/www.maisbn.com\/portal\/wp-json\/wp\/v2\/categories?post=5768"},{"taxonomy":"post_tag","embeddable":true,"href":"https:\/\/www.maisbn.com\/portal\/wp-json\/wp\/v2\/tags?post=5768"}],"curies":[{"name":"wp","href":"https:\/\/api.w.org\/{rel}","templated":true}]}}