{"id":5761,"date":"2014-08-20T08:26:26","date_gmt":"2014-08-20T11:26:26","guid":{"rendered":"http:\/\/www.maisbn.com\/portal\/?p=5761"},"modified":"2014-08-20T08:26:26","modified_gmt":"2014-08-20T11:26:26","slug":"coelba-pedido-da-prefeitura-troca-fiacao-circuito-carnaval","status":"publish","type":"post","link":"https:\/\/www.maisbn.com\/portal\/2014\/08\/coelba-pedido-da-prefeitura-troca-fiacao-circuito-carnaval\/","title":{"rendered":"Coelba, a pedido da Prefeitura, troca fia\u00e7\u00e3o do circuito do carnaval."},"content":{"rendered":"<p><a href=\"http:\/\/www.maisbn.com\/portal\/wp-content\/uploads\/2014\/08\/coelba_011.jpg\"><img loading=\"lazy\" decoding=\"async\" class=\"alignleft  wp-image-5758\" src=\"http:\/\/www.maisbn.com\/portal\/wp-content\/uploads\/2014\/08\/coelba_011.jpg\" alt=\"coelba_01\" width=\"299\" height=\"245\" \/><\/a>A COELBA, a pedido da Prefeita Alice Maria Britto e da Secretaria de Infraestrutura, finalmente esta efetuando mudan\u00e7as na rede el\u00e9trica do circuito do carnaval que compreende as Avenidas Riomar e D. Pedro II. Segundo Carlos Cruz, Secret\u00e1rio de Infraestrutura, a rede ser\u00e1 trocada da atual CABO 4 REDE NUA para uma rede MULTIPLEX. \u201cEssa \u00e9 uma preocupa\u00e7\u00e3o desde o come\u00e7o do nosso governo. A cidade recebe um grande n\u00famero de pessoas e a maior concentra\u00e7\u00e3o de pessoas \u00e9 na Av. Riomar quando o Trio El\u00e9trico passa levando o arrast\u00e3o e \u00e9 preocupante ver a fia\u00e7\u00e3o el\u00e9trica passando t\u00e3o perto do equipamento e dos m\u00fasicos.Mandamos um of\u00edcio em 2013 solicitando \u00e0 COELBA essa mudan\u00e7a e a empresa nos atendeu. Agora o foli\u00e3o vai ter mais seguran\u00e7a e estaremos afastando o risco de um desastre.\u201d\u2013 Comentou Carlos Cruz.<br \/>\n<a href=\"http:\/\/www.maisbn.com\/portal\/wp-content\/uploads\/2014\/08\/coelba_02.jpg\"><img loading=\"lazy\" decoding=\"async\" class=\"alignright  wp-image-5759\" src=\"http:\/\/www.maisbn.com\/portal\/wp-content\/uploads\/2014\/08\/coelba_02.jpg\" alt=\"coelba_02\" width=\"318\" height=\"258\" \/><\/a>O Secret\u00e1rio tamb\u00e9m aproveitou para informar que a Prefeita Alice Maria Britto tamb\u00e9m pediu a extens\u00e3o da rede el\u00e9trica com ilumina\u00e7\u00e3o para a \u00e1rea do campo do Lilit\u00e3o e para o Bairro das Marisqueiras. Segundo Carlos Cruz, o bairro das Marisqueiras tinha um n\u00famero menor de casas quando a rede foi instalada, o bairro expandiu e agora \u00e9 preciso expandir a ilumina\u00e7\u00e3o para todas os moradores. Ao redor do Campo do Lilit\u00e3o tamb\u00e9m j\u00e1 existem v\u00e1rias casas que n\u00e3o s\u00e3o atendidas pela rede el\u00e9trica e de ilumina\u00e7\u00e3o p\u00fablica e que esses novos moradores v\u00e3o poder passar a contar com o servi\u00e7o assim que a COELBA come\u00e7ar os trabalhos de instala\u00e7\u00e3o.<\/p>\n","protected":false},"excerpt":{"rendered":"<p>A COELBA, a pedido da Prefeita Alice Maria Britto e da Secretaria de Infraestrutura, finalmente esta efetuando mudan\u00e7as na rede el\u00e9trica do circuito do carnaval que compreende as Avenidas Riomar e D. Pedro II. Segundo Carlos Cruz, Secret\u00e1rio de Infraestrutura, a rede ser\u00e1 trocada da atual CABO 4 REDE NUA para uma rede MULTIPLEX. \u201cEssa [&hellip;]<\/p>\n","protected":false},"author":7,"featured_media":5759,"comment_status":"closed","ping_status":"open","sticky":false,"template":"","format":"standard","meta":{"footnotes":""},"categories":[45,1],"tags":[108,332],"class_list":["post-5761","post","type-post","status-publish","format-standard","has-post-thumbnail","hentry","category-cidades","category-noticias","tag-belmonte","tag-prefeitura-municipal-de-belmonte"],"_links":{"self":[{"href":"https:\/\/www.maisbn.com\/portal\/wp-json\/wp\/v2\/posts\/5761","targetHints":{"allow":["GET"]}}],"collection":[{"href":"https:\/\/www.maisbn.com\/portal\/wp-json\/wp\/v2\/posts"}],"about":[{"href":"https:\/\/www.maisbn.com\/portal\/wp-json\/wp\/v2\/types\/post"}],"author":[{"embeddable":true,"href":"https:\/\/www.maisbn.com\/portal\/wp-json\/wp\/v2\/users\/7"}],"replies":[{"embeddable":true,"href":"https:\/\/www.maisbn.com\/portal\/wp-json\/wp\/v2\/comments?post=5761"}],"version-history":[{"count":0,"href":"https:\/\/www.maisbn.com\/portal\/wp-json\/wp\/v2\/posts\/5761\/revisions"}],"wp:featuredmedia":[{"embeddable":true,"href":"https:\/\/www.maisbn.com\/portal\/wp-json\/wp\/v2\/media\/5759"}],"wp:attachment":[{"href":"https:\/\/www.maisbn.com\/portal\/wp-json\/wp\/v2\/media?parent=5761"}],"wp:term":[{"taxonomy":"category","embeddable":true,"href":"https:\/\/www.maisbn.com\/portal\/wp-json\/wp\/v2\/categories?post=5761"},{"taxonomy":"post_tag","embeddable":true,"href":"https:\/\/www.maisbn.com\/portal\/wp-json\/wp\/v2\/tags?post=5761"}],"curies":[{"name":"wp","href":"https:\/\/api.w.org\/{rel}","templated":true}]}}