{"id":5733,"date":"2014-08-18T17:07:04","date_gmt":"2014-08-18T20:07:04","guid":{"rendered":"http:\/\/www.maisbn.com\/portal\/?p=5733"},"modified":"2014-08-18T17:14:49","modified_gmt":"2014-08-18T20:14:49","slug":"comite-gestor-assina-termo-de-compromisso-com-associacoes-beneficiadas-pelo-pacto-para-o-desenvolvimento-da-costa-descobrimento","status":"publish","type":"post","link":"https:\/\/www.maisbn.com\/portal\/2014\/08\/comite-gestor-assina-termo-de-compromisso-com-associacoes-beneficiadas-pelo-pacto-para-o-desenvolvimento-da-costa-descobrimento\/","title":{"rendered":"Comit\u00ea Gestor assina termo de compromisso com associa\u00e7\u00f5es beneficiadas pelo Pacto para o Desenvolvimento da Costa do Descobrimento."},"content":{"rendered":"<p><a href=\"http:\/\/www.maisbn.com\/portal\/wp-content\/uploads\/2013\/06\/veracelase.jpg\"><img loading=\"lazy\" decoding=\"async\" class=\"aligncenter size-full wp-image-3129\" src=\"http:\/\/www.maisbn.com\/portal\/wp-content\/uploads\/2013\/06\/veracelase.jpg\" alt=\"veracelase\" width=\"640\" height=\"428\" srcset=\"https:\/\/www.maisbn.com\/portal\/wp-content\/uploads\/2013\/06\/veracelase.jpg 640w, https:\/\/www.maisbn.com\/portal\/wp-content\/uploads\/2013\/06\/veracelase-523x350.jpg 523w, https:\/\/www.maisbn.com\/portal\/wp-content\/uploads\/2013\/06\/veracelase-500x334.jpg 500w\" sizes=\"auto, (max-width: 640px) 100vw, 640px\" \/><\/a><\/p>\n<p>O Comit\u00ea Gestor do Pacto para o Desenvolvimento da Costa do Descobrimento, criado pela parceria entre a Veracel Celulose e o Governo do Estado da Bahia, assina, na pr\u00f3xima ter\u00e7a-feira (19), o Termo de Compromisso com as duas associa\u00e7\u00f5es beneficiadas pelo Edital 02\/2014 do Pacto para o recebimento das unidades de produ\u00e7\u00e3o de farinha e demais derivados da mandioca. A cerim\u00f4nia ser\u00e1 realizada no Centro de Visitantes da RPPN Esta\u00e7\u00e3o Veracel, em Porto Seguro, \u00e0s 9h30.<\/p>\n<p>Foram selecionadas a Associa\u00e7\u00e3o dos Pequenos Produtores Rurais do N\u00facleo Colonial (Ponto Maneca), de Eun\u00e1polis, e a Associa\u00e7\u00e3o Municipal de Coopera\u00e7\u00e3o Agr\u00edcola, do munic\u00edpio de Guaratinga. O valor total destinado para este edital \u00e9 de R$ 1,2 milh\u00e3o para instala\u00e7\u00e3o de uma unidade de processamento em cada comunidade, al\u00e9m de unidade de propaga\u00e7\u00e3o r\u00e1pida de manivas e de um ve\u00edculo utilit\u00e1rio para apoio log\u00edstico e comercializa\u00e7\u00e3o.<\/p>\n<p>Este edital foi lan\u00e7ado em fevereiro de 2014, anunciando a sele\u00e7\u00e3o de projetos de apoio a empreendimentos econ\u00f4micos solid\u00e1rios e da agricultura familiar.<\/p>\n<p>Mais informa\u00e7\u00f5es sobre o processo seletivo do Pacto est\u00e3o dispon\u00edveis nos sites do programa Vida Melhor (<a href=\"http:\/\/www.vidamelhor.ba.gov.br\">www.vidamelhor.ba.gov.br<\/a>), EBDA (<a href=\"http:\/\/www.ebda.ba.gov.br\">www.ebda.ba.gov.br<\/a>) e da Veracel Celulose (<a href=\"http:\/\/www.veracel.com.br\">www.veracel.com.br<\/a>).<\/p>\n","protected":false},"excerpt":{"rendered":"<p>O Comit\u00ea Gestor do Pacto para o Desenvolvimento da Costa do Descobrimento, criado pela parceria entre a Veracel Celulose e o Governo do Estado da Bahia, assina, na pr\u00f3xima ter\u00e7a-feira (19), o Termo de Compromisso com as duas associa\u00e7\u00f5es beneficiadas pelo Edital 02\/2014 do Pacto para o recebimento das unidades de produ\u00e7\u00e3o de farinha e [&hellip;]<\/p>\n","protected":false},"author":7,"featured_media":5734,"comment_status":"closed","ping_status":"open","sticky":false,"template":"","format":"standard","meta":{"footnotes":""},"categories":[29,1],"tags":[562,230,30],"class_list":["post-5733","post","type-post","status-publish","format-standard","has-post-thumbnail","hentry","category-empreendimentos","category-noticias","tag-comite-gestor","tag-costa-do-descobrimento","tag-veracel"],"_links":{"self":[{"href":"https:\/\/www.maisbn.com\/portal\/wp-json\/wp\/v2\/posts\/5733","targetHints":{"allow":["GET"]}}],"collection":[{"href":"https:\/\/www.maisbn.com\/portal\/wp-json\/wp\/v2\/posts"}],"about":[{"href":"https:\/\/www.maisbn.com\/portal\/wp-json\/wp\/v2\/types\/post"}],"author":[{"embeddable":true,"href":"https:\/\/www.maisbn.com\/portal\/wp-json\/wp\/v2\/users\/7"}],"replies":[{"embeddable":true,"href":"https:\/\/www.maisbn.com\/portal\/wp-json\/wp\/v2\/comments?post=5733"}],"version-history":[{"count":0,"href":"https:\/\/www.maisbn.com\/portal\/wp-json\/wp\/v2\/posts\/5733\/revisions"}],"wp:featuredmedia":[{"embeddable":true,"href":"https:\/\/www.maisbn.com\/portal\/wp-json\/wp\/v2\/media\/5734"}],"wp:attachment":[{"href":"https:\/\/www.maisbn.com\/portal\/wp-json\/wp\/v2\/media?parent=5733"}],"wp:term":[{"taxonomy":"category","embeddable":true,"href":"https:\/\/www.maisbn.com\/portal\/wp-json\/wp\/v2\/categories?post=5733"},{"taxonomy":"post_tag","embeddable":true,"href":"https:\/\/www.maisbn.com\/portal\/wp-json\/wp\/v2\/tags?post=5733"}],"curies":[{"name":"wp","href":"https:\/\/api.w.org\/{rel}","templated":true}]}}