{"id":5686,"date":"2014-08-14T10:22:58","date_gmt":"2014-08-14T13:22:58","guid":{"rendered":"http:\/\/www.maisbn.com\/portal\/?p=5686"},"modified":"2014-08-14T10:22:58","modified_gmt":"2014-08-14T13:22:58","slug":"festejos-de-nossa-senhora-da-cabeca-em-barrolandia","status":"publish","type":"post","link":"https:\/\/www.maisbn.com\/portal\/2014\/08\/festejos-de-nossa-senhora-da-cabeca-em-barrolandia\/","title":{"rendered":"Festejos de Nossa Senhora da Cabe\u00e7a em Barrol\u00e2ndia"},"content":{"rendered":"<p><a href=\"http:\/\/www.maisbn.com\/portal\/wp-content\/uploads\/2014\/08\/procissaoembarrolandia_00009.jpg\"><img loading=\"lazy\" decoding=\"async\" class=\"aligncenter size-full wp-image-5687\" src=\"http:\/\/www.maisbn.com\/portal\/wp-content\/uploads\/2014\/08\/procissaoembarrolandia_00009.jpg\" alt=\"procissaoembarrolandia_00009\" width=\"650\" height=\"412\" srcset=\"https:\/\/www.maisbn.com\/portal\/wp-content\/uploads\/2014\/08\/procissaoembarrolandia_00009.jpg 650w, https:\/\/www.maisbn.com\/portal\/wp-content\/uploads\/2014\/08\/procissaoembarrolandia_00009-552x350.jpg 552w\" sizes=\"auto, (max-width: 650px) 100vw, 650px\" \/><\/a><\/p>\n<p>Barrol\u00e2ndia esteve em festa nesses primeiros dias de agosto. Estamos falando da festa de Nossa Senhora da Cabe\u00e7a, padroeira do distrito. A festa, que \u00e9 a maior comemora\u00e7\u00e3o cat\u00f3lica de Barrol\u00e2ndia, contou com a presen\u00e7a de milhares de fi\u00e9is que prestigiaram todas as noites da novena.<\/p>\n<div id=\"attachment_5688\" style=\"width: 660px\" class=\"wp-caption aligncenter\"><a href=\"http:\/\/www.maisbn.com\/portal\/wp-content\/uploads\/2014\/08\/2diaembarrolandia_00013.jpg\"><img loading=\"lazy\" decoding=\"async\" aria-describedby=\"caption-attachment-5688\" class=\"wp-image-5688 size-full\" src=\"http:\/\/www.maisbn.com\/portal\/wp-content\/uploads\/2014\/08\/2diaembarrolandia_00013.jpg\" alt=\"2diaembarrolandia_00013\" width=\"650\" height=\"412\" srcset=\"https:\/\/www.maisbn.com\/portal\/wp-content\/uploads\/2014\/08\/2diaembarrolandia_00013.jpg 650w, https:\/\/www.maisbn.com\/portal\/wp-content\/uploads\/2014\/08\/2diaembarrolandia_00013-552x350.jpg 552w\" sizes=\"auto, (max-width: 650px) 100vw, 650px\" \/><\/a><p id=\"caption-attachment-5688\" class=\"wp-caption-text\">Prefeita Alice e o Deputado Claudio Cajado na novena em Barrol\u00e2ndia.<\/p><\/div>\n<p>Uma das principais noites foi a em homenagem \u00e0 Prefeitura Municipal de Belmonte, onde esteve presente a Prefeita Alice Maria acompanhada do Deputado Federal Claudio Cajado e uma comitiva formada pelos Secret\u00e1rios Municipais, vereadores, funcion\u00e1rios e correligion\u00e1rios. Quem celebrou a missa foi o Padre Clodoaldo que est\u00e1 a frente da Igreja de Barrol\u00e2ndia. O mesmo fez uma prele\u00e7\u00e3o bel\u00edssima das palavras b\u00edblicas e aproveitou para agradecer \u00e0 Prefeita Alice Maria Britto pelo apoio que a mesma vem dando \u00e0 igreja e ao distrito em geral.<\/p>\n<p><a href=\"http:\/\/www.maisbn.com\/portal\/wp-content\/uploads\/2014\/08\/2diaembarrolandia_00001.jpg\"><img loading=\"lazy\" decoding=\"async\" class=\"aligncenter size-full wp-image-5689\" src=\"http:\/\/www.maisbn.com\/portal\/wp-content\/uploads\/2014\/08\/2diaembarrolandia_00001.jpg\" alt=\"2diaembarrolandia_00001\" width=\"650\" height=\"412\" srcset=\"https:\/\/www.maisbn.com\/portal\/wp-content\/uploads\/2014\/08\/2diaembarrolandia_00001.jpg 650w, https:\/\/www.maisbn.com\/portal\/wp-content\/uploads\/2014\/08\/2diaembarrolandia_00001-552x350.jpg 552w\" sizes=\"auto, (max-width: 650px) 100vw, 650px\" \/><\/a><\/p>\n<p>A Prefeita Alice Maria se pronunciou ao final da missa agradecendo a todos e enfatizando que continuar\u00e1 com os seus compromissos com Barrol\u00e2ndia at\u00e9 o final do seu mandato. A prefeita ainda apresentou os slides dos projetos de reforma da Igreja e falou da\u00a0 mudan\u00e7a da frente do templo para a rodovia permitindo uma visualiza\u00e7\u00e3o melhor e um melhor acolhimento a todos que chegam ao distrito.<\/p>\n<p><a href=\"http:\/\/www.maisbn.com\/portal\/wp-content\/uploads\/2014\/08\/1diaembarrolandia_00036.jpg\"><img loading=\"lazy\" decoding=\"async\" class=\"aligncenter size-full wp-image-5690\" src=\"http:\/\/www.maisbn.com\/portal\/wp-content\/uploads\/2014\/08\/1diaembarrolandia_00036.jpg\" alt=\"1diaembarrolandia_00036\" width=\"650\" height=\"412\" srcset=\"https:\/\/www.maisbn.com\/portal\/wp-content\/uploads\/2014\/08\/1diaembarrolandia_00036.jpg 650w, https:\/\/www.maisbn.com\/portal\/wp-content\/uploads\/2014\/08\/1diaembarrolandia_00036-552x350.jpg 552w\" sizes=\"auto, (max-width: 650px) 100vw, 650px\" \/><\/a><\/p>\n<p>No per\u00edodo compreendido entre os dias 11 e 13 de agosto aconteceram os festejos com diversas atra\u00e7\u00f5es regionais. No dia 11 de agosto a abertura da festa ficou por conta da Banda Pirigueto que agitou a galera e passou os comandos da folia para o cantor Marcelo Paix\u00e3o. Em seguida foi a vez da estreia da Banda Zap Zap, que \u00e9 de Belmonte e escolheu a festa para fazer a abertura da sua carreira nas festas belmontenses.<\/p>\n<p><a href=\"http:\/\/www.maisbn.com\/portal\/wp-content\/uploads\/2014\/08\/2diaembarrolandia_00115.jpg\"><img loading=\"lazy\" decoding=\"async\" class=\"aligncenter size-full wp-image-5691\" src=\"http:\/\/www.maisbn.com\/portal\/wp-content\/uploads\/2014\/08\/2diaembarrolandia_00115.jpg\" alt=\"2diaembarrolandia_00115\" width=\"650\" height=\"412\" srcset=\"https:\/\/www.maisbn.com\/portal\/wp-content\/uploads\/2014\/08\/2diaembarrolandia_00115.jpg 650w, https:\/\/www.maisbn.com\/portal\/wp-content\/uploads\/2014\/08\/2diaembarrolandia_00115-552x350.jpg 552w\" sizes=\"auto, (max-width: 650px) 100vw, 650px\" \/><\/a><\/p>\n<p><a href=\"http:\/\/www.maisbn.com\/portal\/wp-content\/uploads\/2014\/08\/2diaembarrolandia_00076.jpg\"><img loading=\"lazy\" decoding=\"async\" class=\"alignright  wp-image-5692\" src=\"http:\/\/www.maisbn.com\/portal\/wp-content\/uploads\/2014\/08\/2diaembarrolandia_00076.jpg\" alt=\"2diaembarrolandia_00076\" width=\"318\" height=\"235\" \/><\/a>No dia 12 de agosto, dia da noite da Prefeitura de Belmonte, o comando da festa ficou por conta da dupla sertaneja Andr\u00e9 Lima e Rafael que fez uma apresenta\u00e7\u00e3o fant\u00e1stica e passou a bola para o Trio da Huanna que, sob o comando do vocalista Luizinho, agitou a galera at\u00e9 a madrugada.<\/p>\n<p>No dia 13 de agosto aconteceu a prociss\u00e3o de Nossa Senhora da Cabe\u00e7a que passou por diversas ruas de Barrol\u00e2ndia e a noite foi finalizada com a apresenta\u00e7\u00e3o da banda cat\u00f3lica Filhos de Davi.<\/p>\n<p>Terminamos mais essa cobertura agradecendo \u00e0 Prefeitura Municipal de Belmonte pelo apoio e a todas as pessoas que contribuiram para o sucesso de mais esse trabalho.<\/p>\n<p>&nbsp;<\/p>\n<p>&nbsp;<\/p>\n","protected":false},"excerpt":{"rendered":"<p>Barrol\u00e2ndia esteve em festa nesses primeiros dias de agosto. Estamos falando da festa de Nossa Senhora da Cabe\u00e7a, padroeira do distrito. A festa, que \u00e9 a maior comemora\u00e7\u00e3o cat\u00f3lica de Barrol\u00e2ndia, contou com a presen\u00e7a de milhares de fi\u00e9is que prestigiaram todas as noites da novena. Uma das principais noites foi a em homenagem \u00e0 [&hellip;]<\/p>\n","protected":false},"author":7,"featured_media":5693,"comment_status":"closed","ping_status":"open","sticky":false,"template":"","format":"standard","meta":{"footnotes":""},"categories":[1,98],"tags":[165,108,101,164],"class_list":["post-5686","post","type-post","status-publish","format-standard","has-post-thumbnail","hentry","category-noticias","category-religiao","tag-barrolandia","tag-belmonte","tag-belmonte-bahia-2","tag-nossa-senhora-da-cabeca"],"_links":{"self":[{"href":"https:\/\/www.maisbn.com\/portal\/wp-json\/wp\/v2\/posts\/5686","targetHints":{"allow":["GET"]}}],"collection":[{"href":"https:\/\/www.maisbn.com\/portal\/wp-json\/wp\/v2\/posts"}],"about":[{"href":"https:\/\/www.maisbn.com\/portal\/wp-json\/wp\/v2\/types\/post"}],"author":[{"embeddable":true,"href":"https:\/\/www.maisbn.com\/portal\/wp-json\/wp\/v2\/users\/7"}],"replies":[{"embeddable":true,"href":"https:\/\/www.maisbn.com\/portal\/wp-json\/wp\/v2\/comments?post=5686"}],"version-history":[{"count":0,"href":"https:\/\/www.maisbn.com\/portal\/wp-json\/wp\/v2\/posts\/5686\/revisions"}],"wp:featuredmedia":[{"embeddable":true,"href":"https:\/\/www.maisbn.com\/portal\/wp-json\/wp\/v2\/media\/5693"}],"wp:attachment":[{"href":"https:\/\/www.maisbn.com\/portal\/wp-json\/wp\/v2\/media?parent=5686"}],"wp:term":[{"taxonomy":"category","embeddable":true,"href":"https:\/\/www.maisbn.com\/portal\/wp-json\/wp\/v2\/categories?post=5686"},{"taxonomy":"post_tag","embeddable":true,"href":"https:\/\/www.maisbn.com\/portal\/wp-json\/wp\/v2\/tags?post=5686"}],"curies":[{"name":"wp","href":"https:\/\/api.w.org\/{rel}","templated":true}]}}