{"id":5658,"date":"2014-08-07T13:06:59","date_gmt":"2014-08-07T16:06:59","guid":{"rendered":"http:\/\/www.maisbn.com\/portal\/?p=5658"},"modified":"2014-08-07T13:06:59","modified_gmt":"2014-08-07T16:06:59","slug":"homem-e-acusado-de-manter-mulher-e-filha-em-cativeiro","status":"publish","type":"post","link":"https:\/\/www.maisbn.com\/portal\/2014\/08\/homem-e-acusado-de-manter-mulher-e-filha-em-cativeiro\/","title":{"rendered":"Homem \u00e9 acusado de manter mulher e filha em cativeiro"},"content":{"rendered":"<p>Acusado de tentar matar a companheira de 43 anos, o trabalhador rural Silas Concei\u00e7\u00e3o Ben\u00e9zio, 24 anos, foi preso na Fazenda Santa Luzia,\u00a0no munic\u00edpio de Belmonte.<\/p>\n<p><img loading=\"lazy\" decoding=\"async\" class=\"alignleft wp-image-5659\" src=\"http:\/\/www.maisbn.com\/portal\/wp-content\/uploads\/2014\/08\/Silas-acusado.jpg\" alt=\"Silas-acusado\" width=\"360\" height=\"239\" srcset=\"https:\/\/www.maisbn.com\/portal\/wp-content\/uploads\/2014\/08\/Silas-acusado.jpg 640w, https:\/\/www.maisbn.com\/portal\/wp-content\/uploads\/2014\/08\/Silas-acusado-527x350.jpg 527w\" sizes=\"auto, (max-width: 360px) 100vw, 360px\" \/>Segundo a Pol\u00edcia Civil, Silas j\u00e1 vinha fazendo amea\u00e7as a mulher e a filha dela, uma adolescente de 15 anos. M\u00e3e e filha disseram tamb\u00e9m que eram mantidas em cativeiro e que Silas amea\u00e7ava tocar fogo na casa.<\/p>\n<p>Ainda conforme a acusa\u00e7\u00e3o, Silas teria agredido a mulher com socos e disparado dois tiros de espingarda contra ela, mas errado o alvo. O suspeito negou as acusa\u00e7\u00f5es, em entrevista ao RADAR 64.<\/p>\n<p>A v\u00edtima\u00a0prestou queixa na delegacia de Eun\u00e1polis e a delegada Elizabeth Salvadeu mandou uma equipe de investiga\u00e7\u00e3o \u00e0 cidade de Belmonte. Os policiais encontraram\u00a0Silas Concei\u00e7\u00e3o escondido na casa de amigos.<\/p>\n<p>Com Silas foram apreendidos um Rifle calibre 22, um aparelho de celular, que foi tomado da v\u00edtima para ela n\u00e3o manter contato com a filha e um gal\u00e3o de \u00f3leo diesel.<\/p>\n<p>Silas foi autuado em flagrante por tentativa de homic\u00eddio, les\u00f5es corporais, c\u00e1rcere privado e posse ilegal de arma de fogo. O homem est\u00e1 preso no conjunto penal de Eun\u00e1polis.<\/p>\n<p>&nbsp;<\/p>\n<p>&nbsp;<\/p>\n<address>Fonte: Radar64<\/address>\n","protected":false},"excerpt":{"rendered":"<p>Acusado de tentar matar a companheira de 43 anos, o trabalhador rural Silas Concei\u00e7\u00e3o Ben\u00e9zio, 24 anos, foi preso na Fazenda Santa Luzia,\u00a0no munic\u00edpio de Belmonte. Segundo a Pol\u00edcia Civil, Silas j\u00e1 vinha fazendo amea\u00e7as a mulher e a filha dela, uma adolescente de 15 anos. M\u00e3e e filha disseram tamb\u00e9m que eram mantidas em [&hellip;]<\/p>\n","protected":false},"author":1,"featured_media":5659,"comment_status":"closed","ping_status":"open","sticky":false,"template":"","format":"standard","meta":{"footnotes":""},"categories":[1,16],"tags":[44,101,627],"class_list":["post-5658","post","type-post","status-publish","format-standard","has-post-thumbnail","hentry","category-noticias","category-policial","tag-belmonte-ba","tag-belmonte-bahia-2","tag-policial"],"_links":{"self":[{"href":"https:\/\/www.maisbn.com\/portal\/wp-json\/wp\/v2\/posts\/5658","targetHints":{"allow":["GET"]}}],"collection":[{"href":"https:\/\/www.maisbn.com\/portal\/wp-json\/wp\/v2\/posts"}],"about":[{"href":"https:\/\/www.maisbn.com\/portal\/wp-json\/wp\/v2\/types\/post"}],"author":[{"embeddable":true,"href":"https:\/\/www.maisbn.com\/portal\/wp-json\/wp\/v2\/users\/1"}],"replies":[{"embeddable":true,"href":"https:\/\/www.maisbn.com\/portal\/wp-json\/wp\/v2\/comments?post=5658"}],"version-history":[{"count":0,"href":"https:\/\/www.maisbn.com\/portal\/wp-json\/wp\/v2\/posts\/5658\/revisions"}],"wp:featuredmedia":[{"embeddable":true,"href":"https:\/\/www.maisbn.com\/portal\/wp-json\/wp\/v2\/media\/5659"}],"wp:attachment":[{"href":"https:\/\/www.maisbn.com\/portal\/wp-json\/wp\/v2\/media?parent=5658"}],"wp:term":[{"taxonomy":"category","embeddable":true,"href":"https:\/\/www.maisbn.com\/portal\/wp-json\/wp\/v2\/categories?post=5658"},{"taxonomy":"post_tag","embeddable":true,"href":"https:\/\/www.maisbn.com\/portal\/wp-json\/wp\/v2\/tags?post=5658"}],"curies":[{"name":"wp","href":"https:\/\/api.w.org\/{rel}","templated":true}]}}