{"id":5631,"date":"2014-07-31T15:08:15","date_gmt":"2014-07-31T18:08:15","guid":{"rendered":"http:\/\/www.maisbn.com\/portal\/?p=5631"},"modified":"2014-07-31T15:10:55","modified_gmt":"2014-07-31T18:10:55","slug":"vai-comecar-festividades-de-nossa-senhora-da-cabeca-em-barrolandia","status":"publish","type":"post","link":"https:\/\/www.maisbn.com\/portal\/2014\/07\/vai-comecar-festividades-de-nossa-senhora-da-cabeca-em-barrolandia\/","title":{"rendered":"Vai come\u00e7ar as festividades de Nossa Senhora da Cabe\u00e7a em Barrol\u00e2ndia."},"content":{"rendered":"<p>As noite de festa da padroeira de Barrol\u00e2ndia este ano come\u00e7a no dia 8 de agosto e termina no dia 17, conforme o cartaz abaixo.\u00a0 Nossa Senhora da Cabe\u00e7a uma devo\u00e7\u00e3o mariana, de origem espanhola, teve in\u00edcio na Andaluzia, mais precisamente na Serra Morena, onde se encontra o Pico da Cabe\u00e7a.<\/p>\n<p>As atra\u00e7\u00f5es musicais ainda ser\u00e3o anunciadas pela Prefeitura Municipal de Belmonte e apenas uma est\u00e1 confirmada at\u00e9 o momento que \u00e9 a banda Trio da Huanna que, infelizmente, teve a sua apresenta\u00e7\u00e3o na Festa do Carmo interrompida por causa de um acidente onde o cantor Luizinho caiu de cima do palco. O cantor ficou bem e a Prefeita Alice Elias confirmou a presen\u00e7a da banda nas festividades de Barrol\u00e2ndia.<\/p>\n<p><a href=\"http:\/\/www.maisbn.com\/portal\/wp-content\/uploads\/2014\/07\/novena_cabeca1.jpg\"><img loading=\"lazy\" decoding=\"async\" class=\"aligncenter size-full wp-image-5635\" src=\"http:\/\/www.maisbn.com\/portal\/wp-content\/uploads\/2014\/07\/novena_cabeca1.jpg\" alt=\"novena_cabeca\" width=\"454\" height=\"640\" srcset=\"https:\/\/www.maisbn.com\/portal\/wp-content\/uploads\/2014\/07\/novena_cabeca1.jpg 454w, https:\/\/www.maisbn.com\/portal\/wp-content\/uploads\/2014\/07\/novena_cabeca1-248x350.jpg 248w\" sizes=\"auto, (max-width: 454px) 100vw, 454px\" \/><\/a><\/p>\n","protected":false},"excerpt":{"rendered":"<p>As noite de festa da padroeira de Barrol\u00e2ndia este ano come\u00e7a no dia 8 de agosto e termina no dia 17, conforme o cartaz abaixo.\u00a0 Nossa Senhora da Cabe\u00e7a uma devo\u00e7\u00e3o mariana, de origem espanhola, teve in\u00edcio na Andaluzia, mais precisamente na Serra Morena, onde se encontra o Pico da Cabe\u00e7a. As atra\u00e7\u00f5es musicais ainda [&hellip;]<\/p>\n","protected":false},"author":7,"featured_media":5636,"comment_status":"closed","ping_status":"open","sticky":false,"template":"","format":"standard","meta":{"footnotes":""},"categories":[1,98],"tags":[165,164],"class_list":["post-5631","post","type-post","status-publish","format-standard","has-post-thumbnail","hentry","category-noticias","category-religiao","tag-barrolandia","tag-nossa-senhora-da-cabeca"],"_links":{"self":[{"href":"https:\/\/www.maisbn.com\/portal\/wp-json\/wp\/v2\/posts\/5631","targetHints":{"allow":["GET"]}}],"collection":[{"href":"https:\/\/www.maisbn.com\/portal\/wp-json\/wp\/v2\/posts"}],"about":[{"href":"https:\/\/www.maisbn.com\/portal\/wp-json\/wp\/v2\/types\/post"}],"author":[{"embeddable":true,"href":"https:\/\/www.maisbn.com\/portal\/wp-json\/wp\/v2\/users\/7"}],"replies":[{"embeddable":true,"href":"https:\/\/www.maisbn.com\/portal\/wp-json\/wp\/v2\/comments?post=5631"}],"version-history":[{"count":0,"href":"https:\/\/www.maisbn.com\/portal\/wp-json\/wp\/v2\/posts\/5631\/revisions"}],"wp:featuredmedia":[{"embeddable":true,"href":"https:\/\/www.maisbn.com\/portal\/wp-json\/wp\/v2\/media\/5636"}],"wp:attachment":[{"href":"https:\/\/www.maisbn.com\/portal\/wp-json\/wp\/v2\/media?parent=5631"}],"wp:term":[{"taxonomy":"category","embeddable":true,"href":"https:\/\/www.maisbn.com\/portal\/wp-json\/wp\/v2\/categories?post=5631"},{"taxonomy":"post_tag","embeddable":true,"href":"https:\/\/www.maisbn.com\/portal\/wp-json\/wp\/v2\/tags?post=5631"}],"curies":[{"name":"wp","href":"https:\/\/api.w.org\/{rel}","templated":true}]}}