{"id":5625,"date":"2014-07-31T14:53:09","date_gmt":"2014-07-31T17:53:09","guid":{"rendered":"http:\/\/www.maisbn.com\/portal\/?p=5625"},"modified":"2014-07-31T14:53:09","modified_gmt":"2014-07-31T17:53:09","slug":"pra-parar-bahia-tudo-pronto-para-o-inicio-intermunicipal-2014","status":"publish","type":"post","link":"https:\/\/www.maisbn.com\/portal\/2014\/07\/pra-parar-bahia-tudo-pronto-para-o-inicio-intermunicipal-2014\/","title":{"rendered":"Pra parar a Bahia: tudo pronto para o in\u00edcio do Intermunicipal 2014."},"content":{"rendered":"<div id=\"attachment_5626\" style=\"width: 650px\" class=\"wp-caption aligncenter\"><a href=\"http:\/\/www.maisbn.com\/portal\/wp-content\/uploads\/2014\/07\/itajuipe-campe\u00e3o.jpg\"><img loading=\"lazy\" decoding=\"async\" aria-describedby=\"caption-attachment-5626\" class=\"wp-image-5626 size-full\" src=\"http:\/\/www.maisbn.com\/portal\/wp-content\/uploads\/2014\/07\/itajuipe-campe\u00e3o.jpg\" alt=\"itajuipe campe\u00e3o\" width=\"640\" height=\"427\" srcset=\"https:\/\/www.maisbn.com\/portal\/wp-content\/uploads\/2014\/07\/itajuipe-campe\u00e3o.jpg 640w, https:\/\/www.maisbn.com\/portal\/wp-content\/uploads\/2014\/07\/itajuipe-campe\u00e3o-524x350.jpg 524w\" sizes=\"auto, (max-width: 640px) 100vw, 640px\" \/><\/a><p id=\"caption-attachment-5626\" class=\"wp-caption-text\">Itaju\u00edpe campe\u00e3 do Intermunicipal 2013 (Foto: Carlos Santana \/ FBF)<\/p><\/div>\n<p style=\"text-align: justify;\">Mobilizar milhares de pessoas em todo o estado, promover a inclus\u00e3o social, aquecer o com\u00e9rcio, gerar milhares de empregos diretos e indiretos. Com essa descri\u00e7\u00e3o, \u00e9 poss\u00edvel imaginar um projeto governamental, ou at\u00e9 uma inaugura\u00e7\u00e3o de uma f\u00e1brica.<\/p>\n<p style=\"text-align: justify;\">Mas, n\u00e3o. Todo esse poderio \u00e9 de direito do Campeonato Intermunicipal, \u00fanico evento futebol\u00edstico capaz de parar dezenas de cidades e movimentar o Interior da Bahia com 2000 empregos diretos e cerca de 8.000 indiretos de profissionais que trabalham como treinadores, preparadores f\u00edsicos, supervisores, massagistas, enfermeiros, porteiros, bilheteiros, vendedores ambulantes, prestadores de servi\u00e7os etc. A maior competi\u00e7\u00e3o de futebol amador do Brasil est\u00e1 de volta.<\/p>\n<p style=\"text-align: justify;\">Ap\u00f3s oito meses de espera e muita ansiedade por parte de atletas, torcedores e dirigentes, vai ser dada a largada na edi\u00e7\u00e3o 2014 do Intermunicipal. E n\u00e3o ser\u00e1 uma edi\u00e7\u00e3o qualquer, mas sim muito especial.<\/p>\n<div id=\"attachment_5629\" style=\"width: 650px\" class=\"wp-caption aligncenter\"><img loading=\"lazy\" decoding=\"async\" aria-describedby=\"caption-attachment-5629\" class=\"wp-image-5629 size-full\" src=\"http:\/\/www.maisbn.com\/portal\/wp-content\/uploads\/2014\/07\/itajuipe-x-porto-seguro2.jpg\" alt=\"itajuipe x porto seguro2\" width=\"640\" height=\"427\" srcset=\"https:\/\/www.maisbn.com\/portal\/wp-content\/uploads\/2014\/07\/itajuipe-x-porto-seguro2.jpg 640w, https:\/\/www.maisbn.com\/portal\/wp-content\/uploads\/2014\/07\/itajuipe-x-porto-seguro2-524x350.jpg 524w\" sizes=\"auto, (max-width: 640px) 100vw, 640px\" \/><p id=\"caption-attachment-5629\" class=\"wp-caption-text\">Final do Intermunicipal 2013 \u2013 Itaju\u00edpe x Porto Seguro (Foto: Carlos Santana \/ FBF)<\/p><\/div>\n<p style=\"text-align: justify;\">O total de 80 munic\u00edpios baianos estar\u00e1 envolvido nesta festa do esporte. Ser\u00e3o 80 Sele\u00e7\u00f5es (<em>confira rela\u00e7\u00e3o ao final da mat\u00e9ria<\/em>) em campo na busca pelo 61\u00ba t\u00edtulo do certame, al\u00e9m de 2400 atletas inscritos, sendo 1600 deles jovens com idades entre 15 e 23 anos.<\/p>\n<p style=\"text-align: justify;\">Entre as participantes est\u00e3o velhas conhecidas e donas de grandes hist\u00f3rias no futebol amador como as tradicionais Sele\u00e7\u00f5es de Alagoinhas, Am\u00e9lia Rodrigues, Belmonte, Brumado, Cachoeira, Cip\u00f3, Coaraci, Eun\u00e1polis, Feira de Santana, Ibicara\u00ed, Ilh\u00e9us, Ipia\u00fa, Itabuna, Itaju\u00edpe, Itamaraj\u00fa, Itapetinga, Ituber\u00e1, Jita\u00fana, Nazar\u00e9, Paratinga, Paulo Afonso, Porto Seguro, Santo Amaro, Santo Ant\u00f4nio de Jesus, S\u00e3o Francisco do Conde, Sim\u00f5es Filho, Ubaitaba, Uru\u00e7uca, Valen\u00e7a e Vera Cruz.<\/p>\n<p style=\"text-align: justify;\">Mas, tamb\u00e9m h\u00e1 espa\u00e7o para as estreantes, que sentir\u00e3o pela primeira vez o gostinho de disputar o campeonato. Nesse grupo, destacam-se as equipes das cidades de Ca\u00e9m, Nova Vi\u00e7osa e Ponto Novo.<\/p>\n<p style=\"text-align: justify;\">E enquanto umas possuem lugares \u201ccativos\u201d e outras nascem para o Intermunicipal, 18 delas voltam \u00e0 competi\u00e7\u00e3o depois de anos afastadas. S\u00e3o os casos de Camam\u00fa, Catu, Concei\u00e7\u00e3o do Coit\u00e9, Euclides da Cunha, Guanamb\u00ed, Ibicu\u00ed, Ibirataia, Irar\u00e1, Itarantim, Mairi, Pojuca, Remanso, Riach\u00e3o do Jacu\u00edpe, Ribeira do Pombal, S\u00e3o Felipe, S\u00e3o F\u00e9lix, Sapea\u00e7\u00fa e Tanquinho.<\/p>\n<p style=\"text-align: justify;\">Antes de a bola rolar, os protagonistas dessa festa se re\u00fanem para o tradicional Congresso do Intermunicipal, uma esp\u00e9cie de boas-vindas da competi\u00e7\u00e3o. O evento, onde ser\u00e3o conhecidos os grupos regionalizados da 1\u00aa fase e divulgada a tabela de jogos ser\u00e1 realizado no pr\u00f3ximo dia 9 de agosto (s\u00e1bado), \u00e0s 9h, em um grande hotel de Salvador.<\/p>\n<div id=\"attachment_5627\" style=\"width: 650px\" class=\"wp-caption aligncenter\"><a href=\"http:\/\/www.maisbn.com\/portal\/wp-content\/uploads\/2014\/07\/intermunicipal_inicio01.jpg\"><img loading=\"lazy\" decoding=\"async\" aria-describedby=\"caption-attachment-5627\" class=\"wp-image-5627 size-full\" src=\"http:\/\/www.maisbn.com\/portal\/wp-content\/uploads\/2014\/07\/intermunicipal_inicio01.jpg\" alt=\"intermunicipal_inicio01\" width=\"640\" height=\"427\" srcset=\"https:\/\/www.maisbn.com\/portal\/wp-content\/uploads\/2014\/07\/intermunicipal_inicio01.jpg 640w, https:\/\/www.maisbn.com\/portal\/wp-content\/uploads\/2014\/07\/intermunicipal_inicio01-524x350.jpg 524w\" sizes=\"auto, (max-width: 640px) 100vw, 640px\" \/><\/a><p id=\"caption-attachment-5627\" class=\"wp-caption-text\">Intermunicipal \u00e9 sucesso de p\u00fablico (Foto: Carlos Santana \/ FBF)<\/p><\/div>\n<p style=\"text-align: justify;\">A entidade optou por esta data pensando em todas as Sele\u00e7\u00f5es e suas cidades. At\u00e9 l\u00e1, ter\u00e1 tempo suficiente para que as vistorias nos est\u00e1dios que receber\u00e3o os jogos sejam todas conclu\u00eddas. Al\u00e9m disso, as Ligas Municipais participantes ter\u00e3o maior tempo para enviar a rela\u00e7\u00e3o dos seus \u00e1rbitros que trabalhar\u00e3o no Campeonato e inscrever atletas que estar\u00e3o em campo.<\/p>\n<p style=\"text-align: justify;\">Na oportunidade, a FBF lan\u00e7ar\u00e1 o novo portal do campeonato na internet. Sucesso nos \u00faltimos anos, o canal de intera\u00e7\u00e3o entre o torcedor e a FBF est\u00e1 garantido mais uma vez. Repaginado e cheio de novidades, o hotsite servir\u00e1, ainda, para as Ligas Municipais divulgarem suas Sele\u00e7\u00f5es e os trabalhos que desenvolvam durante os quatro meses de campeonato.<\/p>\n<p style=\"text-align: justify;\"><strong>Sucesso &#8211;\u00a0<\/strong>Al\u00e9m da fama adquirida na Bahia, o Intermunicipal j\u00e1 \u00e9 sucesso no Brasil e ganhou at\u00e9 uma reportagem especial na Revista Placar, uma das maiores do seguimento esportivo no pa\u00eds. A publica\u00e7\u00e3o deu destaque \u00e0 fama de \u201creveladora de craques\u201d da competi\u00e7\u00e3o, que fez surgirem grandes nomes do futebol mundial, que representaram o pa\u00eds nos principais torneios internacionais e alguns deles, at\u00e9, alcan\u00e7aram o ponto mais alto da carreira de um jogador profissional, o t\u00edtulo de uma Copa do Mundo.<\/p>\n<div id=\"attachment_5628\" style=\"width: 682px\" class=\"wp-caption aligncenter\"><a href=\"http:\/\/www.maisbn.com\/portal\/wp-content\/uploads\/2014\/07\/intermunicipal-placar.jpg\"><img loading=\"lazy\" decoding=\"async\" aria-describedby=\"caption-attachment-5628\" class=\"wp-image-5628 size-full\" src=\"http:\/\/www.maisbn.com\/portal\/wp-content\/uploads\/2014\/07\/intermunicipal-placar.jpg\" alt=\"intermunicipal placar\" width=\"672\" height=\"504\" srcset=\"https:\/\/www.maisbn.com\/portal\/wp-content\/uploads\/2014\/07\/intermunicipal-placar.jpg 672w, https:\/\/www.maisbn.com\/portal\/wp-content\/uploads\/2014\/07\/intermunicipal-placar-466x350.jpg 466w\" sizes=\"auto, (max-width: 672px) 100vw, 672px\" \/><\/a><p id=\"caption-attachment-5628\" class=\"wp-caption-text\">Intermunicipal \u00e9 destaque na Revista Placar (Foto: Reprodu\u00e7\u00e3o \/ Placar)<\/p><\/div>\n<p style=\"text-align: justify;\">Entre os grandes craques revelados pelo Intermunicipal est\u00e3o Raimundo Nonato, o Bob\u00f4, campe\u00e3o brasileiro pelo Bahia e que iniciou a carreira na Sele\u00e7\u00e3o de Senhor do Bonfim entre 1983 e 1984; Aldair, zagueiro tetracampe\u00e3o do mundo pelo Brasil, que come\u00e7ou na Sele\u00e7\u00e3o de Ilh\u00e9us; Ed\u00edlson Capetinha, penta campe\u00e3o mundial com a Sele\u00e7\u00e3o Brasileira e revelado pelo selecionado de Castro Alves, em 1988 e 1989; J\u00fanior Nagata, tamb\u00e9m penta pelo Brasil e que come\u00e7ou na Sele\u00e7\u00e3o de Santo Ant\u00f4nio de Jesus, em 1993; J\u00fanior Baiano, ex-zagueiro da Sele\u00e7\u00e3o e grandes clubes como Flamengo e S\u00e3o Paulo, revelado em 1987 pela Sele\u00e7\u00e3o de Po\u00e7\u00f5es; Li\u00e9dson, campe\u00e3o da Libertadores da Am\u00e9rica 2012 pelo Corinthians e ex-atacante da Sele\u00e7\u00e3o de Portugal, que iniciou na Sele\u00e7\u00e3o de Valen\u00e7a, inclusive sendo artilheiro em 1999, com 16 gols; Neto Berola, que deu seus primeiros passos no futebol pela Sele\u00e7\u00e3o de Buerarema, em 2008, e ap\u00f3s passagem por Vit\u00f3ria e Atl\u00e9tico (MG) se encontra no futebol \u00e1rabe; Vandick, que defendeu a Sele\u00e7\u00e3o de Concei\u00e7\u00e3o do Coit\u00e9, al\u00e9m de Bahia, Flamengo e hoje \u00e9 presidente do Paysandu; Charles, revelado na Sele\u00e7\u00e3o de Itapetinga, campe\u00e3o brasileiro pelo Bahia e hoje t\u00e9cnico do Sub-20 do Tricolor; Washington, que iniciou na Sele\u00e7\u00e3o de Valen\u00e7a e fez hist\u00f3ria no Atl\u00e9tico (PR) e no Fluminense; Jorge Campos, que atuou na Sele\u00e7\u00e3o de Ipia\u00fa e no Bahia e Atl\u00e9tico (MG); Claudir que come\u00e7ou na Sele\u00e7\u00e3o de Vit\u00f3ria da Conquista e tamb\u00e9m foi campe\u00e3o brasileiro pelo Bahia; e Uelliton, que defendeu a Sele\u00e7\u00e3o de Euclides da Cunha, se profissionalizou no Vit\u00f3ria passou por Cruzeiro e Coritiba e hoje defende o Bahia entre outros diversos nomes de destaque.<\/p>\n<p style=\"text-align: justify;\"><strong><span style=\"text-decoration: underline;\"><a href=\"http:\/\/www.fbf.org.br\/ckfinder\/userfiles\/pdf\/Ligas%20inscritas_Inter%202014_300714.pdf\"><span style=\"color: #f00;\">Clique aqui e confira a rela\u00e7\u00e3o completa das participantes do Intermunicipal 2014<\/span><\/a><\/span><\/strong><\/p>\n","protected":false},"excerpt":{"rendered":"<p>Mobilizar milhares de pessoas em todo o estado, promover a inclus\u00e3o social, aquecer o com\u00e9rcio, gerar milhares de empregos diretos e indiretos. Com essa descri\u00e7\u00e3o, \u00e9 poss\u00edvel imaginar um projeto governamental, ou at\u00e9 uma inaugura\u00e7\u00e3o de uma f\u00e1brica. Mas, n\u00e3o. Todo esse poderio \u00e9 de direito do Campeonato Intermunicipal, \u00fanico evento futebol\u00edstico capaz de parar [&hellip;]<\/p>\n","protected":false},"author":7,"featured_media":5626,"comment_status":"closed","ping_status":"open","sticky":false,"template":"","format":"standard","meta":{"footnotes":""},"categories":[10,1],"tags":[101,509,166],"class_list":["post-5625","post","type-post","status-publish","format-standard","has-post-thumbnail","hentry","category-esporte","category-noticias","tag-belmonte-bahia-2","tag-campeonato-intermunicipal-2014","tag-selecao-de-belmonte"],"_links":{"self":[{"href":"https:\/\/www.maisbn.com\/portal\/wp-json\/wp\/v2\/posts\/5625","targetHints":{"allow":["GET"]}}],"collection":[{"href":"https:\/\/www.maisbn.com\/portal\/wp-json\/wp\/v2\/posts"}],"about":[{"href":"https:\/\/www.maisbn.com\/portal\/wp-json\/wp\/v2\/types\/post"}],"author":[{"embeddable":true,"href":"https:\/\/www.maisbn.com\/portal\/wp-json\/wp\/v2\/users\/7"}],"replies":[{"embeddable":true,"href":"https:\/\/www.maisbn.com\/portal\/wp-json\/wp\/v2\/comments?post=5625"}],"version-history":[{"count":0,"href":"https:\/\/www.maisbn.com\/portal\/wp-json\/wp\/v2\/posts\/5625\/revisions"}],"wp:featuredmedia":[{"embeddable":true,"href":"https:\/\/www.maisbn.com\/portal\/wp-json\/wp\/v2\/media\/5626"}],"wp:attachment":[{"href":"https:\/\/www.maisbn.com\/portal\/wp-json\/wp\/v2\/media?parent=5625"}],"wp:term":[{"taxonomy":"category","embeddable":true,"href":"https:\/\/www.maisbn.com\/portal\/wp-json\/wp\/v2\/categories?post=5625"},{"taxonomy":"post_tag","embeddable":true,"href":"https:\/\/www.maisbn.com\/portal\/wp-json\/wp\/v2\/tags?post=5625"}],"curies":[{"name":"wp","href":"https:\/\/api.w.org\/{rel}","templated":true}]}}