{"id":5603,"date":"2014-07-23T09:41:28","date_gmt":"2014-07-23T12:41:28","guid":{"rendered":"http:\/\/www.maisbn.com\/portal\/?p=5603"},"modified":"2014-07-23T09:41:28","modified_gmt":"2014-07-23T12:41:28","slug":"candidato-janio-natal-faz-esclarecimento-sobre-materias-veiculadas-na-imprensa","status":"publish","type":"post","link":"https:\/\/www.maisbn.com\/portal\/2014\/07\/candidato-janio-natal-faz-esclarecimento-sobre-materias-veiculadas-na-imprensa\/","title":{"rendered":"CANDIDATO J\u00c2NIO NATAL FAZ ESCLARECIMENTO SOBRE MATERIAS VEICULADAS NA IMPRENSA."},"content":{"rendered":"<p style=\"text-align: justify;\"><a href=\"http:\/\/www.maisbn.com\/portal\/wp-content\/uploads\/2014\/07\/janionatalcomunicado.jpg\"><img loading=\"lazy\" decoding=\"async\" class=\"aligncenter size-full wp-image-5604\" src=\"http:\/\/www.maisbn.com\/portal\/wp-content\/uploads\/2014\/07\/janionatalcomunicado.jpg\" alt=\"janionatalcomunicado\" width=\"530\" height=\"454\" srcset=\"https:\/\/www.maisbn.com\/portal\/wp-content\/uploads\/2014\/07\/janionatalcomunicado.jpg 530w, https:\/\/www.maisbn.com\/portal\/wp-content\/uploads\/2014\/07\/janionatalcomunicado-408x350.jpg 408w\" sizes=\"auto, (max-width: 530px) 100vw, 530px\" \/><\/a><\/p>\n<p style=\"text-align: justify;\">O Candidato a deputado Estadual J\u00e2nio Natal (PRP), enviou ao portal <strong><em>Itapebiacontece<\/em><\/strong> comunicado esclarecendo as noticias de impugna\u00e7\u00e3o de sua candidatura a deputado estadual, veiculadas na imprensa e que foram feitas pela Procuradoria Regional Eleitoral (PRE), com base na reprova\u00e7\u00e3o de exerc\u00edcios financeiros da sua gest\u00e3o pelo Tribunal de Contas dos Munic\u00edpios (TCM).<\/p>\n<p>De acordo com comunicado enviado por Natal, durante seu mandato, n\u00e3o houve nada \u00a0que desabonasse seu trabalho ou seus princ\u00edpios morais.<\/p>\n<p style=\"text-align: justify;\"><em><strong>Veja \u00cdntegra da Nota<\/strong><\/em><\/p>\n<p style=\"text-align: justify;\"><strong><em>S\u00d3 EXISTE INELEGIBILIDADE QUANDO O R\u00c9U \u00c9 CONDENADO POR UM COLEGIADO.<\/em><\/strong><\/p>\n<p style=\"text-align: justify;\"><em><strong>Envio-lhe esclarecimentos sobre not\u00edcias veiculadas em alguns \u00f3rg\u00e3os de comunica\u00e7\u00e3o, algumas, de forma tendenciosa, maldosa, incompleta e mentirosa, dizendo que eu estaria ineleg\u00edvel por 5 anos.<\/strong><\/em><\/p>\n<p style=\"text-align: justify;\"><em><strong>POR QUE N\u00c3O \u00c9 VERDADE?<\/strong><\/em><\/p>\n<p style=\"text-align: justify;\"><strong><em>Nenhum r\u00e9u pode ser condenado sem que seja respeitado o seu direito pleno de defesa, em todas as inst\u00e2ncias jur\u00eddicas, at\u00e9 que o processo chegue ao fim. O que existe \u00e9 um processo em curso, que ainda est\u00e1 em fase de primeiro grau, sem que eu tenha apresentado alguma defesa. Qualquer senten\u00e7a negativa, que acaso venha a ser proferida pelo juiz, ser\u00e1 contestada pelos meus advogados, na hora certa, e com as defesas cab\u00edveis.<\/em><\/strong><\/p>\n<p style=\"text-align: justify;\">Estou tranquilo, sem qualquer preocupa\u00e7\u00e3o de ser julgado culpado, porque nada fiz que desabonasse meu trabalho ou meus princ\u00edpios morais.<\/p>\n<p style=\"text-align: justify;\">As cal\u00fanias sobre minha inelegibilidade n\u00e3o t\u00eam qualquer veracidade, porque a inelegibilidade s\u00f3 pode existir quando o processo acaba e quando h\u00e1 um julgamento por um colegiado de ju\u00edzes, ou seja, v\u00e1rios ju\u00edzes, e nunca por uma decis\u00e3o unilateral, tomada em 1\u00ba grau por um \u00fanico magistrado.<\/p>\n<p style=\"text-align: justify;\">Toda elei\u00e7\u00e3o \u00e9 a mesma coisa: inverdades e acusa\u00e7\u00f5es infundadas s\u00e3o feitas, para tentar abalar minha candidatura; e nunca t\u00eam sucesso. N\u00e3o \u00e9 a primeira vez que isto acontece; eu e meus eleitores j\u00e1 estamos acostumados a enfrentar barreiras iguais a esta.<\/p>\n<p style=\"text-align: justify;\">Ensina a sabedoria popular que \u201cningu\u00e9m joga pedra em \u00e1rvore que n\u00e3o d\u00e1 frutos\u201d.<\/p>\n<p style=\"text-align: justify;\">A luta continua, sem qualquer altera\u00e7\u00e3o no planejamento de campanha; pelo contr\u00e1rio, tudo isso me d\u00e1 mais energia para buscar os caminhos do sucesso, como sempre fiz em minha vida p\u00fablica.<\/p>\n<p style=\"text-align: justify;\">Tenha certeza: meu registro de candidatura n\u00e3o ter\u00e1 qualquer problema junto ao TRE. Estarei de posse de todas as certid\u00f5es e serei CANDIDAT\u00cdSSIMO; Livre, Leve e Solto, rumo \u00e0 vit\u00f3ria!<\/p>\n<p style=\"text-align: justify;\">Juntos, vamos ganhar mais uma elei\u00e7\u00e3o!<\/p>\n<p style=\"text-align: justify;\">Agrade\u00e7o pela sua aten\u00e7\u00e3o.<\/p>\n<p style=\"text-align: justify;\"><em><strong>J\u00e2nio Natal<\/strong><\/em><\/p>\n","protected":false},"excerpt":{"rendered":"<p>O Candidato a deputado Estadual J\u00e2nio Natal (PRP), enviou ao portal Itapebiacontece comunicado esclarecendo as noticias de impugna\u00e7\u00e3o de sua candidatura a deputado estadual, veiculadas na imprensa e que foram feitas pela Procuradoria Regional Eleitoral (PRE), com base na reprova\u00e7\u00e3o de exerc\u00edcios financeiros da sua gest\u00e3o pelo Tribunal de Contas dos Munic\u00edpios (TCM). De acordo [&hellip;]<\/p>\n","protected":false},"author":7,"featured_media":5604,"comment_status":"closed","ping_status":"open","sticky":false,"template":"","format":"standard","meta":{"footnotes":""},"categories":[1,7],"tags":[351],"class_list":["post-5603","post","type-post","status-publish","format-standard","has-post-thumbnail","hentry","category-noticias","category-politica","tag-deputado-janio-natal"],"_links":{"self":[{"href":"https:\/\/www.maisbn.com\/portal\/wp-json\/wp\/v2\/posts\/5603","targetHints":{"allow":["GET"]}}],"collection":[{"href":"https:\/\/www.maisbn.com\/portal\/wp-json\/wp\/v2\/posts"}],"about":[{"href":"https:\/\/www.maisbn.com\/portal\/wp-json\/wp\/v2\/types\/post"}],"author":[{"embeddable":true,"href":"https:\/\/www.maisbn.com\/portal\/wp-json\/wp\/v2\/users\/7"}],"replies":[{"embeddable":true,"href":"https:\/\/www.maisbn.com\/portal\/wp-json\/wp\/v2\/comments?post=5603"}],"version-history":[{"count":0,"href":"https:\/\/www.maisbn.com\/portal\/wp-json\/wp\/v2\/posts\/5603\/revisions"}],"wp:featuredmedia":[{"embeddable":true,"href":"https:\/\/www.maisbn.com\/portal\/wp-json\/wp\/v2\/media\/5604"}],"wp:attachment":[{"href":"https:\/\/www.maisbn.com\/portal\/wp-json\/wp\/v2\/media?parent=5603"}],"wp:term":[{"taxonomy":"category","embeddable":true,"href":"https:\/\/www.maisbn.com\/portal\/wp-json\/wp\/v2\/categories?post=5603"},{"taxonomy":"post_tag","embeddable":true,"href":"https:\/\/www.maisbn.com\/portal\/wp-json\/wp\/v2\/tags?post=5603"}],"curies":[{"name":"wp","href":"https:\/\/api.w.org\/{rel}","templated":true}]}}