{"id":5597,"date":"2014-07-22T07:55:52","date_gmt":"2014-07-22T10:55:52","guid":{"rendered":"http:\/\/www.maisbn.com\/portal\/?p=5597"},"modified":"2014-07-22T07:55:52","modified_gmt":"2014-07-22T10:55:52","slug":"belmonte-recebera-carreta-sac","status":"publish","type":"post","link":"https:\/\/www.maisbn.com\/portal\/2014\/07\/belmonte-recebera-carreta-sac\/","title":{"rendered":"Belmonte Receber\u00e1 a carreta do SAC."},"content":{"rendered":"<div style=\"background-color: white; border: 0px none; color: #444444; font-family: inherit; font-style: inherit; font-variant: inherit; font-weight: inherit; font-size: inherit; font-size-adjust: inherit; font-stretch: inherit; -moz-font-feature-settings: inherit; -moz-font-language-override: inherit; line-height: 1.5em; margin-bottom: 1.5em; padding: 0px; vertical-align: baseline; text-align: justify;\"><a href=\"http:\/\/www.maisbn.com\/portal\/wp-content\/uploads\/2014\/07\/SAC-M\u00d3VELggg.jpg\"><img loading=\"lazy\" decoding=\"async\" class=\"aligncenter size-full wp-image-5598\" src=\"http:\/\/www.maisbn.com\/portal\/wp-content\/uploads\/2014\/07\/SAC-M\u00d3VELggg.jpg\" alt=\"SAC-M\u00d3VELggg\" width=\"400\" height=\"266\" \/><\/a><\/div>\n<div style=\"background-color: white; border: 0px none; color: #444444; font-family: inherit; font-style: inherit; font-variant: inherit; font-weight: inherit; font-size: inherit; font-size-adjust: inherit; font-stretch: inherit; -moz-font-feature-settings: inherit; -moz-font-language-override: inherit; line-height: 1.5em; margin-bottom: 1.5em; padding: 0px; vertical-align: baseline; text-align: justify;\">Com a expans\u00e3o das tecnologias da comunica\u00e7\u00e3o e informa\u00e7\u00e3o (TCI), o mundo globalizado necessita cada vez mais do controle dos cidad\u00e3os, de seus fazeres, de suas identifica\u00e7\u00f5es perante o Estado para uma melhor distribui\u00e7\u00e3o dos bens, direitos e servi\u00e7os p\u00fablicos.<\/div>\n<div style=\"background-color: white; border: 0px none; color: #444444; font-family: inherit; font-style: inherit; font-variant: inherit; font-weight: inherit; font-size: inherit; font-size-adjust: inherit; font-stretch: inherit; -moz-font-feature-settings: inherit; -moz-font-language-override: inherit; line-height: 1.5em; margin-bottom: 1.5em; padding: 0px; vertical-align: baseline; text-align: justify;\">Acompanhando o desenvolvimento e as exig\u00eancias que a todos imprime uma maior regularidade, a prefeita Alice Maria Britto, buscou mais uma vez a instala\u00e7\u00e3o do SAC M\u00d3VEL em nossa cidade, e que estar\u00e1 atendendo a nossa comunidade\u00a0<span style=\"border: 0px; font: inherit; margin: 0px; padding: 0px; text-decoration: underline; vertical-align: baseline;\"><span style=\"border: 0px; color: red; font: inherit; margin: 0px; padding: 0px; vertical-align: baseline;\"><strong style=\"margin: 0px; padding: 0px;\">NOS DIAS 20 e 21 DE JULHO<\/strong><\/span><\/span>, com um posto na Pra\u00e7a S\u00e3o Sebasti\u00e3o(ao lado do Banco do Brasil). Os servi\u00e7os a serem prestados, em muito facilitar\u00e3o as vida dos belmontenses, com a emiss\u00e3o e renova\u00e7\u00e3o da Carteira de Identidade, a qual passou a ter o prazo de validade fixado para 10 anos a contar da data de sua emiss\u00e3o.<\/div>\n<div style=\"background-color: white; border: 0px none; color: #444444; font-family: inherit; font-style: inherit; font-variant: inherit; font-weight: inherit; font-size: inherit; font-size-adjust: inherit; font-stretch: inherit; -moz-font-feature-settings: inherit; -moz-font-language-override: inherit; line-height: 1.5em; margin-bottom: 1.5em; padding: 0px; vertical-align: baseline; text-align: justify;\">Portanto, amigos internautas, verifiquem se seu RG ainda est\u00e1 dentro do prazo de validade<\/div>\n<div style=\"background-color: white; border: 0px none; color: #444444; font-family: inherit; font-style: inherit; font-variant: inherit; font-weight: inherit; font-size: inherit; font-size-adjust: inherit; font-stretch: inherit; -moz-font-feature-settings: inherit; -moz-font-language-override: inherit; line-height: 1.5em; margin-bottom: 1.5em; padding: 0px; vertical-align: baseline; text-align: justify;\">O SAC M\u00f3vel oferece, durante o per\u00edodo de visita, os servi\u00e7os:<\/div>\n<div style=\"background-color: white; border: 0px none; color: #444444; font-family: inherit; font-style: inherit; font-variant: inherit; font-weight: inherit; font-size: inherit; font-size-adjust: inherit; font-stretch: inherit; -moz-font-feature-settings: inherit; -moz-font-language-override: inherit; line-height: 1.5em; margin-bottom: 1.5em; padding: 0px; vertical-align: baseline; text-align: justify;\">&#8211; Emiss\u00e3o de Carteira de Identidade;<br style=\"margin: 0px; padding: 0px;\" \/>&#8211; Cadastro de Pessoa F\u00edsica;<br style=\"margin: 0px; padding: 0px;\" \/>&#8211; Recadastramento de Pensionistas do Estado;<br style=\"margin: 0px; padding: 0px;\" \/>&#8211; Emiss\u00e3o de Antecedentes Criminais e<br style=\"margin: 0px; padding: 0px;\" \/>&#8211; Registro de cr\u00edticas, den\u00fancias, elogios, orienta\u00e7\u00f5es,<br style=\"margin: 0px; padding: 0px;\" \/>reclama\u00e7\u00f5es, solicita\u00e7\u00f5es e sugest\u00f5es sobre os servi\u00e7os p\u00fablicos<br style=\"margin: 0px; padding: 0px;\" \/>prestados pelo Governo do Estado<\/div>\n","protected":false},"excerpt":{"rendered":"<p>Com a expans\u00e3o das tecnologias da comunica\u00e7\u00e3o e informa\u00e7\u00e3o (TCI), o mundo globalizado necessita cada vez mais do controle dos cidad\u00e3os, de seus fazeres, de suas identifica\u00e7\u00f5es perante o Estado para uma melhor distribui\u00e7\u00e3o dos bens, direitos e servi\u00e7os p\u00fablicos. Acompanhando o desenvolvimento e as exig\u00eancias que a todos imprime uma maior regularidade, a prefeita [&hellip;]<\/p>\n","protected":false},"author":7,"featured_media":0,"comment_status":"closed","ping_status":"open","sticky":false,"template":"","format":"standard","meta":{"footnotes":""},"categories":[45,1],"tags":[108,101],"class_list":["post-5597","post","type-post","status-publish","format-standard","hentry","category-cidades","category-noticias","tag-belmonte","tag-belmonte-bahia-2"],"_links":{"self":[{"href":"https:\/\/www.maisbn.com\/portal\/wp-json\/wp\/v2\/posts\/5597","targetHints":{"allow":["GET"]}}],"collection":[{"href":"https:\/\/www.maisbn.com\/portal\/wp-json\/wp\/v2\/posts"}],"about":[{"href":"https:\/\/www.maisbn.com\/portal\/wp-json\/wp\/v2\/types\/post"}],"author":[{"embeddable":true,"href":"https:\/\/www.maisbn.com\/portal\/wp-json\/wp\/v2\/users\/7"}],"replies":[{"embeddable":true,"href":"https:\/\/www.maisbn.com\/portal\/wp-json\/wp\/v2\/comments?post=5597"}],"version-history":[{"count":0,"href":"https:\/\/www.maisbn.com\/portal\/wp-json\/wp\/v2\/posts\/5597\/revisions"}],"wp:attachment":[{"href":"https:\/\/www.maisbn.com\/portal\/wp-json\/wp\/v2\/media?parent=5597"}],"wp:term":[{"taxonomy":"category","embeddable":true,"href":"https:\/\/www.maisbn.com\/portal\/wp-json\/wp\/v2\/categories?post=5597"},{"taxonomy":"post_tag","embeddable":true,"href":"https:\/\/www.maisbn.com\/portal\/wp-json\/wp\/v2\/tags?post=5597"}],"curies":[{"name":"wp","href":"https:\/\/api.w.org\/{rel}","templated":true}]}}