{"id":5589,"date":"2014-07-21T17:23:54","date_gmt":"2014-07-21T20:23:54","guid":{"rendered":"http:\/\/www.maisbn.com\/portal\/?p=5589"},"modified":"2014-07-21T17:26:16","modified_gmt":"2014-07-21T20:26:16","slug":"procissao-de-sao-vicente-leva-uma-multidao-ruas-de-belmonte","status":"publish","type":"post","link":"https:\/\/www.maisbn.com\/portal\/2014\/07\/procissao-de-sao-vicente-leva-uma-multidao-ruas-de-belmonte\/","title":{"rendered":"Prociss\u00e3o de S\u00e3o Vicente leva uma multid\u00e3o \u00e0s ruas de Belmonte."},"content":{"rendered":"<p><a href=\"http:\/\/www.maisbn.com\/portal\/wp-content\/uploads\/2014\/07\/procissaodesaovicente_00018.jpg\"><img loading=\"lazy\" decoding=\"async\" class=\"aligncenter size-full wp-image-5590\" src=\"http:\/\/www.maisbn.com\/portal\/wp-content\/uploads\/2014\/07\/procissaodesaovicente_00018.jpg\" alt=\"procissaodesaovicente_00018\" width=\"650\" height=\"412\" srcset=\"https:\/\/www.maisbn.com\/portal\/wp-content\/uploads\/2014\/07\/procissaodesaovicente_00018.jpg 650w, https:\/\/www.maisbn.com\/portal\/wp-content\/uploads\/2014\/07\/procissaodesaovicente_00018-552x350.jpg 552w\" sizes=\"auto, (max-width: 650px) 100vw, 650px\" \/><\/a><\/p>\n<p>Mais uma tradi\u00e7\u00e3o cat\u00f3lica tomou conta das ruas belmontenses estamos falando da prociss\u00e3o de S\u00e3o Vicente que saiu pelas ruas da cidade no \u00faltimo dia 19\/07 e atraiu uma multid\u00e3o de fi\u00e9is. O cortejo em homenagem ao santo contou ainda com a participa\u00e7\u00e3o da imagem de Nossa Senhora do Carmo.<\/p>\n<p><a href=\"http:\/\/www.maisbn.com\/portal\/wp-content\/uploads\/2014\/07\/procissaodesaovicente_00028.jpg\"><img loading=\"lazy\" decoding=\"async\" class=\"aligncenter size-full wp-image-5591\" src=\"http:\/\/www.maisbn.com\/portal\/wp-content\/uploads\/2014\/07\/procissaodesaovicente_00028.jpg\" alt=\"procissaodesaovicente_00028\" width=\"650\" height=\"412\" srcset=\"https:\/\/www.maisbn.com\/portal\/wp-content\/uploads\/2014\/07\/procissaodesaovicente_00028.jpg 650w, https:\/\/www.maisbn.com\/portal\/wp-content\/uploads\/2014\/07\/procissaodesaovicente_00028-552x350.jpg 552w\" sizes=\"auto, (max-width: 650px) 100vw, 650px\" \/><\/a><\/p>\n<p><a href=\"http:\/\/www.maisbn.com\/portal\/wp-content\/uploads\/2014\/07\/procissaodesaovicente_00019.jpg\"><img loading=\"lazy\" decoding=\"async\" class=\"wp-image-5592 alignright\" src=\"http:\/\/www.maisbn.com\/portal\/wp-content\/uploads\/2014\/07\/procissaodesaovicente_00019.jpg\" alt=\"procissaodesaovicente_00019\" width=\"274\" height=\"227\" \/><\/a>A Prociss\u00e3o tem por tradi\u00e7\u00e3o ser mais longa do que a dos outros santos e passa por diversas ruas incluindo algumas localidades carentes da cidade. A prociss\u00e3o esteve esse ano ao comando do Frei Francisco Bezerra da Silva Filho, rec\u00e9m chegado \u00e0 cidade, mas desde j\u00e1, vem realizando um grande trabalho religioso no seio da comunidade. A filosofia de trabalho do Frei Francisco pauta sempre na uni\u00e3o das pessoas independente das religi\u00f5es e que todos s\u00e3o acolhidos pelo Nosso Senhor Jesus Cristo sem distin\u00e7\u00e3o de origem.<\/p>\n<p><a href=\"http:\/\/www.maisbn.com\/portal\/wp-content\/uploads\/2014\/07\/procissaodesaovicente_00024.jpg\"><img loading=\"lazy\" decoding=\"async\" class=\"aligncenter size-full wp-image-5593\" src=\"http:\/\/www.maisbn.com\/portal\/wp-content\/uploads\/2014\/07\/procissaodesaovicente_00024.jpg\" alt=\"procissaodesaovicente_00024\" width=\"650\" height=\"412\" srcset=\"https:\/\/www.maisbn.com\/portal\/wp-content\/uploads\/2014\/07\/procissaodesaovicente_00024.jpg 650w, https:\/\/www.maisbn.com\/portal\/wp-content\/uploads\/2014\/07\/procissaodesaovicente_00024-552x350.jpg 552w\" sizes=\"auto, (max-width: 650px) 100vw, 650px\" \/><\/a><\/p>\n<p>Um fato que deu pra se notar nas \u00faltimas festas religiosas da cidade \u00e9 que, diferentemente dos outros anos de elei\u00e7\u00f5es, os pol\u00edticos pouco compareceram na cidade. Nas duas prociss\u00f5es o \u00fanico candidato a deputado a comparecer foi o deputado federal J\u00e2nio Natal que mais uma vez foi bem acolhido pela comunidade. Tamb\u00e9m se viu faltar algumas conhecidas personalidades pol\u00edticas locais. A Prefeita Alice Maria Britto esteve na prociss\u00e3o desde o come\u00e7o e mais uma vez foi acolhida pela popula\u00e7\u00e3o. A prefeita estava acompanhada de uma grande comitiva formada por secret\u00e1rios, vereadores e familiares. Do lado da oposi\u00e7\u00e3o estavam a vice-prefeita Carla Xavier e acompanhando o deputado J\u00e2nio Natal estava o vereador Turista e v\u00e1rios correligion\u00e1rios pol\u00edticos.<\/p>\n<p><a href=\"http:\/\/www.maisbn.com\/portal\/wp-content\/uploads\/2014\/07\/procissaodesaovicente_00075.jpg\"><img loading=\"lazy\" decoding=\"async\" class=\"aligncenter size-full wp-image-5594\" src=\"http:\/\/www.maisbn.com\/portal\/wp-content\/uploads\/2014\/07\/procissaodesaovicente_00075.jpg\" alt=\"procissaodesaovicente_00075\" width=\"650\" height=\"412\" srcset=\"https:\/\/www.maisbn.com\/portal\/wp-content\/uploads\/2014\/07\/procissaodesaovicente_00075.jpg 650w, https:\/\/www.maisbn.com\/portal\/wp-content\/uploads\/2014\/07\/procissaodesaovicente_00075-552x350.jpg 552w\" sizes=\"auto, (max-width: 650px) 100vw, 650px\" \/><\/a><\/p>\n<p>Uma grande multid\u00e3o acompanhou a prociss\u00e3o mostrando que a Igreja Cat\u00f3lica continua forte na cidade e que as tradi\u00e7\u00f5es religiosas continuam intoc\u00e1veis.<\/p>\n","protected":false},"excerpt":{"rendered":"<p>Mais uma tradi\u00e7\u00e3o cat\u00f3lica tomou conta das ruas belmontenses estamos falando da prociss\u00e3o de S\u00e3o Vicente que saiu pelas ruas da cidade no \u00faltimo dia 19\/07 e atraiu uma multid\u00e3o de fi\u00e9is. O cortejo em homenagem ao santo contou ainda com a participa\u00e7\u00e3o da imagem de Nossa Senhora do Carmo. A Prociss\u00e3o tem por tradi\u00e7\u00e3o [&hellip;]<\/p>\n","protected":false},"author":7,"featured_media":5590,"comment_status":"closed","ping_status":"open","sticky":false,"template":"","format":"standard","meta":{"footnotes":""},"categories":[1],"tags":[108,101,555],"class_list":["post-5589","post","type-post","status-publish","format-standard","has-post-thumbnail","hentry","category-noticias","tag-belmonte","tag-belmonte-bahia-2","tag-procissao-de-sao-vicente"],"_links":{"self":[{"href":"https:\/\/www.maisbn.com\/portal\/wp-json\/wp\/v2\/posts\/5589","targetHints":{"allow":["GET"]}}],"collection":[{"href":"https:\/\/www.maisbn.com\/portal\/wp-json\/wp\/v2\/posts"}],"about":[{"href":"https:\/\/www.maisbn.com\/portal\/wp-json\/wp\/v2\/types\/post"}],"author":[{"embeddable":true,"href":"https:\/\/www.maisbn.com\/portal\/wp-json\/wp\/v2\/users\/7"}],"replies":[{"embeddable":true,"href":"https:\/\/www.maisbn.com\/portal\/wp-json\/wp\/v2\/comments?post=5589"}],"version-history":[{"count":0,"href":"https:\/\/www.maisbn.com\/portal\/wp-json\/wp\/v2\/posts\/5589\/revisions"}],"wp:featuredmedia":[{"embeddable":true,"href":"https:\/\/www.maisbn.com\/portal\/wp-json\/wp\/v2\/media\/5590"}],"wp:attachment":[{"href":"https:\/\/www.maisbn.com\/portal\/wp-json\/wp\/v2\/media?parent=5589"}],"wp:term":[{"taxonomy":"category","embeddable":true,"href":"https:\/\/www.maisbn.com\/portal\/wp-json\/wp\/v2\/categories?post=5589"},{"taxonomy":"post_tag","embeddable":true,"href":"https:\/\/www.maisbn.com\/portal\/wp-json\/wp\/v2\/tags?post=5589"}],"curies":[{"name":"wp","href":"https:\/\/api.w.org\/{rel}","templated":true}]}}