{"id":5558,"date":"2014-07-17T15:47:36","date_gmt":"2014-07-17T18:47:36","guid":{"rendered":"http:\/\/www.maisbn.com\/portal\/?p=5558"},"modified":"2014-07-17T16:02:52","modified_gmt":"2014-07-17T19:02:52","slug":"confira-video-completo-do-acidente-com-o-cantor-do-trio-da-huanna-em-belmonte-ba","status":"publish","type":"post","link":"https:\/\/www.maisbn.com\/portal\/2014\/07\/confira-video-completo-do-acidente-com-o-cantor-do-trio-da-huanna-em-belmonte-ba\/","title":{"rendered":"Confira video completo do acidente com o cantor do Trio da Huanna em Belmonte-Ba."},"content":{"rendered":"<p><span style=\"color: #666666; font-family: 'Trebuchet MS', Arial, Helvetica, sans-serif; font-size: 14px; font-style: normal; font-variant: normal; font-weight: normal; letter-spacing: normal; line-height: normal; orphans: auto; text-align: start; text-indent: 0px; text-transform: none; white-space: normal; widows: auto; word-spacing: 0px; -webkit-text-stroke-width: 0px; display: inline !important; float: none; background-color: #ffffff;\">Um triste acidente acabou com a apresenta\u00e7\u00e3o da banda Trio da Huanna ontem (15\/07) na Festa do Carmo em Belmonte. A banda estava por volta da sua quinta m\u00fasica no repert\u00f3rio quando o vocalista Luizinho chamou algumas meninas para dan\u00e7ar o \u201cquadradinho de quatro\u201d. Informa\u00e7\u00f5es constam que o cantor tentou proteger uma das meninas que estava com a saia curta e estava sendo alvo de filmagens de pessoas que estavam pr\u00f3ximo ao palco. Neste momento o cantor escorregou e despencou de uma altura de tr\u00eas metros.<\/span><br \/>\n<iframe loading=\"lazy\" src=\"\/\/www.youtube.com\/embed\/U17zjk-bQR4\" width=\"636\" height=\"357\" frameborder=\"0\" allowfullscreen=\"allowfullscreen\"><\/iframe><\/p>\n<p style=\"margin: 10px 0px; padding: 0px; font-style: normal; font-variant: normal; font-weight: normal; font-size: 14px; line-height: normal; font-family: 'Trebuchet MS', Arial, Helvetica, sans-serif; color: #666666; letter-spacing: normal; orphans: auto; text-align: start; text-indent: 0px; text-transform: none; white-space: normal; widows: auto; word-spacing: 0px; -webkit-text-stroke-width: 0px;\">Luizinho foi atendido imediatamente por funcion\u00e1rios da Secretaria de Sa\u00fade que estavam de plant\u00e3o e foi levado para o Hospital de Belmonte e transferido para o Hospital Luis Eduardo Magalh\u00e3es em Porto Seguro. As informa\u00e7\u00f5es constam que o cantor passa bem e que teve apenas uma luxa\u00e7\u00e3o no ombro.<\/p>\n<p style=\"margin: 10px 0px; padding: 0px; font-style: normal; font-variant: normal; font-weight: normal; font-size: 14px; line-height: normal; font-family: 'Trebuchet MS', Arial, Helvetica, sans-serif; color: #666666; letter-spacing: normal; orphans: auto; text-align: start; text-indent: 0px; text-transform: none; white-space: normal; widows: auto; word-spacing: 0px; -webkit-text-stroke-width: 0px;\"><a href=\"http:\/\/www.maisbn.com\/portal\/wp-content\/uploads\/2014\/07\/3diaDocarmo2014_0176.jpg\"><img loading=\"lazy\" decoding=\"async\" class=\"size-full wp-image-5559 aligncenter\" src=\"http:\/\/www.maisbn.com\/portal\/wp-content\/uploads\/2014\/07\/3diaDocarmo2014_0176.jpg\" alt=\"3diaDocarmo2014_0176\" width=\"650\" height=\"412\" srcset=\"https:\/\/www.maisbn.com\/portal\/wp-content\/uploads\/2014\/07\/3diaDocarmo2014_0176.jpg 650w, https:\/\/www.maisbn.com\/portal\/wp-content\/uploads\/2014\/07\/3diaDocarmo2014_0176-552x350.jpg 552w\" sizes=\"auto, (max-width: 650px) 100vw, 650px\" \/><\/a><\/p>\n<p style=\"margin: 10px 0px; padding: 0px; font-style: normal; font-variant: normal; font-weight: normal; font-size: 14px; line-height: normal; font-family: 'Trebuchet MS', Arial, Helvetica, sans-serif; color: #666666; letter-spacing: normal; orphans: auto; text-align: start; text-indent: 0px; text-transform: none; white-space: normal; widows: auto; word-spacing: 0px; -webkit-text-stroke-width: 0px;\">Ainda ontem a Policia Militar debelou alguns focos de brigas durante a transi\u00e7\u00e3o para a segunda atra\u00e7\u00e3o. Segundo informa\u00e7\u00f5es da nossa equipe, as brigas foram ocasionadas pelas gangues dos bairros que tentaram se enfrentar mas foram reprimidas pelos policiais. N\u00e3o houve incidentes graves durante a noite.<\/p>\n","protected":false},"excerpt":{"rendered":"<p>Um triste acidente acabou com a apresenta\u00e7\u00e3o da banda Trio da Huanna ontem (15\/07) na Festa do Carmo em Belmonte. A banda estava por volta da sua quinta m\u00fasica no repert\u00f3rio quando o vocalista Luizinho chamou algumas meninas para dan\u00e7ar o \u201cquadradinho de quatro\u201d. Informa\u00e7\u00f5es constam que o cantor tentou proteger uma das meninas que [&hellip;]<\/p>\n","protected":false},"author":1,"featured_media":5559,"comment_status":"closed","ping_status":"open","sticky":false,"template":"","format":"standard","meta":{"footnotes":""},"categories":[198,1],"tags":[88,547,552],"class_list":["post-5558","post","type-post","status-publish","format-standard","has-post-thumbnail","hentry","category-acidente","category-noticias","tag-festa-do-carmo","tag-festa-do-carmo-2014","tag-trio-da-huanna"],"_links":{"self":[{"href":"https:\/\/www.maisbn.com\/portal\/wp-json\/wp\/v2\/posts\/5558","targetHints":{"allow":["GET"]}}],"collection":[{"href":"https:\/\/www.maisbn.com\/portal\/wp-json\/wp\/v2\/posts"}],"about":[{"href":"https:\/\/www.maisbn.com\/portal\/wp-json\/wp\/v2\/types\/post"}],"author":[{"embeddable":true,"href":"https:\/\/www.maisbn.com\/portal\/wp-json\/wp\/v2\/users\/1"}],"replies":[{"embeddable":true,"href":"https:\/\/www.maisbn.com\/portal\/wp-json\/wp\/v2\/comments?post=5558"}],"version-history":[{"count":0,"href":"https:\/\/www.maisbn.com\/portal\/wp-json\/wp\/v2\/posts\/5558\/revisions"}],"wp:featuredmedia":[{"embeddable":true,"href":"https:\/\/www.maisbn.com\/portal\/wp-json\/wp\/v2\/media\/5559"}],"wp:attachment":[{"href":"https:\/\/www.maisbn.com\/portal\/wp-json\/wp\/v2\/media?parent=5558"}],"wp:term":[{"taxonomy":"category","embeddable":true,"href":"https:\/\/www.maisbn.com\/portal\/wp-json\/wp\/v2\/categories?post=5558"},{"taxonomy":"post_tag","embeddable":true,"href":"https:\/\/www.maisbn.com\/portal\/wp-json\/wp\/v2\/tags?post=5558"}],"curies":[{"name":"wp","href":"https:\/\/api.w.org\/{rel}","templated":true}]}}