{"id":5503,"date":"2014-07-14T17:36:13","date_gmt":"2014-07-14T20:36:13","guid":{"rendered":"http:\/\/www.maisbn.com\/portal\/?p=5503"},"modified":"2014-07-14T17:42:02","modified_gmt":"2014-07-14T20:42:02","slug":"onda-de-furtos-a-residencia-marca-o-domingo-belmontense","status":"publish","type":"post","link":"https:\/\/www.maisbn.com\/portal\/2014\/07\/onda-de-furtos-a-residencia-marca-o-domingo-belmontense\/","title":{"rendered":"Onda de furtos a resid\u00eancia marca o domingo belmontense."},"content":{"rendered":"<div id=\"attachment_5508\" style=\"width: 388px\" class=\"wp-caption alignleft\"><a href=\"http:\/\/www.maisbn.com\/portal\/wp-content\/uploads\/2014\/07\/roubo01.jpg\"><img loading=\"lazy\" decoding=\"async\" aria-describedby=\"caption-attachment-5508\" class=\"wp-image-5508 \" src=\"http:\/\/www.maisbn.com\/portal\/wp-content\/uploads\/2014\/07\/roubo01-462x350.jpg\" alt=\".\" width=\"378\" height=\"286\" srcset=\"https:\/\/www.maisbn.com\/portal\/wp-content\/uploads\/2014\/07\/roubo01-462x350.jpg 462w, https:\/\/www.maisbn.com\/portal\/wp-content\/uploads\/2014\/07\/roubo01.jpg 612w\" sizes=\"auto, (max-width: 378px) 100vw, 378px\" \/><\/a><p id=\"caption-attachment-5508\" class=\"wp-caption-text\">Reinan de Oliveira Figueredo, conhecido como Grande. Acusado de duas tentativas de furto.<\/p><\/div>\n<p>Neste domingo (13\/07) Belmonte sofreu um exponencial aumento nos \u00edndices de arrombamentos e furtos a resid\u00eancias. Foram v\u00e1rias ocorr\u00eancias atendidas pela Policia Militar. A primeira aconteceu por volta das 13:00 Hrs. quando a Policia Militar surpreendeu um indiv\u00edduo correndo pela Rua J. J Seabra sendo perseguido por outra pessoa. Os Policiais pararam a viatura e constataram que\u00a0 o indiv\u00edduo perseguido se tratava de Reinan de Oliveira Figueredo, conhecido como Grande. Grande j\u00e1 era conhecido pela Policia Militar por outros delitos de furtos cometidos e j\u00e1 chegou at\u00e9 a efetuar disparos de arma de fogo contra a Policiais Militares.<\/p>\n<p>A v\u00edtima, que estava perseguindo Grande, acusou o mesmo de ter entrado em sua casa e furtado uma chuteira e uma bolsa. O acusado ainda tentou fugir pulando do o muro da Secretaria de A\u00e7\u00e3o Social mas foi capturado nos fundos do pr\u00e9dio com os itens furtados. Infelizmente os Policiais Militares tiveram que entrega-lo na casa de seus familiares porque n\u00e3o tinha plant\u00e3o na Delegacia de Belmonte para receber o preso.<\/p>\n<p>Por volta das 15:00Hrs os policiais foram acionados para atender mais uma ocorr\u00eancia. Dessa vez a tentativa de furto foi na Creche Tia Ildelita. Chegando no local os policiais militares constataram que\u00a0 o acusado, que j\u00e1 tinha sido preso pelos populares, era o mesmo da ocorr\u00eancia anterior. A guarni\u00e7\u00e3o ent\u00e3o deu voz de pris\u00e3o ao indiv\u00edduo e o conduziu para a Delegacia do Porto Seguro.<\/p>\n<p>Durante a aus\u00eancia da viatura o policiamento local foi informado que um desconhecido invadiu pelos fundos a sede do Abrigo S\u00e3o Vicente e ainda se encontrava no local e ainda\u00a0 outra ocorr\u00eancia de vias de fato. Ambos n\u00e3o foram atendidos porque os policiais no momento se encontrava em Porto Seguro.<\/p>\n<div id=\"attachment_5506\" style=\"width: 447px\" class=\"wp-caption alignright\"><a href=\"http:\/\/www.maisbn.com\/portal\/wp-content\/uploads\/2014\/07\/roubo03.jpg\"><img loading=\"lazy\" decoding=\"async\" aria-describedby=\"caption-attachment-5506\" class=\"wp-image-5506 \" src=\"http:\/\/www.maisbn.com\/portal\/wp-content\/uploads\/2014\/07\/roubo03-525x350.jpg\" alt=\"roubo03\" width=\"437\" height=\"291\" srcset=\"https:\/\/www.maisbn.com\/portal\/wp-content\/uploads\/2014\/07\/roubo03-525x350.jpg 525w, https:\/\/www.maisbn.com\/portal\/wp-content\/uploads\/2014\/07\/roubo03.jpg 640w\" sizes=\"auto, (max-width: 437px) 100vw, 437px\" \/><\/a><p id=\"caption-attachment-5506\" class=\"wp-caption-text\">Janela da lateral da sede da Secretaria de A\u00e7\u00e3o Social violada.<\/p><\/div>\n<p>Por volta das 22:00Hrs a Policia Militar foi acionada para mais um caso de furto. Dessa vez a ocorr\u00eancia aconteceu na sede da Secretaria Municipal de A\u00e7\u00e3o Social. O fato foi constatado pelo vigilante que assumiu o servi\u00e7o \u00e0s 22:00Hrs. O mesmo informou que quando chegou constatou que a porta dos fundos do pr\u00e9dio estava aberta e que adentrou e encontrou diversos papeis revirados. Os ladr\u00f5es quebraram o vidro de uma das janelas laterais, entraram e abriram a porta dos fundos. O vigilante identificou o furto de um projetor, de um par de caixas de som de computador, de itens aliment\u00edcios que estavam na dispensa e a tentativa de furto de um buj\u00e3o de g\u00e1s que foi encontrado pr\u00f3ximo ao port\u00e3o dos fundos do pr\u00e9dio, ainda foram roubados v\u00e1rios documentos da Secretaria.<\/p>\n<p>Por volta das 04:00Hrs da madrugada desta segunda-feira\u00a0 mais uma ocorr\u00eancia de tentativa de furto foi atendida por policiais militares na rua da Rodovi\u00e1ria. Onde um indiv\u00edduo conhecido identificado pelo nome de Bismarc foi interceptado pelos policiais quando fugia do local do fato perseguido pela v\u00edtima depois de tentar roubar um buj\u00e3o de g\u00e1s. Mas foi liberado no local ap\u00f3s entrar em acordo com a v\u00edtima.<\/p>\n<div id=\"attachment_5509\" style=\"width: 434px\" class=\"wp-caption aligncenter\"><a href=\"http:\/\/www.maisbn.com\/portal\/wp-content\/uploads\/2014\/07\/roubo02.jpg\"><img loading=\"lazy\" decoding=\"async\" aria-describedby=\"caption-attachment-5509\" class=\"wp-image-5509 \" src=\"http:\/\/www.maisbn.com\/portal\/wp-content\/uploads\/2014\/07\/roubo02-465x350.jpg\" alt=\"roubo02\" width=\"424\" height=\"319\" srcset=\"https:\/\/www.maisbn.com\/portal\/wp-content\/uploads\/2014\/07\/roubo02-465x350.jpg 465w, https:\/\/www.maisbn.com\/portal\/wp-content\/uploads\/2014\/07\/roubo02.jpg 612w\" sizes=\"auto, (max-width: 424px) 100vw, 424px\" \/><\/a><p id=\"caption-attachment-5509\" class=\"wp-caption-text\">Bismarc. Natural de Ipia\u00fa Acusado de tentativa de furto.<\/p><\/div>\n<p>Os camel\u00f4s que est\u00e3o trabalhando na festa ainda informaram a nossa equipe que bandidos est\u00e3o invadindo as barracas de madrugada e levando mercadorias. Segundo os mesmos, os ladr\u00f5es j\u00e1 invadiram duas barracas e levaram os produtos.<\/p>\n<p>O policiamento segue refor\u00e7ado na cidade para tentar inibir a a\u00e7\u00e3o dos ladr\u00f5es.<\/p>\n<p>&nbsp;<\/p>\n<p>&nbsp;<\/p>\n","protected":false},"excerpt":{"rendered":"<p>Neste domingo (13\/07) Belmonte sofreu um exponencial aumento nos \u00edndices de arrombamentos e furtos a resid\u00eancias. Foram v\u00e1rias ocorr\u00eancias atendidas pela Policia Militar. A primeira aconteceu por volta das 13:00 Hrs. quando a Policia Militar surpreendeu um indiv\u00edduo correndo pela Rua J. J Seabra sendo perseguido por outra pessoa. Os Policiais pararam a viatura e [&hellip;]<\/p>\n","protected":false},"author":7,"featured_media":0,"comment_status":"closed","ping_status":"open","sticky":false,"template":"","format":"standard","meta":{"footnotes":""},"categories":[1,16],"tags":[108,101],"class_list":["post-5503","post","type-post","status-publish","format-standard","hentry","category-noticias","category-policial","tag-belmonte","tag-belmonte-bahia-2"],"_links":{"self":[{"href":"https:\/\/www.maisbn.com\/portal\/wp-json\/wp\/v2\/posts\/5503","targetHints":{"allow":["GET"]}}],"collection":[{"href":"https:\/\/www.maisbn.com\/portal\/wp-json\/wp\/v2\/posts"}],"about":[{"href":"https:\/\/www.maisbn.com\/portal\/wp-json\/wp\/v2\/types\/post"}],"author":[{"embeddable":true,"href":"https:\/\/www.maisbn.com\/portal\/wp-json\/wp\/v2\/users\/7"}],"replies":[{"embeddable":true,"href":"https:\/\/www.maisbn.com\/portal\/wp-json\/wp\/v2\/comments?post=5503"}],"version-history":[{"count":0,"href":"https:\/\/www.maisbn.com\/portal\/wp-json\/wp\/v2\/posts\/5503\/revisions"}],"wp:attachment":[{"href":"https:\/\/www.maisbn.com\/portal\/wp-json\/wp\/v2\/media?parent=5503"}],"wp:term":[{"taxonomy":"category","embeddable":true,"href":"https:\/\/www.maisbn.com\/portal\/wp-json\/wp\/v2\/categories?post=5503"},{"taxonomy":"post_tag","embeddable":true,"href":"https:\/\/www.maisbn.com\/portal\/wp-json\/wp\/v2\/tags?post=5503"}],"curies":[{"name":"wp","href":"https:\/\/api.w.org\/{rel}","templated":true}]}}