{"id":5500,"date":"2014-07-13T01:42:15","date_gmt":"2014-07-13T04:42:15","guid":{"rendered":"http:\/\/www.maisbn.com\/portal\/?p=5500"},"modified":"2014-07-13T01:42:15","modified_gmt":"2014-07-13T04:42:15","slug":"belmonte-recebe-visita-da-acao-carreta-da-saude-contra-a-hanseniase-2","status":"publish","type":"post","link":"https:\/\/www.maisbn.com\/portal\/2014\/07\/belmonte-recebe-visita-da-acao-carreta-da-saude-contra-a-hanseniase-2\/","title":{"rendered":"Belmonte recebe visita da A\u00e7\u00e3o Carreta da Sa\u00fade contra a Hansen\u00edase."},"content":{"rendered":"<p><a href=\"http:\/\/www.maisbn.com\/portal\/wp-content\/uploads\/2014\/07\/feiradasaude_00028.jpg\"><img loading=\"lazy\" decoding=\"async\" class=\"aligncenter size-medium wp-image-5488\" src=\"http:\/\/www.maisbn.com\/portal\/wp-content\/uploads\/2014\/07\/feiradasaude_00028-552x350.jpg\" alt=\"feiradasaude_00028\" width=\"552\" height=\"350\" srcset=\"https:\/\/www.maisbn.com\/portal\/wp-content\/uploads\/2014\/07\/feiradasaude_00028-552x350.jpg 552w, https:\/\/www.maisbn.com\/portal\/wp-content\/uploads\/2014\/07\/feiradasaude_00028.jpg 650w\" sizes=\"auto, (max-width: 552px) 100vw, 552px\" \/><\/a><\/p>\n<p><a href=\"http:\/\/www.maisbn.com\/portal\/wp-content\/uploads\/2014\/07\/feiradasaude_00012.jpg\"><img loading=\"lazy\" decoding=\"async\" class=\"alignleft wp-image-5489\" src=\"http:\/\/www.maisbn.com\/portal\/wp-content\/uploads\/2014\/07\/feiradasaude_00012-552x350.jpg\" alt=\"feiradasaude_00012\" width=\"332\" height=\"211\" srcset=\"https:\/\/www.maisbn.com\/portal\/wp-content\/uploads\/2014\/07\/feiradasaude_00012-552x350.jpg 552w, https:\/\/www.maisbn.com\/portal\/wp-content\/uploads\/2014\/07\/feiradasaude_00012.jpg 650w\" sizes=\"auto, (max-width: 332px) 100vw, 332px\" \/><\/a>Na manh\u00e3 deste s\u00e1bado (12\/07) aconteceu em Belmonte a Feira da Sa\u00fade que contou com a participa\u00e7\u00e3o da A\u00e7\u00e3o Carreta da Sa\u00fade. O projeto da empresa de medicamentos Novartis, que teve o apoio da Prefeitura de Belmonte atrav\u00e9s da Secretaria Municipal da Sa\u00fade, contou com uma carreta intinerante que vem passando por v\u00e1rios municipios e est\u00e1\u00a0 equipada com cinco consult\u00f3rios e um laborat\u00f3rio para o diagn\u00f3stico da Hanseniase.<\/p>\n<p>O centro de sa\u00fade m\u00f3vel j\u00e1 passou por v\u00e1rias cidades\u00a0 do pa\u00eds, j\u00e1 atendeu mais de 17.000 pessoas em 18 estados e j\u00e1 diagnosticou mais de 1.900 casos de hanseniase em todo o Brasil. Durante as visitas, exames m\u00e9dicos gratuitos s\u00e3o prestados e as comunidades s\u00e3o educadas sobre m\u00e9todos de preven\u00e7\u00e3o e controle e da import\u00e2ncia da obedi\u00eancia rigorosa das instru\u00e7\u00f5es de tratamento. As pessoas diagnosticadas com a doen\u00e7a recebem um tratamento completo, bem como as prescri\u00e7\u00f5es m\u00e9dicas para receber os medicamentos durante os meses seguintes.<\/p>\n<p>Este projeto \u00e9 desenvolvido em um esfor\u00e7o conjunto com o Movimento de Reintegra\u00e7\u00e3o das Pessoas Atingidas pela Hansen\u00edase (MORHAN) e do Conselho Nacional de Secretarias de Sa\u00fade.<\/p>\n<p><a href=\"http:\/\/www.maisbn.com\/portal\/wp-content\/uploads\/2014\/07\/feiradasaude_00021.jpg\"><img loading=\"lazy\" decoding=\"async\" class=\"aligncenter size-medium wp-image-5490\" src=\"http:\/\/www.maisbn.com\/portal\/wp-content\/uploads\/2014\/07\/feiradasaude_00021-552x350.jpg\" alt=\"feiradasaude_00021\" width=\"552\" height=\"350\" srcset=\"https:\/\/www.maisbn.com\/portal\/wp-content\/uploads\/2014\/07\/feiradasaude_00021-552x350.jpg 552w, https:\/\/www.maisbn.com\/portal\/wp-content\/uploads\/2014\/07\/feiradasaude_00021.jpg 650w\" sizes=\"auto, (max-width: 552px) 100vw, 552px\" \/><\/a><\/p>\n<p><a href=\"http:\/\/www.maisbn.com\/portal\/wp-content\/uploads\/2014\/07\/feiradasaude_00007.jpg\"><img loading=\"lazy\" decoding=\"async\" class=\"alignright  wp-image-5492\" src=\"http:\/\/www.maisbn.com\/portal\/wp-content\/uploads\/2014\/07\/feiradasaude_00007-552x350.jpg\" alt=\"feiradasaude_00007\" width=\"319\" height=\"202\" srcset=\"https:\/\/www.maisbn.com\/portal\/wp-content\/uploads\/2014\/07\/feiradasaude_00007-552x350.jpg 552w, https:\/\/www.maisbn.com\/portal\/wp-content\/uploads\/2014\/07\/feiradasaude_00007.jpg 650w\" sizes=\"auto, (max-width: 319px) 100vw, 319px\" \/><\/a>O p\u00fablico ainda contou com atendimentos de dentistas, aplica\u00e7\u00f5es de v\u00e1rios tipos de vacinas, exames de HIV, Sifiles e diabetes com acompanhamento de m\u00e9dicos, enfermeiros e t\u00e9cnicos de enfermagem, al\u00e9m da participa\u00e7\u00e3o da vigil\u00e2ncia epidemiol\u00f3gica, do NASF (N\u00facleo de Apoio \u00e0 Sa\u00fade Familiar).<\/p>\n<p>Com certeza a A\u00e7\u00e3o Carreta da Sa\u00fade foi de extrema importancia para o munic\u00edpio porque Belmonte, mas precisamente Barrol\u00e2ndia, chamou a aten\u00e7\u00e3o de todo o Brasil devido ao grande n\u00famero de casos de Hanseniase que aconteceram no distrito e ainda hoje os focos da doen\u00e7a ainda n\u00e3o foram totalmente debelados.<\/p>\n<p><a href=\"http:\/\/www.maisbn.com\/portal\/wp-content\/uploads\/2014\/07\/feiradasaude_00024.jpg\"><img loading=\"lazy\" decoding=\"async\" class=\"aligncenter size-medium wp-image-5493\" src=\"http:\/\/www.maisbn.com\/portal\/wp-content\/uploads\/2014\/07\/feiradasaude_00024-552x350.jpg\" alt=\"feiradasaude_00024\" width=\"552\" height=\"350\" srcset=\"https:\/\/www.maisbn.com\/portal\/wp-content\/uploads\/2014\/07\/feiradasaude_00024-552x350.jpg 552w, https:\/\/www.maisbn.com\/portal\/wp-content\/uploads\/2014\/07\/feiradasaude_00024.jpg 650w\" sizes=\"auto, (max-width: 552px) 100vw, 552px\" \/><\/a><\/p>\n<p>A Prefeita Alice Maria Britto visitou os trabalhos e gostou do andamento das a\u00e7\u00f5es. Alice comentou com nossa equipe que o projeto teve uma boa aceita\u00e7\u00e3o no municipio e isso revela que as pessoas est\u00e3o buscando se cuidar mais. &#8220;A sa\u00fade da popula\u00e7\u00e3o \u00e9 muito importante para qualquer administra\u00e7\u00e3o e estamos com v\u00e1rias a\u00e7\u00f5es nesse sentido. J\u00e1 conseguimos v\u00e1rias conquistas como a reforma e os plant\u00f5es m\u00e9dicos do Hospital Isabel Souto em Barrol\u00e2ndia, a\u00a0 Unidade B\u00e1sica de Sa\u00fade Jos\u00e9 Taurino (Jos\u00e9 Serrador) na Biela, estamos construindo um posto de sa\u00fade no bairro do S\u00e3o Benedito, al\u00e9m de a\u00e7\u00f5es internas para melhorarmos e agilizarmos ainda mais os atendimentos na \u00e1rea da sa\u00fade.&#8221; &#8211; Comentou a Prefeita Alice Maria Britto.<\/p>\n<p>V\u00e1rias pessoas receberam atendimentos durante todo o dia e no final da tarde a carreta partiu para o distrito de Barrol\u00e2ndia.<\/p>\n","protected":false},"excerpt":{"rendered":"<p>Na manh\u00e3 deste s\u00e1bado (12\/07) aconteceu em Belmonte a Feira da Sa\u00fade que contou com a participa\u00e7\u00e3o da A\u00e7\u00e3o Carreta da Sa\u00fade. O projeto da empresa de medicamentos Novartis, que teve o apoio da Prefeitura de Belmonte atrav\u00e9s da Secretaria Municipal da Sa\u00fade, contou com uma carreta intinerante que vem passando por v\u00e1rios municipios e [&hellip;]<\/p>\n","protected":false},"author":7,"featured_media":0,"comment_status":"closed","ping_status":"open","sticky":false,"template":"","format":"standard","meta":{"footnotes":""},"categories":[1,28],"tags":[108,172,501],"class_list":["post-5500","post","type-post","status-publish","format-standard","hentry","category-noticias","category-saude-noticias","tag-belmonte","tag-hanseniase","tag-prefeita-alice-maria-britto"],"_links":{"self":[{"href":"https:\/\/www.maisbn.com\/portal\/wp-json\/wp\/v2\/posts\/5500","targetHints":{"allow":["GET"]}}],"collection":[{"href":"https:\/\/www.maisbn.com\/portal\/wp-json\/wp\/v2\/posts"}],"about":[{"href":"https:\/\/www.maisbn.com\/portal\/wp-json\/wp\/v2\/types\/post"}],"author":[{"embeddable":true,"href":"https:\/\/www.maisbn.com\/portal\/wp-json\/wp\/v2\/users\/7"}],"replies":[{"embeddable":true,"href":"https:\/\/www.maisbn.com\/portal\/wp-json\/wp\/v2\/comments?post=5500"}],"version-history":[{"count":0,"href":"https:\/\/www.maisbn.com\/portal\/wp-json\/wp\/v2\/posts\/5500\/revisions"}],"wp:attachment":[{"href":"https:\/\/www.maisbn.com\/portal\/wp-json\/wp\/v2\/media?parent=5500"}],"wp:term":[{"taxonomy":"category","embeddable":true,"href":"https:\/\/www.maisbn.com\/portal\/wp-json\/wp\/v2\/categories?post=5500"},{"taxonomy":"post_tag","embeddable":true,"href":"https:\/\/www.maisbn.com\/portal\/wp-json\/wp\/v2\/tags?post=5500"}],"curies":[{"name":"wp","href":"https:\/\/api.w.org\/{rel}","templated":true}]}}