{"id":5477,"date":"2014-07-12T08:59:09","date_gmt":"2014-07-12T11:59:09","guid":{"rendered":"http:\/\/www.maisbn.com\/portal\/?p=5477"},"modified":"2014-07-12T09:01:53","modified_gmt":"2014-07-12T12:01:53","slug":"deputado-janio-natal-prestigia-noite-da-familia-andrade-no-novenario-de-nossa-senhora-do-carmo","status":"publish","type":"post","link":"https:\/\/www.maisbn.com\/portal\/2014\/07\/deputado-janio-natal-prestigia-noite-da-familia-andrade-no-novenario-de-nossa-senhora-do-carmo\/","title":{"rendered":"Deputado J\u00e2nio Natal prestigia noite da Familia Andrade no Noven\u00e1rio de Nossa Senhora do Carmo."},"content":{"rendered":"<p><a href=\"http:\/\/www.maisbn.com\/portal\/wp-content\/uploads\/2014\/07\/janionatao01.jpg\"><img loading=\"lazy\" decoding=\"async\" class=\"aligncenter size-medium wp-image-5478\" src=\"http:\/\/www.maisbn.com\/portal\/wp-content\/uploads\/2014\/07\/janionatao01-552x350.jpg\" alt=\"janionatao01\" width=\"552\" height=\"350\" srcset=\"https:\/\/www.maisbn.com\/portal\/wp-content\/uploads\/2014\/07\/janionatao01-552x350.jpg 552w, https:\/\/www.maisbn.com\/portal\/wp-content\/uploads\/2014\/07\/janionatao01.jpg 650w\" sizes=\"auto, (max-width: 552px) 100vw, 552px\" \/><\/a><\/p>\n<p><a href=\"http:\/\/www.maisbn.com\/portal\/wp-content\/uploads\/2014\/07\/janionatao02.jpg\"><img loading=\"lazy\" decoding=\"async\" class=\"alignleft  wp-image-5479\" src=\"http:\/\/www.maisbn.com\/portal\/wp-content\/uploads\/2014\/07\/janionatao02-552x350.jpg\" alt=\"janionatao02\" width=\"309\" height=\"233\" \/><\/a>Na noite desta quarta-feira (10\/07) o noven\u00e1rio de Nossa Senhora do Carmo recebeu uma personalidade belmontense de grande importancia na pol\u00edtica baiana. Estamos falando do Deputado Federal J\u00e2nio Natal que veio \u00e0 Belmonte para prestigiar a noite da Fam\u00edlia Andrade.<\/p>\n<p>A Fam\u00edlia Andrade \u00e9 tradicional no munic\u00edpio e noiteira antiga\u00a0 do noven\u00e1rio e tem no deputado o seu ente mais importante. A Igreja da Matriz ficou totalmente lotada pela tradic\u00e3o da novena e de diversos admiradores que vieram cumprimentar o pol\u00edtico.<\/p>\n<p><a href=\"http:\/\/www.maisbn.com\/portal\/wp-content\/uploads\/2014\/07\/janionatal03.jpg\"><img loading=\"lazy\" decoding=\"async\" class=\"aligncenter size-medium wp-image-5480\" src=\"http:\/\/www.maisbn.com\/portal\/wp-content\/uploads\/2014\/07\/janionatal03-552x350.jpg\" alt=\"janionatal03\" width=\"552\" height=\"350\" srcset=\"https:\/\/www.maisbn.com\/portal\/wp-content\/uploads\/2014\/07\/janionatal03-552x350.jpg 552w, https:\/\/www.maisbn.com\/portal\/wp-content\/uploads\/2014\/07\/janionatal03.jpg 650w\" sizes=\"auto, (max-width: 552px) 100vw, 552px\" \/><\/a><\/p>\n<p><a href=\"http:\/\/www.maisbn.com\/portal\/wp-content\/uploads\/2014\/07\/janionatal04.jpg\"><img loading=\"lazy\" decoding=\"async\" class=\"alignright  wp-image-5481\" src=\"http:\/\/www.maisbn.com\/portal\/wp-content\/uploads\/2014\/07\/janionatal04-552x350.jpg\" alt=\"janionatal04\" width=\"325\" height=\"206\" srcset=\"https:\/\/www.maisbn.com\/portal\/wp-content\/uploads\/2014\/07\/janionatal04-552x350.jpg 552w, https:\/\/www.maisbn.com\/portal\/wp-content\/uploads\/2014\/07\/janionatal04.jpg 650w\" sizes=\"auto, (max-width: 325px) 100vw, 325px\" \/><\/a>O celebrante e pregador da noite foi o Padre L\u00facio de Eun\u00e1polis que se mostrou feliz em ser convidado para presidir a novena e a Santa Missa. Frei Francisco <span class=\"st\">Bezerra da Silva Filho<\/span>, p\u00e1roco local, agradeceu a seus paroquianos e noiteiros pela presen\u00e7a aquela aben\u00e7oada noite.<\/p>\n<p>Os noiteiros foram os seguintes: Darcles Oliveira e Dolardy Paternostro, que tiveram como convidado o Deputado Federal J\u00e2nio Natal. Por fim houve distribui\u00e7\u00e3o de presentes para os fi\u00e9is presente na 4.\u00aa noite do noven\u00e1rio de Nossa Senhora do Carmo.<\/p>\n<p><a href=\"http:\/\/www.maisbn.com\/portal\/wp-content\/uploads\/2014\/07\/janionatal05.jpg\"><img loading=\"lazy\" decoding=\"async\" class=\"aligncenter size-medium wp-image-5482\" src=\"http:\/\/www.maisbn.com\/portal\/wp-content\/uploads\/2014\/07\/janionatal05-552x350.jpg\" alt=\"janionatal05\" width=\"552\" height=\"350\" srcset=\"https:\/\/www.maisbn.com\/portal\/wp-content\/uploads\/2014\/07\/janionatal05-552x350.jpg 552w, https:\/\/www.maisbn.com\/portal\/wp-content\/uploads\/2014\/07\/janionatal05.jpg 650w\" sizes=\"auto, (max-width: 552px) 100vw, 552px\" \/><\/a><\/p>\n<p>O Deputado J\u00e2nio Natal e seu irm\u00e3o Janival Andrade cumprimentaram a todos no final da missa e J\u00e2nio evitou tocar no assunto pol\u00edtico com nossa equipe, mas se mostrou feliz com o carinho dos belmontenses.<\/p>\n<p>Depois toda a fam\u00edlia Andrade foram para a porta da igreja para apreciar o grande show musical proporcionado pela Filarm\u00f4nica XV de Setembro.<\/p>\n","protected":false},"excerpt":{"rendered":"<p>Na noite desta quarta-feira (10\/07) o noven\u00e1rio de Nossa Senhora do Carmo recebeu uma personalidade belmontense de grande importancia na pol\u00edtica baiana. Estamos falando do Deputado Federal J\u00e2nio Natal que veio \u00e0 Belmonte para prestigiar a noite da Fam\u00edlia Andrade. A Fam\u00edlia Andrade \u00e9 tradicional no munic\u00edpio e noiteira antiga\u00a0 do noven\u00e1rio e tem no [&hellip;]<\/p>\n","protected":false},"author":7,"featured_media":0,"comment_status":"closed","ping_status":"open","sticky":false,"template":"","format":"standard","meta":{"footnotes":""},"categories":[1,7],"tags":[108,101,351,550],"class_list":["post-5477","post","type-post","status-publish","format-standard","hentry","category-noticias","category-politica","tag-belmonte","tag-belmonte-bahia-2","tag-deputado-janio-natal","tag-novena-nossa-senhora-do-carmo"],"_links":{"self":[{"href":"https:\/\/www.maisbn.com\/portal\/wp-json\/wp\/v2\/posts\/5477","targetHints":{"allow":["GET"]}}],"collection":[{"href":"https:\/\/www.maisbn.com\/portal\/wp-json\/wp\/v2\/posts"}],"about":[{"href":"https:\/\/www.maisbn.com\/portal\/wp-json\/wp\/v2\/types\/post"}],"author":[{"embeddable":true,"href":"https:\/\/www.maisbn.com\/portal\/wp-json\/wp\/v2\/users\/7"}],"replies":[{"embeddable":true,"href":"https:\/\/www.maisbn.com\/portal\/wp-json\/wp\/v2\/comments?post=5477"}],"version-history":[{"count":0,"href":"https:\/\/www.maisbn.com\/portal\/wp-json\/wp\/v2\/posts\/5477\/revisions"}],"wp:attachment":[{"href":"https:\/\/www.maisbn.com\/portal\/wp-json\/wp\/v2\/media?parent=5477"}],"wp:term":[{"taxonomy":"category","embeddable":true,"href":"https:\/\/www.maisbn.com\/portal\/wp-json\/wp\/v2\/categories?post=5477"},{"taxonomy":"post_tag","embeddable":true,"href":"https:\/\/www.maisbn.com\/portal\/wp-json\/wp\/v2\/tags?post=5477"}],"curies":[{"name":"wp","href":"https:\/\/api.w.org\/{rel}","templated":true}]}}